{"id":55832,"date":"2025-04-30T14:07:50","date_gmt":"2025-04-30T14:07:50","guid":{"rendered":"https:\/\/dekkbi.com\/?p=55832"},"modified":"2025-04-30T14:09:06","modified_gmt":"2025-04-30T14:09:06","slug":"burkina-manifestation-en-soutien-a-la-junte-qui-vient-de-denoncer-une-tentative-de-coup-detat","status":"publish","type":"post","link":"https:\/\/dekkbi.com\/?p=55832","title":{"rendered":"Burkina: manifestation en soutien \u00e0 la junte qui vient de d\u00e9noncer une tentative de coup d&rsquo;Etat"},"content":{"rendered":"\n<p>AFP \u00a9 2025 AFP &#8211; Plusieurs milliers de personnes se sont rassembl\u00e9s mercredi \u00e0 Ouagadougou en soutien \u00e0 la junte au pouvoir au Burkina Faso, quelques jours apr\u00e8s la d\u00e9nonciation par les autorit\u00e9s militaires d&rsquo;un \u00ab\u00a0grand complot\u00a0\u00bb en vue d&rsquo;une tentative de coup d&rsquo;\u00c9tat.<\/p>\n\n\n\n<p>Les manifestants ont brandi des pancartes sur lesquelles on pouvait lire: \u00ab\u00a0Soutien total au pr\u00e9sident Ibrahim Traor\u00e9 et au peuple du Burkina Faso\u00a0\u00bb, \u00ab\u00a0\u00c0 bas l\u2019imp\u00e9rialisme et ses valets locaux\u00a0\u00bb, \u00ab\u00a0Vive la r\u00e9sistance anti-imp\u00e9rialiste\u00a0\u00bb ou encore \u00ab\u00a0Non aux man\u0153uvres des puissances imp\u00e9rialistes pour saper notre r\u00e9volution\u00a0\u00bb.<\/p>\n\n\n\n<p>Ils se sont r\u00e9unis sur la place de la Nation, dans le centre de Ouagadougou, \u00e0 l&rsquo;appel de la Coordination nationale des associations de veille citoyenne (CNAVC, pro-r\u00e9gime).<\/p>\n\n\n\n<p>Des posters g\u00e9ants du capitaine Ibrahim Traor\u00e9, arriv\u00e9 au pouvoir par un coup d&rsquo;Etat en septembre 2022, \u00e9taient port\u00e9s par les manifestants \u00e0 c\u00f4t\u00e9 de drapeaux burkinab\u00e8, russes et de l&rsquo;Alliance des Etats du Sahel (AES), une organisation cr\u00e9\u00e9e avec le Mali et le Niger, deux pays voisins \u00e9galement dirig\u00e9s par des r\u00e9gimes militaires et qui font de leur souverainet\u00e9 nationale une priorit\u00e9.<\/p>\n\n\n\n<p>Ces trois pays, confront\u00e9s \u00e0 des attaques r\u00e9currentes de groupes jihadistes li\u00e9s \u00e0 Al-Qaida ou au groupe \u00c9tat islamique depuis une d\u00e9cennie, ont tourn\u00e9 le dos \u00e0 l\u2019ex-puissance coloniale fran\u00e7aise pour se rapprocher de la Russie.<\/p>\n\n\n\n<p>\u00ab\u00a0En ce 30 avril 2025, journ\u00e9e mondiale de soutien au Burkina Faso et \u00e0 son leader, le pr\u00e9sident Ibrahim Traor\u00e9, nous, peuples \u00e9pris de justice et de souverainet\u00e9, affirmons notre solidarit\u00e9 ind\u00e9fectible avec la lutte h\u00e9ro\u00efque du peuple burkinab\u00e8 pour son \u00e9mancipation\u00a0\u00bb, a d\u00e9clar\u00e9 l&rsquo;un des porte-parole de la CNAVC.<\/p>\n\n\n\n<figure class=\"wp-block-image\"><img decoding=\"async\" src=\"https:\/\/information.tv5monde.com\/sites\/tv5-info\/files\/styles\/entete\/public\/2025-04\/field_media_image-2920669-5fedbe79054d8f0ab698ae5ebc9d02f5e14f695d.jpg?itok=QbwF2BRz\" alt=\"Des partisans du capitaine Ibrahim Traor\u00e9 lors d'un rassemblement de soutien \u00e0 la junte au pouvoir, place de la Nation \u00e0 Ouagadougou, le 30 avril 2025 au Burkina Faso\" title=\"Des partisans du capitaine Ibrahim Traor\u00e9 lors d'un rassemblement de soutien \u00e0 la junte au pouvoir, place de la Nation \u00e0 Ouagadougou, le 30 avril 2025 au Burkina Faso\"\/><\/figure>\n\n\n\n<p>Des partisans du capitaine Ibrahim Traor\u00e9 lors d&rsquo;un rassemblement de soutien \u00e0 la junte au pouvoir, place de la Nation \u00e0 Ouagadougou, le 30 avril 2025 au Burkina Faso &#8211; AFP<\/p>\n\n\n\n<p>\u00ab\u00a0C&rsquo;est un meeting de soutien au capitaine Traor\u00e9, mais il s&rsquo;agit aussi et surtout de d\u00e9noncer \u00e9nergiquement les propos mensongers du g\u00e9n\u00e9ral am\u00e9ricain\u00a0\u00bb Michael Langley, \u00e0 la t\u00eate du commandement militaire am\u00e9ricain pour l&rsquo;Afrique (Africom), \u00ab\u00a0qui a accus\u00e9 le chef de l&rsquo;Etat d\u2019utiliser les r\u00e9serves d\u2019or du pays \u00e0 des fins de protection personnelle au d\u00e9triment du bien-\u00eatre de son peuple\u00a0\u00bb, a soulign\u00e9 Adama Kima, un des organisateurs du meeting, diffus\u00e9 en direct sur la t\u00e9l\u00e9vision nationale.<\/p>\n\n\n\n<p>Le 21 avril, le r\u00e9gime militaire au pouvoir au Burkina Faso avait affirm\u00e9 avoir d\u00e9jou\u00e9 un \u00ab\u00a0grand complot en pr\u00e9paration\u00a0\u00bb visant \u00e0 \u00ab\u00a0semer le chaos total\u00a0\u00bb et dont les cerveaux seraient localis\u00e9s en C\u00f4te d&rsquo;Ivoire, r\u00e9guli\u00e8rement accus\u00e9e par la junte au pouvoir d&rsquo;h\u00e9berger ses opposants. Abidjan a toujours d\u00e9menti.<\/p>\n\n\n\n<p><\/p>\n","protected":false},"excerpt":{"rendered":"<p>AFP \u00a9 2025 AFP &#8211; Plusieurs milliers de personnes se sont rassembl\u00e9s mercredi \u00e0 Ouagadougou en soutien \u00e0 la junte<\/p>\n","protected":false},"author":1,"featured_media":55833,"comment_status":"open","ping_status":"open","sticky":false,"template":"","format":"standard","meta":{"footnotes":""},"categories":[51],"tags":[],"class_list":["post-55832","post","type-post","status-publish","format-standard","has-post-thumbnail","hentry","category-general"],"_links":{"self":[{"href":"https:\/\/dekkbi.com\/index.php?rest_route=\/wp\/v2\/posts\/55832","targetHints":{"allow":["GET"]}}],"collection":[{"href":"https:\/\/dekkbi.com\/index.php?rest_route=\/wp\/v2\/posts"}],"about":[{"href":"https:\/\/dekkbi.com\/index.php?rest_route=\/wp\/v2\/types\/post"}],"author":[{"embeddable":true,"href":"https:\/\/dekkbi.com\/index.php?rest_route=\/wp\/v2\/users\/1"}],"replies":[{"embeddable":true,"href":"https:\/\/dekkbi.com\/index.php?rest_route=%2Fwp%2Fv2%2Fcomments&post=55832"}],"version-history":[{"count":2,"href":"https:\/\/dekkbi.com\/index.php?rest_route=\/wp\/v2\/posts\/55832\/revisions"}],"predecessor-version":[{"id":55836,"href":"https:\/\/dekkbi.com\/index.php?rest_route=\/wp\/v2\/posts\/55832\/revisions\/55836"}],"wp:featuredmedia":[{"embeddable":true,"href":"https:\/\/dekkbi.com\/index.php?rest_route=\/wp\/v2\/media\/55833"}],"wp:attachment":[{"href":"https:\/\/dekkbi.com\/index.php?rest_route=%2Fwp%2Fv2%2Fmedia&parent=55832"}],"wp:term":[{"taxonomy":"category","embeddable":true,"href":"https:\/\/dekkbi.com\/index.php?rest_route=%2Fwp%2Fv2%2Fcategories&post=55832"},{"taxonomy":"post_tag","embeddable":true,"href":"https:\/\/dekkbi.com\/index.php?rest_route=%2Fwp%2Fv2%2Ftags&post=55832"}],"curies":[{"name":"wp","href":"https:\/\/api.w.org\/{rel}","templated":true}]}}