{"id":55830,"date":"2025-04-30T12:26:40","date_gmt":"2025-04-30T12:26:40","guid":{"rendered":"https:\/\/dekkbi.com\/?p=55830"},"modified":"2025-04-30T12:26:40","modified_gmt":"2025-04-30T12:26:40","slug":"mali-vers-une-perennisation-de-la-transition-sans-elections","status":"publish","type":"post","link":"https:\/\/dekkbi.com\/?p=55830","title":{"rendered":"Mali: vers une p\u00e9rennisation de la Transition sans \u00e9lections"},"content":{"rendered":"\n<p>Le Mali s\u2019achemine vers une p\u00e9rennisation de la p\u00e9riode de Transition et un maintien des militaires au pouvoir sans \u00e9lections. Les \u00ab&nbsp;<em>consultations<\/em>&nbsp;\u00bb des \u00ab&nbsp;<em>forces vives<\/em>&nbsp;\u00bb du pays, orchestr\u00e9es par les autorit\u00e9s de transition, se sont achev\u00e9es mardi 29 avril. La Primature a publi\u00e9 dans la soir\u00e9e les recommandations&nbsp;finales : dissolution des partis politiques, comme attendu, mais aussi \u00e9l\u00e9vation du g\u00e9n\u00e9ral Assimi Go\u00efta au rang de pr\u00e9sident de la R\u00e9publique pour cinq ann\u00e9es renouvelables.<\/p>\n\n\n\n<p>Assimi Go\u00efta sera pr\u00e9sident de la R\u00e9publique et non plus pr\u00e9sident de la Transition, \u00ab\u00a0<em>\u00e0 l\u2019instar de ses pairs de l\u2019AES<\/em>\u00a0\u00bb, soit l\u2019<strong>Alliance des \u00c9tats du Sahel<\/strong>,\u00a0<strong>mentionne le communiqu\u00e9<\/strong>, pour une dur\u00e9e de cinq ann\u00e9es renouvelables, \u00ab\u00a0<em>\u00e0 partir de 2025<\/em>\u00a0\u00bb. Les militaires qui dirigent le\u00a0<strong>Mali<\/strong>\u00a0sont au pouvoir depuis leur coup d\u2019\u00c9tat d\u2019ao\u00fbt 2020, il y a d\u00e9j\u00e0 presque cinq ans.<\/p>\n\n\n\n<h2 class=\"wp-block-heading\">Pas d\u2019\u00e9lections avant la \u00ab&nbsp;<em>pacification<\/em>&nbsp;\u00bb<\/h2>\n\n\n\n<p>Les \u00e9lections r\u00e9guli\u00e8rement promises et repouss\u00e9es depuis ce coup n\u2019auront finalement pas lieu, du moins pas avant \u00ab\u00a0<em>la pacification du pays<\/em>\u00a0\u00bb. Pour rappel, le Mali est en guerre depuis une quinzaine d\u2019ann\u00e9es sur plusieurs fronts\u00a0: contre les groupes jihadistes\u00a0<strong>du Groupe de soutien \u00e0 l\u2019Islam et aux musulmans (Jnim, li\u00e9 \u00e0 al Qaeda)<\/strong>\u00a0et de l\u2019\u00c9tat islamique au\u00a0<strong>Sahel<\/strong>, ainsi que contre les rebelles ind\u00e9pendantistes du Front de lib\u00e9ration de l\u2019Azawad (FLA), du fait de la rupture de l\u2019accord de paix de 2015, par les autorit\u00e9s de transition elles-m\u00eames.<\/p>\n\n\n\n<p>En attendant la paix, les \u00ab&nbsp;<em>organes actuels&nbsp;<\/em>\u00bb sont maintenus&nbsp;: principalement le Conseil national de transition (CNT),&nbsp;avec des personnalit\u00e9s nomm\u00e9es par les autorit\u00e9s de transition en lieu et place des d\u00e9put\u00e9s, et le gouvernement de transition.<\/p>\n\n\n\n<h2 class=\"wp-block-heading\">Dissolution de tous les partis<\/h2>\n\n\n\n<p>Les consultations qui viennent de s\u2019achever\u00a0<strong>avaient pourtant pour objet, officiellement, la seule relecture de la Charte des partis politiques<\/strong>. Les partis ne sont pas oubli\u00e9s\u00a0: ils s\u2019inqui\u00e9taient d\u2019une dissolution pure et simple en pr\u00e9paration, et c\u2019est effectivement l\u2019une des \u00ab\u00a0<em>recommandations phares<\/em>\u00a0\u00bb pr\u00e9sent\u00e9es par la Primature.<\/p>\n\n\n\n<p>Tous les partis existants actuellement seraient donc dissous, une caution de 100&nbsp;millions de francs&nbsp;CFA exig\u00e9e pour la cr\u00e9ation d&rsquo;une nouvelle formation, avec obligation d\u2019\u00ab&nbsp;<em>avoir des repr\u00e9sentations significatives dans les r\u00e9gions, les cercles et le district de Bamako<\/em>&nbsp;\u00bb Ce qui semble compliqu\u00e9 sans \u00e9lections.<\/p>\n\n\n\n<p>Les partis pourront \u00eatre suspendus \u00ab\u00a0<em>en cas de trouble \u00e0 l\u2019ordre public<\/em>\u00a0\u00bb,\u00a0<strong>un chef d\u2019accusation largement utilis\u00e9 ces derni\u00e8res ann\u00e9es par les autorit\u00e9s de transition<\/strong>\u00a0pour faire emprisonner les voix trop critiques.<\/p>\n\n\n\n<p>Au programme \u00e9galement&nbsp;: la suppression du financement public des partis politiques, la suppression du statut de \u00ab&nbsp;<em>chef de file de l\u2019opposition<\/em>&nbsp;\u00bb, l\u2019instauration d\u2019un scrutin \u00e0 un tour &#8211;&nbsp;le communiqu\u00e9 ne pr\u00e9cise pas pour quelle \u00e9lection, on imagine qu\u2019il s\u2019agit de la pr\u00e9sidentielle&nbsp;-, le paiement d\u2019une caution de 250&nbsp;millions de francs&nbsp;CFA pour \u00eatre candidat \u00e0 la pr\u00e9sidentielle ou encore l\u2019interdiction aux chefs traditionnels et religieux ainsi qu\u2019aux membres de la soci\u00e9t\u00e9 civile d\u2019\u00eatre candidat \u00e0 une \u00e9lection ou m\u00eame de participer \u00e0 une campagne \u00e9lectorale.<\/p>\n\n\n\n<h2 class=\"wp-block-heading\">Le terme de \u00ab&nbsp;<em>Transition<\/em>&nbsp;\u00bb est-il encore valable&nbsp;?<\/h2>\n\n\n\n<p>Si ces recommandations sont adopt\u00e9es, elles instaureront de fait une p\u00e9rennisation de la Transition sans \u00e9lections &#8211;\u00a0le terme de \u00ab\u00a0<em>Transition<\/em>\u00a0\u00bb serait-il d&rsquo;ailleurs encore valable\u00a0? \u00c0 ce stade, ces conclusions ont \u00e9t\u00e9 transmises au g\u00e9n\u00e9ral\u00a0<strong>Assimi Go\u00efta<\/strong>, \u00e0 qui il appartient d\u00e9sormais de les valider. Mais le Premier ministre de transition, le g\u00e9n\u00e9ral\u00a0<strong>Abdoulaye Ma\u00efga<\/strong>, estime d\u00e9j\u00e0 pour sa part que ces recommandations \u00ab\u00a0<em>permettent au pays d\u2019avancer et de tourner les pages obscures de son histoire<\/em>\u00a0\u00bb. Le suspense semble donc limit\u00e9.<\/p>\n\n\n\n<p>Les\u00a0<strong>partis politiques maliens d\u00e9non\u00e7aient depuis d\u00e9j\u00e0 plusieurs semaines ces \u00ab\u00a0<em>consultations<\/em>\u00a0\u00bb<\/strong>, per\u00e7ues comme une mani\u00e8re pour les militaires au pouvoir de s\u2019y maintenir et d\u2019en finir avec la d\u00e9mocratie, sous couvert d\u2019une fausse l\u00e9gitimit\u00e9 populaire. R\u00e9unis au sein de l\u2019Initiative des partis politiques pour la Charte (Ipac), les partis ont pr\u00e9vu de se r\u00e9unir dans la journ\u00e9e pour s\u2019accorder sur la marche \u00e0 suivre.<\/p>\n","protected":false},"excerpt":{"rendered":"<p>Le Mali s\u2019achemine vers une p\u00e9rennisation de la p\u00e9riode de Transition et un maintien des militaires au pouvoir sans \u00e9lections.<\/p>\n","protected":false},"author":1,"featured_media":38702,"comment_status":"open","ping_status":"open","sticky":false,"template":"","format":"standard","meta":{"footnotes":""},"categories":[51],"tags":[],"class_list":["post-55830","post","type-post","status-publish","format-standard","has-post-thumbnail","hentry","category-general"],"_links":{"self":[{"href":"https:\/\/dekkbi.com\/index.php?rest_route=\/wp\/v2\/posts\/55830","targetHints":{"allow":["GET"]}}],"collection":[{"href":"https:\/\/dekkbi.com\/index.php?rest_route=\/wp\/v2\/posts"}],"about":[{"href":"https:\/\/dekkbi.com\/index.php?rest_route=\/wp\/v2\/types\/post"}],"author":[{"embeddable":true,"href":"https:\/\/dekkbi.com\/index.php?rest_route=\/wp\/v2\/users\/1"}],"replies":[{"embeddable":true,"href":"https:\/\/dekkbi.com\/index.php?rest_route=%2Fwp%2Fv2%2Fcomments&post=55830"}],"version-history":[{"count":1,"href":"https:\/\/dekkbi.com\/index.php?rest_route=\/wp\/v2\/posts\/55830\/revisions"}],"predecessor-version":[{"id":55831,"href":"https:\/\/dekkbi.com\/index.php?rest_route=\/wp\/v2\/posts\/55830\/revisions\/55831"}],"wp:featuredmedia":[{"embeddable":true,"href":"https:\/\/dekkbi.com\/index.php?rest_route=\/wp\/v2\/media\/38702"}],"wp:attachment":[{"href":"https:\/\/dekkbi.com\/index.php?rest_route=%2Fwp%2Fv2%2Fmedia&parent=55830"}],"wp:term":[{"taxonomy":"category","embeddable":true,"href":"https:\/\/dekkbi.com\/index.php?rest_route=%2Fwp%2Fv2%2Fcategories&post=55830"},{"taxonomy":"post_tag","embeddable":true,"href":"https:\/\/dekkbi.com\/index.php?rest_route=%2Fwp%2Fv2%2Ftags&post=55830"}],"curies":[{"name":"wp","href":"https:\/\/api.w.org\/{rel}","templated":true}]}}