{"id":55827,"date":"2025-04-30T12:23:02","date_gmt":"2025-04-30T12:23:02","guid":{"rendered":"https:\/\/dekkbi.com\/?p=55827"},"modified":"2025-04-30T12:23:02","modified_gmt":"2025-04-30T12:23:02","slug":"la-france-ne-se-definit-ni-par-une-race-ni-par-une-religion-affirme-macron","status":"publish","type":"post","link":"https:\/\/dekkbi.com\/?p=55827","title":{"rendered":"La France ne se d\u00e9finit \u00ab\u00a0ni par une race, ni par une religion\u00a0\u00bb, affirme Macron"},"content":{"rendered":"\n<p>\u00a9 2025 AFP &#8211; La France ne se d\u00e9finit \u00ab\u00a0ni par une race, ni par une religion, ni par une identit\u00e9 fig\u00e9e\u00a0\u00bb, a affirm\u00e9 mercredi Emmanuel Macron lors d&rsquo;une c\u00e9r\u00e9monie militaire comm\u00e9morant la bataille de Camerone, \u00e0 Aubagne, o\u00f9 est bas\u00e9 le commandement de la L\u00e9gion \u00e9trang\u00e8re.<\/p>\n\n\n\n<p>La France est une \u00ab\u00a0patrie de volont\u00e9 et de bravoure, qui ne se d\u00e9finit ni par le sang, ni par une race, ni par une religion, ni par une identit\u00e9 fig\u00e9e\u00a0\u00bb, a d\u00e9clar\u00e9 le pr\u00e9sident de la R\u00e9publique devant plusieurs dizaines de l\u00e9gionnaires, r\u00e9unis pour comm\u00e9morer la bataille de Camerone le 30 avril 1863 au Mexique.<\/p>\n\n\n\n<p>La France se d\u00e9finit par \u00ab\u00a0une volont\u00e9 chaque jour recommenc\u00e9e d&rsquo;accomplir de grandes choses avec une poign\u00e9e de notre terre dans la main. Un r\u00eave d&rsquo;universel, un id\u00e9al, cette solidarit\u00e9, cette fid\u00e9lit\u00e9 \u00e0 la patrie\u00a0\u00bb, a poursuivi M. Macron, qui s&rsquo;est d\u00e9plac\u00e9 \u00e0 Aubagne (Bouches-du-Rh\u00f4ne) pour comm\u00e9morer la bataille de Camerone, \u00e9v\u00e9nement fondateur de la L\u00e9gion \u00e9trang\u00e8re, c\u00e9l\u00e9br\u00e9 chaque ann\u00e9e par tous les r\u00e9giments.<\/p>\n\n\n\n<figure class=\"wp-block-image\"><img decoding=\"async\" src=\"https:\/\/information.tv5monde.com\/sites\/tv5-info\/files\/styles\/entete\/public\/2025-04\/field_media_image-2920665-0df242277075d6e039586fb36cae4882e02106d7.jpg?itok=AG_ygpJB\" alt=\"Le pr\u00e9sident Emmanuel Macron passe en revue les soldats du 1er R\u00e9giment \u00e9tranger de cavalerie (1er REC) lors d'une c\u00e9r\u00e9monie militaire comm\u00e9morant la bataille de Camerone,de 1863, au quartier g\u00e9n\u00e9ral de la L\u00e9gion \u00e9trang\u00e8re \u00e0 Aubagne, le 30 avril 2025 dans\" title=\"Le pr\u00e9sident Emmanuel Macron passe en revue les soldats du 1er R\u00e9giment \u00e9tranger de cavalerie (1er REC) lors d'une c\u00e9r\u00e9monie militaire comm\u00e9morant la bataille de Camerone,de 1863, au quartier g\u00e9n\u00e9ral de la L\u00e9gion \u00e9trang\u00e8re \u00e0 Aubagne, le 30 avril 2025 dans\"\/><\/figure>\n\n\n\n<p>Le pr\u00e9sident Emmanuel Macron passe en revue les soldats du 1er R\u00e9giment \u00e9tranger de cavalerie (1er REC) lors d&rsquo;une c\u00e9r\u00e9monie militaire comm\u00e9morant la bataille de Camerone,de 1863, au quartier g\u00e9n\u00e9ral de la L\u00e9gion \u00e9trang\u00e8re \u00e0 Aubagne, le 30 avril 2025 dans les Bouches-du-Rh\u00f4ne<\/p>\n\n\n\n<p>POOL\/AFP  Manon Cruz<\/p>\n\n\n\n<p>M. Macron a prononc\u00e9 ce discours apr\u00e8s avoir re\u00e7u mardi des repr\u00e9sentants d&rsquo;institutions musulmanes qui ont d\u00e9nonc\u00e9 le \u00ab\u00a0climat islamophobe ambiant\u00a0\u00bb et demand\u00e9 au pr\u00e9sident de la R\u00e9publique des \u00ab\u00a0actes concrets\u00a0\u00bb pour les prot\u00e9ger, apr\u00e8s le meurtre d&rsquo;un fid\u00e8le dans une mosqu\u00e9e du Gard.<\/p>\n\n\n\n<p>A Aubagne, le pr\u00e9sident a pass\u00e9 en revue les troupes de la L\u00e9gion \u00e9trang\u00e8re, force combattante de l&rsquo;arm\u00e9e de terre qui compte plus de 9.500 hommes.<\/p>\n\n\n\n<p>Pr\u00e8s de 150 nationalit\u00e9s se c\u00f4toient au sein de la L\u00e9gion \u00e9trang\u00e8re, o\u00f9 les l\u00e9gionnaires sont command\u00e9s par des officiers fran\u00e7ais.<\/p>\n\n\n\n<p>L&rsquo;hymne national a \u00e9t\u00e9 jou\u00e9 et deux avions Rafale ont survol\u00e9 la c\u00e9r\u00e9monie \u00e0 laquelle ont assist\u00e9 les \u00e9lus locaux et plusieurs centaines de spectateurs.<\/p>\n\n\n\n<p>F\u00eate de la l\u00e9gion, la c\u00e9r\u00e9monie de Camerone comm\u00e9more une bataille survenue \u00e0 Camerone, dans l&rsquo;Etat de Veracruz, dans l&rsquo;est du Mexique, au cours de laquelle 62 l\u00e9gionnaires fran\u00e7ais ont r\u00e9sist\u00e9 \u00e0 2.000 soldats mexicains lors de l&rsquo;exp\u00e9dition fran\u00e7aise au Mexique.<\/p>\n\n\n\n<figure class=\"wp-block-image\"><img decoding=\"async\" src=\"https:\/\/information.tv5monde.com\/sites\/tv5-info\/files\/styles\/entete\/public\/2025-04\/field_media_image-2920666-3ceea1b39dd6329222be290984e68b2d76cb1d1b.jpg?itok=ttEUicrJ\" alt=\"Des soldats de la L\u00e9gion \u00e9trang\u00e8re d\u00e9filent lors d'une c\u00e9r\u00e9monie militaire comm\u00e9morant la bataille de Camerone de 1863, \u00e0 Aubagne, le 30 avril 2025 dans les Bouches-du-Rh\u00f4ne\" title=\"Des soldats de la L\u00e9gion \u00e9trang\u00e8re d\u00e9filent lors d'une c\u00e9r\u00e9monie militaire comm\u00e9morant la bataille de Camerone de 1863, \u00e0 Aubagne, le 30 avril 2025 dans les Bouches-du-Rh\u00f4ne\"\/><\/figure>\n\n\n\n<p>Des soldats de la L\u00e9gion \u00e9trang\u00e8re d\u00e9filent lors d&rsquo;une c\u00e9r\u00e9monie militaire comm\u00e9morant la bataille de Camerone de 1863, \u00e0 Aubagne, le 30 avril 2025 dans les Bouches-du-Rh\u00f4ne<\/p>\n\n\n\n<p>POOL\/AFP<\/p>\n\n\n\n<p>Manon Cruz<\/p>\n\n\n\n<p>Le pr\u00e9sident Macron a d\u00e9crit la bataille men\u00e9e par une \u00ab\u00a0poign\u00e9e de l\u00e9gionnaires assi\u00e9g\u00e9s par 2.000 ennemis\u00a0\u00bb qui ont \u00ab\u00a0tenu une position pendant 11 heures\u00a0\u00bb, saluant une \u00ab\u00a0histoire de courage insens\u00e9\u00a0\u00bb.<\/p>\n\n\n\n<p>Charg\u00e9s de prot\u00e9ger le passage d&rsquo;un convoi de ravitaillement des troupes fran\u00e7aises qui assi\u00e9geaient la ville proche de Puebla, les l\u00e9gionnaires retranch\u00e9s dans une hacienda du village de Camaron de Tejeda avaient fait le serment de se battre jusqu&rsquo;\u00e0 la mort.<\/p>\n\n\n\n<p>Apr\u00e8s une journ\u00e9e d&rsquo;affrontement, les derniers encore en \u00e9tat de combattre refus\u00e8rent de se rendre et charg\u00e8rent les Mexicains \u00e0 la ba\u00efonnette.<\/p>\n","protected":false},"excerpt":{"rendered":"<p>\u00a9 2025 AFP &#8211; La France ne se d\u00e9finit \u00ab\u00a0ni par une race, ni par une religion, ni par une<\/p>\n","protected":false},"author":1,"featured_media":55828,"comment_status":"open","ping_status":"open","sticky":false,"template":"","format":"standard","meta":{"footnotes":""},"categories":[51],"tags":[],"class_list":["post-55827","post","type-post","status-publish","format-standard","has-post-thumbnail","hentry","category-general"],"_links":{"self":[{"href":"https:\/\/dekkbi.com\/index.php?rest_route=\/wp\/v2\/posts\/55827","targetHints":{"allow":["GET"]}}],"collection":[{"href":"https:\/\/dekkbi.com\/index.php?rest_route=\/wp\/v2\/posts"}],"about":[{"href":"https:\/\/dekkbi.com\/index.php?rest_route=\/wp\/v2\/types\/post"}],"author":[{"embeddable":true,"href":"https:\/\/dekkbi.com\/index.php?rest_route=\/wp\/v2\/users\/1"}],"replies":[{"embeddable":true,"href":"https:\/\/dekkbi.com\/index.php?rest_route=%2Fwp%2Fv2%2Fcomments&post=55827"}],"version-history":[{"count":1,"href":"https:\/\/dekkbi.com\/index.php?rest_route=\/wp\/v2\/posts\/55827\/revisions"}],"predecessor-version":[{"id":55829,"href":"https:\/\/dekkbi.com\/index.php?rest_route=\/wp\/v2\/posts\/55827\/revisions\/55829"}],"wp:featuredmedia":[{"embeddable":true,"href":"https:\/\/dekkbi.com\/index.php?rest_route=\/wp\/v2\/media\/55828"}],"wp:attachment":[{"href":"https:\/\/dekkbi.com\/index.php?rest_route=%2Fwp%2Fv2%2Fmedia&parent=55827"}],"wp:term":[{"taxonomy":"category","embeddable":true,"href":"https:\/\/dekkbi.com\/index.php?rest_route=%2Fwp%2Fv2%2Fcategories&post=55827"},{"taxonomy":"post_tag","embeddable":true,"href":"https:\/\/dekkbi.com\/index.php?rest_route=%2Fwp%2Fv2%2Ftags&post=55827"}],"curies":[{"name":"wp","href":"https:\/\/api.w.org\/{rel}","templated":true}]}}