{"id":55821,"date":"2025-04-30T12:10:18","date_gmt":"2025-04-30T12:10:18","guid":{"rendered":"https:\/\/dekkbi.com\/?p=55821"},"modified":"2025-04-30T12:17:40","modified_gmt":"2025-04-30T12:17:40","slug":"c1-dembele-leader-au-rendez-vous","status":"publish","type":"post","link":"https:\/\/dekkbi.com\/?p=55821","title":{"rendered":"Demb\u00e9l\u00e9, leader au rendez-vous"},"content":{"rendered":"\n<p>Par Alice LEFEBVRE \u00a9 2025 AFP &#8211; Absent lors de la d\u00e9faite en octobre, Ousmane Demb\u00e9l\u00e9 a cette fois rempli son r\u00f4le de leader d&rsquo;attaque du PSG mardi en demi-finale aller de Ligue des champions face \u00e0 Arsenal, en \u00e9tant d\u00e9cisif d\u00e8s le d\u00e9but du match (1-0), un but qui rapproche Paris de son r\u00eave de finale.<\/p>\n\n\n\n<p>\u00c9trangement seul, il lui a suffit d&rsquo;un ballon pour faire la diff\u00e9rence et faire danser les Gunners: \u00e0 l&rsquo;origine de l&rsquo;action, l&rsquo;ancien Barcelonais est mont\u00e9 balle au pied, a fix\u00e9 la d\u00e9fense, a d\u00e9cal\u00e9 \u00e0 gauche pour Kvaratskhelia, qui lui a remis en retrait dans la surface. Du gauche, sans contr\u00f4le et aid\u00e9 par le poteau, il a tromp\u00e9 le gardien David Raya sur son premier tir (1-0, 4e).<\/p>\n\n\n\n<p>Comme un symbole, les deux attaquants parisiens n&rsquo;\u00e9taient pas pr\u00e9sents cet automne: \u00ab\u00a0Kvara\u00a0\u00bb jouait encore \u00e0 Naples et \u00ab\u00a0Dembouz\u00a0\u00bb avait \u00e9t\u00e9 \u00e9cart\u00e9 par Luis Enrique \u00e0 cause d&rsquo;un probl\u00e8me de comportement.<\/p>\n\n\n\n<p>Les deux attaquants ont conclu une action collective de haut niveau avec 26 passes et neuf joueurs de champs sur dix sollicit\u00e9s, selon le statisticien Opta.<\/p>\n\n\n\n<p>C\u00e9l\u00e9brant le doigt sur la bouche et l&rsquo;air rageur, les yeux fronc\u00e9s, Demb\u00e9l\u00e9 a voulu faire taire les critiques qui ont commenc\u00e9 \u00e0 na\u00eetre ces derniers matches, alors qu&rsquo;il \u00e9tait moins clinique dans la surface.<\/p>\n\n\n\n<p>Pour le premier match de sa carri\u00e8re \u00e0 l&rsquo;Emirates stadium, l&rsquo;international fran\u00e7ais, qui n&rsquo;avait plus marqu\u00e9 depuis le 1er avril en Coupe de France a donc relanc\u00e9 son compteur au moment idoine car il \u00e9tait attendu pour cette premi\u00e8re manche si importante dans l&rsquo;histoire du PSG.<\/p>\n\n\n\n<p>Il a inscrit son 28e but depuis son replacement en num\u00e9ro 9 par Luis Enrique: aucun attaquant n&rsquo;a fait mieux en Europe sur la m\u00eame p\u00e9riode, sachant qu&rsquo;il a \u00e9t\u00e9 d\u00e9cisif 45 fois (buts et passes d\u00e9cisives) en 45 matches cette saison avec le PSG.<\/p>\n\n\n\n<p>Comme face \u00e0 City et Liverpool, il a \u00e9t\u00e9 \u00e0 la hauteur de l&rsquo;\u00e9v\u00e8nement, r\u00e9ussissant \u00e0 faire tomber Arsenal chez lui, avant de sortir \u00e9puis\u00e9 \u00e0 la 70e minute, suscitant quelques inqui\u00e9tudes.<\/p>\n\n\n\n<p>\u00ab\u00a0Je ne peux rien vous dire, il y aura des examens m\u00e9dicaux demain (mercredi). Ce n&rsquo;est rien de grave mais il y a un doute pour le match retour\u00a0\u00bb, a r\u00e9pondu Luis Enrique apr\u00e8s le match.<\/p>\n\n\n\n<h2 class=\"wp-block-heading\">J&rsquo;ai senti quelque chose mais \u00e7a va\u00a0\u00bb<\/h2>\n\n\n\n<figure class=\"wp-block-image\"><img decoding=\"async\" src=\"https:\/\/information.tv5monde.com\/sites\/tv5-info\/files\/styles\/entete\/public\/2025-04\/field_media_image-2920506-b30d3906bf74dfa0e3296adeee3536b45b6d00e9.jpg?itok=0SQZ9lrN\" alt=\"L'attaquant du Paris SG Ousmane Demb\u00e9l\u00e9 \u00e0 la lutte avec le milieu d'Arsenal Mikel Merino en demi-finale aller de la Ligue des champions le 29 avril 2025 \u00e0 Londres\n\" title=\"L'attaquant du Paris SG Ousmane Demb\u00e9l\u00e9 \u00e0 la lutte avec le milieu d'Arsenal Mikel Merino en demi-finale aller de la Ligue des champions le 29 avril 2025 \u00e0 Londres\n\"\/><\/figure>\n\n\n\n<p>L&rsquo;attaquant du Paris SG Ousmane Demb\u00e9l\u00e9 \u00e0 la lutte avec le milieu d&rsquo;Arsenal Mikel Merino en demi-finale aller de la Ligue des champions le 29 avril 2025 \u00e0 Londres<\/p>\n\n\n\n<p>AFP &#8211; Adrian Dennis<\/p>\n\n\n\n<p>Apr\u00e8s le match, Demb\u00e9l\u00e9 est revenu sur le terrain en claquettes et sans boiter. Puis, il a gliss\u00e9 \u00e0 plusieurs m\u00e9dias dont l&rsquo;AFP \u00ab\u00a0J&rsquo;ai senti quelque chose mais \u00e7a va\u00a0\u00bb, avant de monter dans le bus du PSG.<\/p>\n\n\n\n<p>Pr\u00e9cieux dans le pressing sur le gardien et l&rsquo;arri\u00e8re-garde londonienne, il a continu\u00e9 de d\u00e9crocher beaucoup au cours du match. Ces efforts l&rsquo;ont rendu plus discret en attaque, m\u00eame s&rsquo;il a \u00e9t\u00e9 tout proche de d\u00e9livrer une passe d\u00e9cisive \u00e0 D\u00e9sir\u00e9 Dou\u00e9 (31e), puis \u00e0 Achraf Hakimi, bien pris et qui n&rsquo;a pas pu reprendre le ballon (60e).<\/p>\n\n\n\n<p>Il a donc \u00e9t\u00e9 le leader que le PSG attendait et qu&rsquo;il est depuis la sanction d&rsquo;octobre de Luis Enrique, qui l&rsquo;a replac\u00e9 entre-temps en N.9.<\/p>\n\n\n\n<p>Impeccable sur le terrain, donnant l&rsquo;exemple dans le pressing et haranguant r\u00e9guli\u00e8rement ses co\u00e9quipiers, il est aussi important dans le vestiaire.<\/p>\n\n\n\n<p>\u00ab\u00a0Le leader du PSG, je ne sais pas, mais l&rsquo;un des cadres, je pense\u00a0\u00bb, a-t-il expliqu\u00e9 avant le d\u00e9placement \u00e0 Aston Villa (2-3, le 15 avril en quarts de finale retour), \u00ab\u00a0je le vis tr\u00e8s bien. Je suis rest\u00e9 moi-m\u00eame, comme d&rsquo;habitude. J&rsquo;essaie d&rsquo;encourager les joueurs les plus jeunes, m\u00eame les plus anciens aussi\u00a0\u00bb.<\/p>\n\n\n\n<p>Pour le milieu Vitinha, Demb\u00e9l\u00e9 \u00ab\u00a0est un leader par l&rsquo;exemple\u00a0\u00bb.<\/p>\n\n\n\n<p>\u00ab\u00a0La fa\u00e7on dont il est \u00e0 100 % dans les matches nous donne envie de l&rsquo;aider et de donner plus sur le terrain\u00a0\u00bb, a-t-il confi\u00e9 lundi.<\/p>\n\n\n\n<p>Avant la seconde manche mercredi prochain au Parc des Princes et une \u00e9ventuelle finale le 31 mai \u00e0 Munich, l&rsquo;attaquant parisien a r\u00e9ussi le pari de faire totalement oublier son copain, Kylian Mbapp\u00e9, parti au Real Madrid l&rsquo;\u00e9t\u00e9 dernier.<\/p>\n\n\n\n<p>Les statistiques parlent pour lui: il est impliqu\u00e9 dans 11 buts (8 buts et 3 passes) cette saison en Ligue des champions, \u00e9galant l&rsquo;ex-star parisienne lors de la saison 2020-2021.<\/p>\n","protected":false},"excerpt":{"rendered":"<p>Par Alice LEFEBVRE \u00a9 2025 AFP &#8211; Absent lors de la d\u00e9faite en octobre, Ousmane Demb\u00e9l\u00e9 a cette fois rempli<\/p>\n","protected":false},"author":1,"featured_media":55633,"comment_status":"open","ping_status":"open","sticky":false,"template":"","format":"standard","meta":{"footnotes":""},"categories":[9],"tags":[],"class_list":["post-55821","post","type-post","status-publish","format-standard","has-post-thumbnail","hentry","category-sports"],"_links":{"self":[{"href":"https:\/\/dekkbi.com\/index.php?rest_route=\/wp\/v2\/posts\/55821","targetHints":{"allow":["GET"]}}],"collection":[{"href":"https:\/\/dekkbi.com\/index.php?rest_route=\/wp\/v2\/posts"}],"about":[{"href":"https:\/\/dekkbi.com\/index.php?rest_route=\/wp\/v2\/types\/post"}],"author":[{"embeddable":true,"href":"https:\/\/dekkbi.com\/index.php?rest_route=\/wp\/v2\/users\/1"}],"replies":[{"embeddable":true,"href":"https:\/\/dekkbi.com\/index.php?rest_route=%2Fwp%2Fv2%2Fcomments&post=55821"}],"version-history":[{"count":2,"href":"https:\/\/dekkbi.com\/index.php?rest_route=\/wp\/v2\/posts\/55821\/revisions"}],"predecessor-version":[{"id":55823,"href":"https:\/\/dekkbi.com\/index.php?rest_route=\/wp\/v2\/posts\/55821\/revisions\/55823"}],"wp:featuredmedia":[{"embeddable":true,"href":"https:\/\/dekkbi.com\/index.php?rest_route=\/wp\/v2\/media\/55633"}],"wp:attachment":[{"href":"https:\/\/dekkbi.com\/index.php?rest_route=%2Fwp%2Fv2%2Fmedia&parent=55821"}],"wp:term":[{"taxonomy":"category","embeddable":true,"href":"https:\/\/dekkbi.com\/index.php?rest_route=%2Fwp%2Fv2%2Fcategories&post=55821"},{"taxonomy":"post_tag","embeddable":true,"href":"https:\/\/dekkbi.com\/index.php?rest_route=%2Fwp%2Fv2%2Ftags&post=55821"}],"curies":[{"name":"wp","href":"https:\/\/api.w.org\/{rel}","templated":true}]}}