{"id":55789,"date":"2025-04-30T11:17:02","date_gmt":"2025-04-30T11:17:02","guid":{"rendered":"https:\/\/dekkbi.com\/?p=55789"},"modified":"2025-04-30T11:17:03","modified_gmt":"2025-04-30T11:17:03","slug":"a-mbour-amadou-moustapha-njekk-sarre-lance-la-matinee-de-linsertion","status":"publish","type":"post","link":"https:\/\/dekkbi.com\/?p=55789","title":{"rendered":"A Mbour, Amadou Moustapha Njekk Sarr\u00e9 lance \u201cla Matin\u00e9e de l\u2019insertion\u201d"},"content":{"rendered":"\n<p>Mbour,  (APS) \u2013 Le ministre de la Formation professionnelle et technique, Amadou Moustapha Njekk Sarr\u00e9, a proc\u00e9d\u00e9 mardi \u00e0 Mbour (ouest) au lancement de \u201cla Matin\u00e9e de l\u2019insertion\u201d, un programme visant \u00e0 faciliter l\u2019insertion professionnelle des jeunes dipl\u00f4m\u00e9s des structures de formation, a constat\u00e9 l\u2019APS.<\/p>\n\n\n\n<p>\u201cCette journ\u00e9e incarne notre engagement collectif et notre d\u00e9termination \u00e0 rapprocher les jeunes des opportunit\u00e9s d\u2019emploi et d\u2019entrepreneuriat, en particulier ici, dans le d\u00e9partement de Mbour, terre de dynamisme et d\u2019innovation\u201d, a dit Amadou Moustapha Njekk Sarr\u00e9.<\/p>\n\n\n\n<p>Selon le porte-parole du gouvernement, ce programme vise \u00e0 \u201cfaciliter la rencontre directe entre employeurs et jeunes dipl\u00f4m\u00e9s\u201d, en leur octroyer des bourses de stage (50 000 F CFA par mois), en vue de \u201crenforcer l\u2019employabilit\u00e9\u201d.<\/p>\n\n\n\n<p>Il s\u2019agira notamment de \u201ccr\u00e9er un r\u00e9seau dynamique entre \u00e9tablissements de formation et entreprises locales\u201d, a ajout\u00e9 le ministre de la Formation professionnelle et technique.<\/p>\n\n\n\n<p>Le gouvernement, a-t-il dit, \u201cambitionne de faire de la formation professionnelle, une v\u00e9ritable arme de construction massive d\u2019emplois et de souverainet\u00e9 nationale\u201d.<\/p>\n\n\n\n<p>Amadou Moustapha Njekk Sarr\u00e9 note qu\u2019\u00e0 ce titre, \u201dle renforcement du capital humain [est] un des piliers sur lesquels repose l\u2019Agenda national de transformation \u2018Vision S\u00e9n\u00e9gal 2050\u201d\u2019, nouveau r\u00e9f\u00e9rentiel des politiques publiques du pays.<\/p>\n\n\n\n<p>Il a invit\u00e9 les acteurs institutionnels \u00e0 mutualiser leurs efforts pour p\u00e9renniser ces matin\u00e9es dans tous les d\u00e9partements et simplifier l\u2019acc\u00e8s des jeunes entrepreneurs aux financements.<\/p>\n\n\n\n<p>DOB\/ADI\/HK\/BK<\/p>\n","protected":false},"excerpt":{"rendered":"<p>Mbour, (APS) \u2013 Le ministre de la Formation professionnelle et technique, Amadou Moustapha Njekk Sarr\u00e9, a proc\u00e9d\u00e9 mardi \u00e0 Mbour<\/p>\n","protected":false},"author":1,"featured_media":55790,"comment_status":"open","ping_status":"open","sticky":false,"template":"","format":"standard","meta":{"footnotes":""},"categories":[26],"tags":[],"class_list":["post-55789","post","type-post","status-publish","format-standard","has-post-thumbnail","hentry","category-fait-divers"],"_links":{"self":[{"href":"https:\/\/dekkbi.com\/index.php?rest_route=\/wp\/v2\/posts\/55789","targetHints":{"allow":["GET"]}}],"collection":[{"href":"https:\/\/dekkbi.com\/index.php?rest_route=\/wp\/v2\/posts"}],"about":[{"href":"https:\/\/dekkbi.com\/index.php?rest_route=\/wp\/v2\/types\/post"}],"author":[{"embeddable":true,"href":"https:\/\/dekkbi.com\/index.php?rest_route=\/wp\/v2\/users\/1"}],"replies":[{"embeddable":true,"href":"https:\/\/dekkbi.com\/index.php?rest_route=%2Fwp%2Fv2%2Fcomments&post=55789"}],"version-history":[{"count":1,"href":"https:\/\/dekkbi.com\/index.php?rest_route=\/wp\/v2\/posts\/55789\/revisions"}],"predecessor-version":[{"id":55791,"href":"https:\/\/dekkbi.com\/index.php?rest_route=\/wp\/v2\/posts\/55789\/revisions\/55791"}],"wp:featuredmedia":[{"embeddable":true,"href":"https:\/\/dekkbi.com\/index.php?rest_route=\/wp\/v2\/media\/55790"}],"wp:attachment":[{"href":"https:\/\/dekkbi.com\/index.php?rest_route=%2Fwp%2Fv2%2Fmedia&parent=55789"}],"wp:term":[{"taxonomy":"category","embeddable":true,"href":"https:\/\/dekkbi.com\/index.php?rest_route=%2Fwp%2Fv2%2Fcategories&post=55789"},{"taxonomy":"post_tag","embeddable":true,"href":"https:\/\/dekkbi.com\/index.php?rest_route=%2Fwp%2Fv2%2Ftags&post=55789"}],"curies":[{"name":"wp","href":"https:\/\/api.w.org\/{rel}","templated":true}]}}