{"id":55786,"date":"2025-04-30T11:12:46","date_gmt":"2025-04-30T11:12:46","guid":{"rendered":"https:\/\/dekkbi.com\/?p=55786"},"modified":"2025-04-30T11:23:18","modified_gmt":"2025-04-30T11:23:18","slug":"dakar-et-tokyo-veulent-resserrer-leurs-liens-diplomatie-senegalaise","status":"publish","type":"post","link":"https:\/\/dekkbi.com\/?p=55786","title":{"rendered":"Dakar et Tokyo veulent resserrer leurs liens (diplomatie s\u00e9n\u00e9galaise)"},"content":{"rendered":"\n<p>Dakar,  (APS) \u2013 La ministre s\u00e9n\u00e9galaise des Affaires \u00e9trang\u00e8res, Yassine Fall, et son homologue japonais, Iwaya Takeshi, ont \u00e9chang\u00e9 mardi \u00e0 Dakar sur les voies et moyens d\u2019un renforcement des liens diplomatiques entre leurs deux pays, et de consolidation des projets de coop\u00e9ration en cours, a indiqu\u00e9 la diplomatie s\u00e9n\u00e9galaise.<\/p>\n\n\n\n<p>\u2018\u2019Dans le cadre d\u2019une visite officielle \u00e0 Dakar ce mardi 29 avril 2025, Yassine Fall, ministre de l\u2019Int\u00e9gration africaine et des Affaires \u00e9trang\u00e8res, a re\u00e7u Iwaya Takeshi, le ministre des Affaires \u00e9trang\u00e8res du Japon\u2019\u2019, fait savoir le minist\u00e8re s\u00e9n\u00e9galais des Affaires \u00e9trang\u00e8res dans un message publi\u00e9 sur le r\u00e9seau social X.<\/p>\n\n\n\n<p>\u2018\u2019Cette visite a \u00e9t\u00e9 marqu\u00e9e par une session de travail entre les deux d\u00e9l\u00e9gations, consacr\u00e9e au renforcement des liens diplomatiques entre le S\u00e9n\u00e9gal et le Japon, \u00e0 l\u2019examen des grands enjeux bilat\u00e9raux, r\u00e9gionaux et internationaux, ainsi qu\u2019\u00e0 la consolidation des projets de coop\u00e9ration en cours\u2019\u2019, rapporte la m\u00eame source.<\/p>\n\n\n\n<p>Le ministre japonais des Affaires \u00e9trang\u00e8res est arriv\u00e9 mardi dans la capitale s\u00e9n\u00e9galaise pour effectuer une visite officielle de 24 heures destin\u00e9e au renforcement de la coop\u00e9ration de son pays avec le S\u00e9n\u00e9gal.<\/p>\n\n\n\n<p>Selon une source diplomatique japonaise, le chef de la diplomatie nippone devrait profiter de sa visite pour s\u2019entretenir avec les autorit\u00e9s s\u00e9n\u00e9galaises des moyens de renforcer le partenariat s\u00e9n\u00e9galo-japonais, selon la m\u00eame source.<\/p>\n\n\n\n<p>Iwaya Takeshi devrait \u00e9galement discuter de la s\u00e9curit\u00e9 en Afrique de l\u2019Ouest et au Sahel avec les autorit\u00e9s du S\u00e9n\u00e9gal.<\/p>\n\n\n\n<p>Le Japon va organiser, en ao\u00fbt prochain, la neuvi\u00e8me \u00e9dition de la TICAD, la conf\u00e9rence internationale de Tokyo sur le d\u00e9veloppement de l\u2019Afrique.<\/p>\n\n\n\n<p>Le plan \u201cS\u00e9n\u00e9gal 2050\u201d, mis en \u0153uvre par les dirigeants actuels du S\u00e9n\u00e9gal, sera abord\u00e9 par ces derniers et le ministre japonais.<\/p>\n\n\n\n<p>Le Japon et le S\u00e9n\u00e9gal entretiennent une coop\u00e9ration dans plusieurs domaines, depuis l\u2019ind\u00e9pendance en 1960 de ce pays africain.<\/p>\n\n\n\n<p>Le centre de formation professionnelle et technique S\u00e9n\u00e9gal-Japon est devenu embl\u00e9matique des relations s\u00e9n\u00e9galo-japonaises.<\/p>\n\n\n\n<p>Il a form\u00e9 des milliers d\u2019ing\u00e9nieurs s\u00e9n\u00e9galais et a accueilli de nombreux stagiaires de pays d\u2019Afrique francophone.<\/p>\n\n\n\n<p>La coop\u00e9ration du Japon avec le S\u00e9n\u00e9gal porte \u00e9galement sur la sant\u00e9, l\u2019agriculture, l\u2019\u00e9ducation et le d\u00e9minage en Casamance, le sud du territoire s\u00e9n\u00e9galais.<\/p>\n","protected":false},"excerpt":{"rendered":"<p>Dakar, (APS) \u2013 La ministre s\u00e9n\u00e9galaise des Affaires \u00e9trang\u00e8res, Yassine Fall, et son homologue japonais, Iwaya Takeshi, ont \u00e9chang\u00e9 mardi<\/p>\n","protected":false},"author":1,"featured_media":55787,"comment_status":"open","ping_status":"open","sticky":false,"template":"","format":"standard","meta":{"footnotes":""},"categories":[6],"tags":[],"class_list":["post-55786","post","type-post","status-publish","format-standard","has-post-thumbnail","hentry","category-politics"],"_links":{"self":[{"href":"https:\/\/dekkbi.com\/index.php?rest_route=\/wp\/v2\/posts\/55786","targetHints":{"allow":["GET"]}}],"collection":[{"href":"https:\/\/dekkbi.com\/index.php?rest_route=\/wp\/v2\/posts"}],"about":[{"href":"https:\/\/dekkbi.com\/index.php?rest_route=\/wp\/v2\/types\/post"}],"author":[{"embeddable":true,"href":"https:\/\/dekkbi.com\/index.php?rest_route=\/wp\/v2\/users\/1"}],"replies":[{"embeddable":true,"href":"https:\/\/dekkbi.com\/index.php?rest_route=%2Fwp%2Fv2%2Fcomments&post=55786"}],"version-history":[{"count":1,"href":"https:\/\/dekkbi.com\/index.php?rest_route=\/wp\/v2\/posts\/55786\/revisions"}],"predecessor-version":[{"id":55788,"href":"https:\/\/dekkbi.com\/index.php?rest_route=\/wp\/v2\/posts\/55786\/revisions\/55788"}],"wp:featuredmedia":[{"embeddable":true,"href":"https:\/\/dekkbi.com\/index.php?rest_route=\/wp\/v2\/media\/55787"}],"wp:attachment":[{"href":"https:\/\/dekkbi.com\/index.php?rest_route=%2Fwp%2Fv2%2Fmedia&parent=55786"}],"wp:term":[{"taxonomy":"category","embeddable":true,"href":"https:\/\/dekkbi.com\/index.php?rest_route=%2Fwp%2Fv2%2Fcategories&post=55786"},{"taxonomy":"post_tag","embeddable":true,"href":"https:\/\/dekkbi.com\/index.php?rest_route=%2Fwp%2Fv2%2Ftags&post=55786"}],"curies":[{"name":"wp","href":"https:\/\/api.w.org\/{rel}","templated":true}]}}