{"id":5573,"date":"2022-12-30T10:39:58","date_gmt":"2022-12-30T10:39:58","guid":{"rendered":"https:\/\/dekkbi.com\/?p=5573"},"modified":"2022-12-30T10:40:00","modified_gmt":"2022-12-30T10:40:00","slug":"les-nouveaux-pele-dans-lombre-du-roi","status":"publish","type":"post","link":"https:\/\/dekkbi.com\/?p=5573","title":{"rendered":"Les \u00ab\u00a0nouveaux Pel\u00e9\u00a0\u00bb, dans l&rsquo;ombre du Roi"},"content":{"rendered":"\n<p><a href=\"https:\/\/www.addthis.com\/bookmark.php?v=300\"><\/a><a href=\"https:\/\/www.addthis.com\/bookmark.php?v=300\"><\/a><a rel=\"noreferrer noopener\" href=\"https:\/\/www.addthis.com\/bookmark.php?v=300\" target=\"_blank\"><\/a><a rel=\"noreferrer noopener\" href=\"https:\/\/www.addthis.com\/bookmark.php?v=300\" target=\"_blank\"><\/a>Il y eut quantit\u00e9 de \u00ab\u00a0nouveaux Pel\u00e9\u00a0\u00bb, une \u00e9tiquette affubl\u00e9e par la presse ou les supporters \u00e0 des joueurs de tous niveaux, mais tr\u00e8s lourde \u00e0 porter.<\/p>\n\n\n\n<p>. Mbapp\u00e9, adoub\u00e9 par le \u00ab\u00a0Roi\u00a0\u00bb<\/p>\n\n\n\n<p>Le \u00ab\u00a0Roi\u00a0\u00bb lui-m\u00eame, mort jeudi \u00e0 82 ans, ne voulait pas d&rsquo;h\u00e9ritier, \u00e0 l&rsquo;origine. \u00ab\u00a0Comme dans la musique, o\u00f9 n&rsquo;existent qu&rsquo;un Frank Sinatra et un Beethoven, ou dans les arts, avec un seul Michel-Ange, dans le football, il n&rsquo;y a qu&rsquo;un Pel\u00e9\u00a0\u00bb, avait d&rsquo;abord l\u00e2ch\u00e9 celui qui fut ministre des Sports br\u00e9silien en 1998. \u00ab\u00a0Mon p\u00e8re et ma m\u00e8re ont ferm\u00e9 la fabrique!\u00a0\u00bb, disait-il aussi.<\/p>\n\n\n\n<p>Mais, devant sa t\u00e9l\u00e9, il avait cependant \u00e9t\u00e9 conquis par Kylian Mbapp\u00e9, r\u00e9v\u00e9lation du Mondial-2018, devenu le deuxi\u00e8me plus jeune buteur en finale de Coupe du monde depuis la l\u00e9gende br\u00e9silienne en 1958.<\/p>\n\n\n\n<p>\u00ab\u00a0Si Kylian continue d&rsquo;\u00e9galer mes records comme \u00e7a, je vais devoir rechausser mes crampons&#8230;\u00a0\u00bb, avait m\u00eame tweet\u00e9 \u00ab\u00a0O Rei\u00a0\u00bb.<\/p>\n\n\n\n<p>Mais ce genre d&rsquo;hommage effraie un peu. \u00ab\u00a0Il n&rsquo;y a qu&rsquo;un +Roi+. Moi je suis juste Kylian. Je sais tr\u00e8s bien que je ne ferai jamais ce qu&rsquo;il a fait\u00a0\u00bb, expliquait le 2 avril 2019 le joueur du PSG, lors d&rsquo;un entretien conjoint avec Pel\u00e9, accord\u00e9 \u00e0 l&rsquo;AFP.<\/p>\n\n\n\n<p>Quand l&rsquo;AFP a demand\u00e9 au Br\u00e9silien quels conseils il pourrait donner \u00e0 Mbapp\u00e9 pour r\u00e9ussir la m\u00eame carri\u00e8re que lui, la r\u00e9ponse a fus\u00e9: \u00ab\u00a0Il n&rsquo;en a pas besoin. Je lui ai juste dit qu&rsquo;il fallait qu&rsquo;il soit un bon gar\u00e7on, une gentille personne. Mais surtout de rester calme (rires)\u00a0\u00bb. Et de supporter la comparaison&#8230;<\/p>\n\n\n\n<p>. Zico, le \u00ab\u00a0Pel\u00e9 blanc\u00a0\u00bb<\/p>\n\n\n\n<p>Le \u00ab\u00a0Pel\u00e9 blanc\u00a0\u00bb Zico abonde. \u00ab\u00a0Beaucoup de joueurs ont souffert parce que, quand ils ont pris le poste de Pel\u00e9 (&#8230;), ils avaient la pression\u00a0\u00bb, avait-il confi\u00e9 \u00e0 l&rsquo;AFP avant le Mondial-2014.<\/p>\n\n\n\n<p>\u00ab\u00a0C&rsquo;est en France qu&rsquo;on a commenc\u00e9 avec ce surnom, ce sont les Fran\u00e7ais qui m&rsquo;ont fait porter cette responsabilit\u00e9\u00a0\u00bb, a dit l&rsquo;ancien meneur de jeu. \u00ab\u00a0Je ne l&rsquo;ai jamais aim\u00e9, parce que Pel\u00e9, c&rsquo;est Pel\u00e9, et c&rsquo;est une responsabilit\u00e9\u00a0\u00bb.<\/p>\n\n\n\n<p>\u00ab\u00a0Moi, je suis fier que les gens se souviennent de moi et qu&rsquo;ils me comparent \u00e0 Pel\u00e9, parce qu&rsquo;il est le meilleur joueur de l&rsquo;histoire du football\u00a0\u00bb, a-t-il pr\u00e9cis\u00e9. \u00ab\u00a0Maintenant, entrer sur le terrain et que les gens veuillent que je fasse ce que Pel\u00e9 faisait, je ne l&rsquo;ai jamais accept\u00e9, c&rsquo;est autre chose\u00a0\u00bb.<\/p>\n\n\n\n<p>Zico a \u00e9t\u00e9 une sorte de vice-roi du \u00ab\u00a0futebol\u00a0\u00bb: l&rsquo;idole de Flamengo, club le plus populaire du Br\u00e9sil, a fait honneur au N.10 et illumin\u00e9 les ann\u00e9es 1980 et le Maracana dont il est le meilleur buteur historique.<\/p>\n\n\n\n<p>Mais contrairement \u00e0 son a\u00een\u00e9 \u00e0 la triple couronne, le \u00ab\u00a0Pel\u00e9 blanc\u00a0\u00bb a une histoire frustrante avec le Mondial: \u00ab\u00a0J&rsquo;ai jou\u00e9 trois Coupes du monde et n&rsquo;ai perdu qu&rsquo;un match. Et je n&rsquo;ai jamais jou\u00e9 de finale. C&rsquo;est le football\u00a0\u00bb, a relev\u00e9 celui qui avait notamment d\u00fb s&rsquo;incliner aux tirs au but contre la France lors de l&rsquo;\u00e9dition 1986.<\/p>\n\n\n\n<p>. Robinho et Neymar, les princes<\/p>\n\n\n\n<p>Robinho et Neymar ont \u00e9clos \u00e0 Santos, le club rendu mythique par Pel\u00e9. Le premier, gamin fr\u00eale et dribbleur, devient le \u00ab\u00a0Prince\u00a0\u00bb quand Pel\u00e9, alors proche des cat\u00e9gories juv\u00e9niles de Santos, l&rsquo;adoube: \u00ab\u00a0Ce gamin deviendra grand\u00a0\u00bb.<\/p>\n\n\n\n<p>Le \u00ab\u00a0Prince\u00a0\u00bb contribue \u00e0 18 ans seulement \u00e0 d\u00e9poussi\u00e9rer le palmar\u00e8s de Santos avec le titre de champion du Br\u00e9sil en 2002, premier troph\u00e9e engrang\u00e9 au bout de 18 ans de disette, avant un second en 2004. Il est transf\u00e9r\u00e9 en grande pompe au Real Madrid mais sa carri\u00e8re se d\u00e9lite vite (Manchester City, AC Milan, retours \u00e0 Santos&#8230;). Il \u00e9crit une histoire en pointill\u00e9s avec la \u00ab\u00a0Sele\u00e7ao\u00a0\u00bb, entre une grande Copa America 2007 et de nombreuses \u00e9clipses.<\/p>\n\n\n\n<p>Son premier retour \u00e0 Santos en 2010 co\u00efncide avec l&rsquo;\u00e9mergence d&rsquo;un autre ph\u00e9nom\u00e8ne, Neymar, qu&rsquo;il prend sous son aile. Le club renoue avec la gloire: ce gringalet \u00e0 cr\u00eate sera le moteur de la conqu\u00eate de la Copa Libertadores en 2011. Mais cette fois, la comparaison avec Pel\u00e9 est mise en sourdine, et on le surnomme plut\u00f4t \u00ab\u00a0le Joyau\u00a0\u00bb en raison de sa technique ahurissante.<\/p>\n\n\n\n<p>Pour Zico, \u00ab\u00a0Neymar est l&rsquo;un des trois meilleurs joueurs du monde. Il a le N.10 mais ne remplit pas la fonction d&rsquo;un N.10 traditionnel. Mais comme c&rsquo;est le grand nom (de l&rsquo;\u00e9quipe) et que le N.10 a toujours eu cette fonction depuis Pel\u00e9, \u00e7a lui est revenu\u00a0\u00bb.<\/p>\n\n\n\n<p>\u00ab\u00a0Ney\u00a0\u00bb devient le joueur le plus cher du monde \u00e0 l&rsquo;\u00e9t\u00e9 2017 en passant du Bar\u00e7a au Paris SG pour 222 millions d&rsquo;euros. Mais ses simulations ou son irritabilit\u00e9 ont brouill\u00e9 son image. Et la coupe du monde s&rsquo;est une nouvelle fois refus\u00e9e \u00e0 lui en ce mois de d\u00e9cembre au Qatar.<\/p>\n\n\n\n<p>. Mais aussi&#8230;<\/p>\n\n\n\n<p>Physique \u00e0 la Pel\u00e9 et originaire de Bauru o\u00f9 le \u00ab\u00a0Roi\u00a0\u00bb a grandi, le premier \u00ab\u00a0nouveau Pel\u00e9\u00a0\u00bb fut un certain Washington, joueur modeste des ann\u00e9es 1970-80 qui avait \u00e9bloui les observateurs au Tournoi de Cannes de 1971, sans lendemain. Il a pleinement ressenti la pression: son surnom faisait na\u00eetre des exigences de la part des supporters. Il est mort \u00e0 57 ans, en 2010, d&rsquo;une insuffisance r\u00e9nale.<\/p>\n\n\n\n<p>Abedi Ayew -dit Abedi Pel\u00e9- , triple Ballon d&rsquo;Or africain (1991, 1992, 1993), fut surnomm\u00e9 Pel\u00e9 apr\u00e8s avoir remport\u00e9 \u00e0 18 ans la Coupe d&rsquo;Afrique 1982 avec le Ghana, et pour ses dribbles endiabl\u00e9s, et ne s&rsquo;en est jamais plaint. Mais s&rsquo;il a \u00e9t\u00e9 d\u00e9cisif en finale de la Ligue des champions 1993 remport\u00e9e par Marseille, il n&rsquo;a jamais pu jouer de Coupe du monde avec les \u00ab\u00a0Black Stars\u00a0\u00bb.<\/p>\n\n\n\n<p>Freddy Adu fut surnomm\u00e9 le \u00ab\u00a0nouveau Pel\u00e9\u00a0\u00bb \u00e0 14 ans en disputant son premier match professionnel, en 2004. Mais apr\u00e8s Benfica et Monaco, l&rsquo;international am\u00e9ricain sombre dans des clubs de troisi\u00e8me zone.<\/p>\n\n\n\n<p>Il n&rsquo;y avait qu&rsquo;un seul Pel\u00e9.<\/p>\n\n\n\n<p>Par Yann BERNAL<\/p>\n\n\n\n<p><a href=\"https:\/\/information.tv5monde.com\/auteur\/afp\">AFP<\/a><\/p>\n","protected":false},"excerpt":{"rendered":"<p>Il y eut quantit\u00e9 de \u00ab\u00a0nouveaux Pel\u00e9\u00a0\u00bb, une \u00e9tiquette affubl\u00e9e par la presse ou les supporters \u00e0 des joueurs de<\/p>\n","protected":false},"author":1,"featured_media":5574,"comment_status":"open","ping_status":"open","sticky":false,"template":"","format":"standard","meta":{"footnotes":""},"categories":[9],"tags":[],"class_list":["post-5573","post","type-post","status-publish","format-standard","has-post-thumbnail","hentry","category-sports"],"_links":{"self":[{"href":"https:\/\/dekkbi.com\/index.php?rest_route=\/wp\/v2\/posts\/5573","targetHints":{"allow":["GET"]}}],"collection":[{"href":"https:\/\/dekkbi.com\/index.php?rest_route=\/wp\/v2\/posts"}],"about":[{"href":"https:\/\/dekkbi.com\/index.php?rest_route=\/wp\/v2\/types\/post"}],"author":[{"embeddable":true,"href":"https:\/\/dekkbi.com\/index.php?rest_route=\/wp\/v2\/users\/1"}],"replies":[{"embeddable":true,"href":"https:\/\/dekkbi.com\/index.php?rest_route=%2Fwp%2Fv2%2Fcomments&post=5573"}],"version-history":[{"count":1,"href":"https:\/\/dekkbi.com\/index.php?rest_route=\/wp\/v2\/posts\/5573\/revisions"}],"predecessor-version":[{"id":5575,"href":"https:\/\/dekkbi.com\/index.php?rest_route=\/wp\/v2\/posts\/5573\/revisions\/5575"}],"wp:featuredmedia":[{"embeddable":true,"href":"https:\/\/dekkbi.com\/index.php?rest_route=\/wp\/v2\/media\/5574"}],"wp:attachment":[{"href":"https:\/\/dekkbi.com\/index.php?rest_route=%2Fwp%2Fv2%2Fmedia&parent=5573"}],"wp:term":[{"taxonomy":"category","embeddable":true,"href":"https:\/\/dekkbi.com\/index.php?rest_route=%2Fwp%2Fv2%2Fcategories&post=5573"},{"taxonomy":"post_tag","embeddable":true,"href":"https:\/\/dekkbi.com\/index.php?rest_route=%2Fwp%2Fv2%2Ftags&post=5573"}],"curies":[{"name":"wp","href":"https:\/\/api.w.org\/{rel}","templated":true}]}}