{"id":55703,"date":"2025-04-29T13:27:29","date_gmt":"2025-04-29T13:27:29","guid":{"rendered":"https:\/\/dekkbi.com\/?p=55703"},"modified":"2025-04-29T13:27:29","modified_gmt":"2025-04-29T13:27:29","slug":"conseil-constitutionnel-mouhamadou-bachir-seye-sengage-a-exercer-ses-fonctions-avec-humilite-responsabilite-et-rigueur","status":"publish","type":"post","link":"https:\/\/dekkbi.com\/?p=55703","title":{"rendered":"Conseil constitutionnel : Mouhamadou Bachir S\u00e8ye s\u2019engage \u00e0 exercer ses fonctions avec \u201chumilit\u00e9, responsabilit\u00e9 et rigueur\u201d"},"content":{"rendered":"\n<p>Dakar, (APS) \u2013 Le magistrat Mouhamadou Bachir S\u00e8ye, install\u00e9, lundi, dans ses fonctions de juge au Conseil constitutionnel, s\u2019est engag\u00e9 \u00e0 exercer son mandat \u201davec humilit\u00e9, responsabilit\u00e9 et rigueur dans le respect des lois\u201d.<\/p>\n\n\n\n<p>\u201dJe mesure pleinement la responsabilit\u00e9 qui m\u2019incombe \u00e0 partir d\u2019aujourd\u2019hui. Et je m\u2019engage \u00e0 exercer mes fonctions avec humilit\u00e9, responsabilit\u00e9 et rigueur dans le respect des lois comme tout magistrat\u2019\u2019, a-t-il soutenu lors de sa prestation de serment \u00e0 la salle d\u2019audience de la Cour supr\u00eame.<\/p>\n\n\n\n<p>M. S\u00e8ye a \u00e9t\u00e9 nomm\u00e9 membre du Conseil constitutionnel par d\u00e9cret 149 du 21 janvier 2025.&nbsp;Il remplace \u00e0 ce poste le magistrat Mouhamadou Diawara dont le mandat de six ans est arriv\u00e9 \u00e0 expiration en d\u00e9cembre 2024.<\/p>\n\n\n\n<p>Le magistrat \u00e9m\u00e9rite, au parcours et au professionnalisme reconnus par ses coll\u00e8gues, s\u2019engage pleinement \u00e0 \u2018\u2019garder le secret des d\u00e9lib\u00e9rations et des votes, de ne prendre aucune position publique et de ne donner aucune consultation priv\u00e9e sur des questions relevant des comp\u00e9tences du conseil Constitutionnel\u2019\u2019.<\/p>\n\n\n\n<p>Ancien Premier pr\u00e9sident de la Cour d\u2019appel de Ziguinchor, il a eu \u00e0 occuper de hautes fonctions dans les instances judiciaires publiques dont celle de conseiller \u00e0 la Cour supr\u00eame, de Pr\u00e9sident du Tribunal r\u00e9gional hors classe de Dakar et de Directeur des Affaires civiles au minist\u00e8re de la Justice.<\/p>\n\n\n\n<p>Il a \u00e9t\u00e9 pr\u00e9sident de Chambre \u00e0 la Cour d\u2019appel de Dakar, Conseiller de la Cour d\u2019Appel de Kaolack, Vice-pr\u00e9sident du Tribunal R\u00e9gional hors classe de Dakar, Juge d\u2019instruction du 2<sup>\u00e8me<\/sup>&nbsp;cabinet au Tribunal r\u00e9gional hors classe de Dakar, Pr\u00e9sident de la Chambre professionnelle, juge d\u2019instruction au Tribunal r\u00e9gional hors classe de Dakar et juge d\u2019instruction au Tribunal r\u00e9gional de Kaolack.<\/p>\n\n\n\n<p>Pour sa vice-pr\u00e9sidente, l\u2019int\u00e9gration de M. S\u00e8ye au Conseil constitutionnel intervient dans un contexte marqu\u00e9 un d\u00e9bat \u201dautour de sa place et de son utilit\u00e9\u2019\u2019.<\/p>\n\n\n\n<p>Elle n\u2019a toutefois pas manqu\u00e9 d\u2019insister sur le fait que le Conseil constitutionnel, \u201dconscient de ses devoirs de gardien des droits de libert\u00e9 et de r\u00e9gulateur social, continuera de donner aux requ\u00eates qui lui sont soumises les r\u00e9ponses proc\u00e9dant d\u2019un raisonnement rigoureux, fruit de recherches approfondies et d\u2019un travail unifi\u00e9\u2019\u201d.&nbsp;<\/p>\n\n\n\n<p>KM\/HK\/OID\/AKS<\/p>\n","protected":false},"excerpt":{"rendered":"<p>Dakar, (APS) \u2013 Le magistrat Mouhamadou Bachir S\u00e8ye, install\u00e9, lundi, dans ses fonctions de juge au Conseil constitutionnel, s\u2019est engag\u00e9<\/p>\n","protected":false},"author":1,"featured_media":55704,"comment_status":"open","ping_status":"open","sticky":false,"template":"","format":"standard","meta":{"footnotes":""},"categories":[6],"tags":[],"class_list":["post-55703","post","type-post","status-publish","format-standard","has-post-thumbnail","hentry","category-politics"],"_links":{"self":[{"href":"https:\/\/dekkbi.com\/index.php?rest_route=\/wp\/v2\/posts\/55703","targetHints":{"allow":["GET"]}}],"collection":[{"href":"https:\/\/dekkbi.com\/index.php?rest_route=\/wp\/v2\/posts"}],"about":[{"href":"https:\/\/dekkbi.com\/index.php?rest_route=\/wp\/v2\/types\/post"}],"author":[{"embeddable":true,"href":"https:\/\/dekkbi.com\/index.php?rest_route=\/wp\/v2\/users\/1"}],"replies":[{"embeddable":true,"href":"https:\/\/dekkbi.com\/index.php?rest_route=%2Fwp%2Fv2%2Fcomments&post=55703"}],"version-history":[{"count":1,"href":"https:\/\/dekkbi.com\/index.php?rest_route=\/wp\/v2\/posts\/55703\/revisions"}],"predecessor-version":[{"id":55705,"href":"https:\/\/dekkbi.com\/index.php?rest_route=\/wp\/v2\/posts\/55703\/revisions\/55705"}],"wp:featuredmedia":[{"embeddable":true,"href":"https:\/\/dekkbi.com\/index.php?rest_route=\/wp\/v2\/media\/55704"}],"wp:attachment":[{"href":"https:\/\/dekkbi.com\/index.php?rest_route=%2Fwp%2Fv2%2Fmedia&parent=55703"}],"wp:term":[{"taxonomy":"category","embeddable":true,"href":"https:\/\/dekkbi.com\/index.php?rest_route=%2Fwp%2Fv2%2Fcategories&post=55703"},{"taxonomy":"post_tag","embeddable":true,"href":"https:\/\/dekkbi.com\/index.php?rest_route=%2Fwp%2Fv2%2Ftags&post=55703"}],"curies":[{"name":"wp","href":"https:\/\/api.w.org\/{rel}","templated":true}]}}