{"id":5570,"date":"2022-12-30T10:33:24","date_gmt":"2022-12-30T10:33:24","guid":{"rendered":"https:\/\/dekkbi.com\/?p=5570"},"modified":"2022-12-30T10:33:26","modified_gmt":"2022-12-30T10:33:26","slug":"pele-et-le-football-africain-un-melange-de-respect-et-dadmiration","status":"publish","type":"post","link":"https:\/\/dekkbi.com\/?p=5570","title":{"rendered":"Pel\u00e9 et le football africain, un m\u00e9lange de respect et d\u2019admiration"},"content":{"rendered":"\n<p>Pel\u00e9 est d\u00e9c\u00e9d\u00e9 ce 29 d\u00e9cembre 2022 \u00e0 l\u2019\u00e2ge de 82 ans, quelques jours apr\u00e8s la fin du Mondial 2022 et la quatri\u00e8me place du Maroc durant ce tournoi. Le Br\u00e9silien, qui avait annonc\u00e9 et esp\u00e9r\u00e9 le sacre d\u2019une \u00e9quipe africaine en Coupe du monde, entretenait un m\u00e9lange de respect et d\u2019admiration pour le football africain.<\/p>\n\n\n\n<p>\u00ab\u00a0<em>Et je ne pouvais manquer de f\u00e9liciter le Maroc pour son incroyable Coupe du monde. C\u2019est formidable de voir l\u2019Afrique briller.<\/em>\u00a0\u00bb Le 18 d\u00e9cembre 2022, un ultime message \u00e9tait adress\u00e9 sur le compte Instagram de Pel\u00e9, de son vivant. Au soir de la finale du Mondial 2022, l\u2019ic\u00f4ne y saluait notamment\u00a0<strong>le parcours des Lions de l\u2019Atlas, quatri\u00e8mes au Qatar<\/strong>.<\/p>\n\n\n\n<p>En juillet dernier, c\u2019est au S\u00e9n\u00e9galais Sadio Man\u00e9 que le Br\u00e9silien rendait hommage, apr\u00e8s son titre de\u00a0<strong>Joueur africain de l\u2019ann\u00e9e<\/strong>\u00a0: \u00ab\u00a0<em>[Il] a d\u00e9j\u00e0 conquis des fans du monde entier par son beau football. Et je suis l\u2019un d\u2019entre eux.<\/em>\u00a0\u00bb<\/p>\n\n\n\n<h2 class=\"wp-block-heading\"><strong>Visites triomphales en Afrique<\/strong><\/h2>\n\n\n\n<p>Durant sa carri\u00e8re, la superstar a rencontr\u00e9 \u00e0 plusieurs reprises des \u00e9quipes africaines, en matches amicaux. Il y a cette s\u00e9rie de trois parties du Br\u00e9sil en \u00c9gypte face \u00e0 la R\u00e9publique&nbsp;arabe unie en 1960, durant laquelle il met un tripl\u00e9 \u00e0 Alexandrie (victoire 3-1). Et il y a aussi cette venue triomphale en Alg\u00e9rie en 1965, avec un but \u00e0 la cl\u00e9 lors d\u2019un succ\u00e8s 3-0 face aux Fennecs, deux jours avant le renversement d\u2019Ahmed Ben Bella.<\/p>\n\n\n\n<p>S\u2019il n\u2019a jamais affront\u00e9 d\u2019\u00e9quipe d\u2019Afrique subsaharienne avec la Sele\u00e7ao, Pel\u00e9 s\u2019est en revanche largement rattrap\u00e9 gr\u00e2ce \u00e0 Santos. En 1967, son club de toujours rend en effet visite \u00e0 des s\u00e9lections comme celles du S\u00e9n\u00e9gal, du Gabon, du Congo-Brazzaville et de la C\u00f4te d\u2019Ivoire. \u00ab&nbsp;<em>Ce fut une exp\u00e9rience qui a chang\u00e9 non seulement ma vision du monde, mais aussi la fa\u00e7on dont le monde me percevait<\/em>&nbsp;\u00bb, assure l\u2019int\u00e9ress\u00e9 dans&nbsp;<em>Pel\u00e9&nbsp;: The Autobiography<\/em>, ouvrage \u00e9dit\u00e9 en 2006.<\/p>\n\n\n\n<p>En 1969, il a jou\u00e9 \u00e9galement au Nigeria. La l\u00e9gende veut que la terrible\u00a0<strong>guerre du Biafra<\/strong>, qui a entra\u00een\u00e9 la mort de plus d\u2019un million de personnes entre 1967 et 1970, se soit interrompue 48 heures pour cette rencontre durant laquelle le \u00ab\u00a0Roi\u00a0\u00bb inscrit un doubl\u00e9 (2-2).<\/p>\n\n\n\n<h2 class=\"wp-block-heading\"><strong>Son admiration pour le Marocain Larbi Benbarek<\/strong><\/h2>\n\n\n\n<p>De\u00a0ces exp\u00e9riences, Pel\u00e9 a tir\u00e9 une admiration pour le continent. En 1976, lors d\u2019un s\u00e9jour au Maroc, il d\u00e9clare par exemple\u00a0: \u00ab\u00a0<em>Si je suis le roi du football, alors Benbarek en est le dieu.<\/em>\u2009\u00bb Un divin compliment adress\u00e9 \u00e0\u00a0<strong>Larbi Benbarek<\/strong>, joueur marocain originaire de Casablanca et qui a port\u00e9 le maillot de l\u2019\u00e9quipe de France entre 1938 et 1954.<\/p>\n\n\n\n<p>Pel\u00e9 voyait en grand l\u2019avenir du ballon rond africain. \u00c0 plusieurs reprises, il soutient qu\u2019une nation africaine gagnera le Mondial. \u00ab&nbsp;<em>Ce ne serait pas une surprise si la Coupe du monde 2006 \u00e9tait remport\u00e9e par une \u00e9quipe africaine&nbsp;<\/em>\u00bb, d\u00e9clarait-il ainsi dans son autobiographie. Le roi du football, qui a l\u00e9gu\u00e9 son patronyme \u00e0 des g\u00e9n\u00e9rations de joueurs, dont le Ghan\u00e9en Ab\u00e9di Pel\u00e9, n\u2019aura jamais eu l\u2019immense plaisir de voir sa proph\u00e9tie se r\u00e9aliser.<\/p>\n\n\n\n<p><\/p>\n\n\n\n<p><\/p>\n","protected":false},"excerpt":{"rendered":"<p>Pel\u00e9 est d\u00e9c\u00e9d\u00e9 ce 29 d\u00e9cembre 2022 \u00e0 l\u2019\u00e2ge de 82 ans, quelques jours apr\u00e8s la fin du Mondial 2022<\/p>\n","protected":false},"author":1,"featured_media":5571,"comment_status":"open","ping_status":"open","sticky":false,"template":"","format":"standard","meta":{"footnotes":""},"categories":[9],"tags":[],"class_list":["post-5570","post","type-post","status-publish","format-standard","has-post-thumbnail","hentry","category-sports"],"_links":{"self":[{"href":"https:\/\/dekkbi.com\/index.php?rest_route=\/wp\/v2\/posts\/5570","targetHints":{"allow":["GET"]}}],"collection":[{"href":"https:\/\/dekkbi.com\/index.php?rest_route=\/wp\/v2\/posts"}],"about":[{"href":"https:\/\/dekkbi.com\/index.php?rest_route=\/wp\/v2\/types\/post"}],"author":[{"embeddable":true,"href":"https:\/\/dekkbi.com\/index.php?rest_route=\/wp\/v2\/users\/1"}],"replies":[{"embeddable":true,"href":"https:\/\/dekkbi.com\/index.php?rest_route=%2Fwp%2Fv2%2Fcomments&post=5570"}],"version-history":[{"count":1,"href":"https:\/\/dekkbi.com\/index.php?rest_route=\/wp\/v2\/posts\/5570\/revisions"}],"predecessor-version":[{"id":5572,"href":"https:\/\/dekkbi.com\/index.php?rest_route=\/wp\/v2\/posts\/5570\/revisions\/5572"}],"wp:featuredmedia":[{"embeddable":true,"href":"https:\/\/dekkbi.com\/index.php?rest_route=\/wp\/v2\/media\/5571"}],"wp:attachment":[{"href":"https:\/\/dekkbi.com\/index.php?rest_route=%2Fwp%2Fv2%2Fmedia&parent=5570"}],"wp:term":[{"taxonomy":"category","embeddable":true,"href":"https:\/\/dekkbi.com\/index.php?rest_route=%2Fwp%2Fv2%2Fcategories&post=5570"},{"taxonomy":"post_tag","embeddable":true,"href":"https:\/\/dekkbi.com\/index.php?rest_route=%2Fwp%2Fv2%2Ftags&post=5570"}],"curies":[{"name":"wp","href":"https:\/\/api.w.org\/{rel}","templated":true}]}}