{"id":55692,"date":"2025-04-29T13:06:58","date_gmt":"2025-04-29T13:06:58","guid":{"rendered":"https:\/\/dekkbi.com\/?p=55692"},"modified":"2025-04-29T13:06:58","modified_gmt":"2025-04-29T13:06:58","slug":"ratification-des-commissions-ad-hoc-moustapha-diop-et-ndeye-saly-diop-convoques-cet-apres-midi","status":"publish","type":"post","link":"https:\/\/dekkbi.com\/?p=55692","title":{"rendered":"Ratification des commissions ad hoc : Moustapha Diop et Nd\u00e8ye Saly Diop convoqu\u00e9s cet apr\u00e8s-midi"},"content":{"rendered":"\n<p><strong>L\u2019Assembl\u00e9e nationale a install\u00e9 les commissions ad hoc charg\u00e9es de statuer sur le sort des d\u00e9put\u00e9s Moustapha Diop et Salimata Diop. Cette derni\u00e8re passera devant ses coll\u00e8gues charg\u00e9s de l\u2019auditionner \u00e0 15h, avant que M. Diop ne soit entendu, \u00e0 son tour, \u00e0 17h.<\/strong><\/p>\n\n\n\n<p>&nbsp;Salimata Diop et Moustapha Diop, respectivement ministre de la Femme et du D\u00e9veloppement industriel au moment du Covid-19, et d\u00e9put\u00e9s a l\u2019Assembl\u00e9 nationale sont convoqu\u00e9s, aujourd\u2019hui respectivement \u00e0 15h et 17h devant les commissions ad hoc mise en place pour la lev\u00e9e de leur immunit\u00e9 parlementaire. Leurs d\u00e9partements sous le feu des critiques quant \u00e0 la gestion des fonds Covid-19, les deux d\u00e9put\u00e9s doivent s\u2019expliquer sur les manquements que le rapport de la Cour des comptes a soulign\u00e9s. L\u2019Assembl\u00e9e nationale a install\u00e9 les commissions ad hoc charg\u00e9es de statuer sur leur immunit\u00e9 parlementaire, lundi pass\u00e9. Ainsi, elles sont toutes deux compos\u00e9es de 11 membres.<\/p>\n\n\n\n<p>Il s\u2019agit de Mouhamed Ayib Salim Daff\u00e9, Abdoulaye Tall, Assoumana Sarr, Youngar Dione, Marie Ang\u00e9lique Mame Salb\u00e9 Diouf, Nd\u00e8ye Marie San\u00e9, Sokhna Diarra Thiaw, Mayab\u00e9 Mbaye et Safiatou Sow pour la majorit\u00e9, pour Moustapha Diop et Salimata Diop. Djimo Souar\u00e9 repr\u00e9sente le Groupe parlementaire Takku Wallu et Moussa Hamadou Sarr les non-inscrits pour la Commission ad hoc portant sur le dossier de Moustapha Diop.<\/p>\n\n\n\n<p>Quant \u00e0 la Commission ad hoc qui va statuer sur le cas de Salimata Diop, les repr\u00e9sentants du Groupe parlementaire Takku Wallu et des non-inscrits sont respectivement Birame Fofana et Anta Babacar Ngom.<\/p>\n\n\n\n<p>Le 2 mai prochain, une s\u00e9ance pl\u00e9ni\u00e8re est programm\u00e9e pour entamer les travaux. En r\u00e9alit\u00e9, ils sont 8 anciens ministres de Macky Sall qui sont vis\u00e9s. Faut-il le rappeler, le Procureur g\u00e9n\u00e9ral pr\u00e8s la Cour d\u2019appel de Dakar, Mback\u00e9 Fall, avait annonc\u00e9 l\u2019ouverture de poursuites judiciaires contre ces anciens membres du gouvernement, en lien avec des irr\u00e9gularit\u00e9s relev\u00e9es dans la gestion du rapport Force Covid-19.<\/p>\n\n\n\n<p><strong>Par Malick GAYE \u2013<\/strong> <strong>mgaye@lequotidien.sn<\/strong><\/p>\n","protected":false},"excerpt":{"rendered":"<p>L\u2019Assembl\u00e9e nationale a install\u00e9 les commissions ad hoc charg\u00e9es de statuer sur le sort des d\u00e9put\u00e9s Moustapha Diop et Salimata<\/p>\n","protected":false},"author":1,"featured_media":55693,"comment_status":"open","ping_status":"open","sticky":false,"template":"","format":"standard","meta":{"footnotes":""},"categories":[6],"tags":[],"class_list":["post-55692","post","type-post","status-publish","format-standard","has-post-thumbnail","hentry","category-politics"],"_links":{"self":[{"href":"https:\/\/dekkbi.com\/index.php?rest_route=\/wp\/v2\/posts\/55692","targetHints":{"allow":["GET"]}}],"collection":[{"href":"https:\/\/dekkbi.com\/index.php?rest_route=\/wp\/v2\/posts"}],"about":[{"href":"https:\/\/dekkbi.com\/index.php?rest_route=\/wp\/v2\/types\/post"}],"author":[{"embeddable":true,"href":"https:\/\/dekkbi.com\/index.php?rest_route=\/wp\/v2\/users\/1"}],"replies":[{"embeddable":true,"href":"https:\/\/dekkbi.com\/index.php?rest_route=%2Fwp%2Fv2%2Fcomments&post=55692"}],"version-history":[{"count":1,"href":"https:\/\/dekkbi.com\/index.php?rest_route=\/wp\/v2\/posts\/55692\/revisions"}],"predecessor-version":[{"id":55694,"href":"https:\/\/dekkbi.com\/index.php?rest_route=\/wp\/v2\/posts\/55692\/revisions\/55694"}],"wp:featuredmedia":[{"embeddable":true,"href":"https:\/\/dekkbi.com\/index.php?rest_route=\/wp\/v2\/media\/55693"}],"wp:attachment":[{"href":"https:\/\/dekkbi.com\/index.php?rest_route=%2Fwp%2Fv2%2Fmedia&parent=55692"}],"wp:term":[{"taxonomy":"category","embeddable":true,"href":"https:\/\/dekkbi.com\/index.php?rest_route=%2Fwp%2Fv2%2Fcategories&post=55692"},{"taxonomy":"post_tag","embeddable":true,"href":"https:\/\/dekkbi.com\/index.php?rest_route=%2Fwp%2Fv2%2Ftags&post=55692"}],"curies":[{"name":"wp","href":"https:\/\/api.w.org\/{rel}","templated":true}]}}