{"id":55688,"date":"2025-04-29T13:05:13","date_gmt":"2025-04-29T13:05:13","guid":{"rendered":"https:\/\/dekkbi.com\/?p=55688"},"modified":"2025-04-29T13:05:14","modified_gmt":"2025-04-29T13:05:14","slug":"le-senegal-va-proceder-a-une-restructuration-du-mcc-power-compact-apres-le-retrait-des-etats-unis-damerique","status":"publish","type":"post","link":"https:\/\/dekkbi.com\/?p=55688","title":{"rendered":"Le S\u00e9n\u00e9gal va proc\u00e9der \u00e0 une restructuration du MCC Power Compact, apr\u00e8s le retrait des \u00c9tats-Unis d\u2019Am\u00e9rique"},"content":{"rendered":"\n<p>Dakar, 28 avr (APS) \u2013 Le S\u00e9n\u00e9gal va proc\u00e9der \u00e0 une restructuration du MCC Power Compact, un vaste programme d\u2019\u00e9lectrification destin\u00e9 surtout \u00e0 ses zones rurales et financ\u00e9 avec pr\u00e8s de 290 milliards de francs CFA du gouvernement am\u00e9ricain, Washington ayant d\u00e9cid\u00e9 de ne plus contribuer \u00e0 son financement, a annonc\u00e9, lundi, \u00e0 Dakar, le directeur g\u00e9n\u00e9ral du Millenium Challenge Account (MCA) S\u00e9n\u00e9gal, Oumar Diop.<\/p>\n\n\n\n<p>\u2018\u2019Avec les autorit\u00e9s s\u00e9n\u00e9galaises, nous allons proc\u00e9der \u00e0 une restructuration du Power Compact\u2019\u2019, a-t-il assur\u00e9 dans une interview donn\u00e9e \u00e0 l\u2019APS et \u00e0 la RTS.<\/p>\n\n\n\n<p>Il s\u2019agit, pour le S\u00e9n\u00e9gal, de \u2018\u2019prendre en charge [sa] souverainet\u00e9 \u00e9nerg\u00e9tique\u2019\u2019, a dit M. Diop.<\/p>\n\n\n\n<p>Les \u00c9tats-Unis d\u2019Am\u00e9rique vont boucler d\u00e9finitivement, dans trois mois, leur participation au MCC Power Compact et laisser le gouvernement s\u00e9n\u00e9galais poursuivre avec ses propres moyens ce programme, a-t-il d\u00e9clar\u00e9.<\/p>\n\n\n\n<p>\u2018\u2019Le gouvernement am\u00e9ricain a fait savoir par lettre, \u00e0 notre pays, qu\u2019il mettra fin, dans trois mois, au financement des projets du MCC Power Compact\u2019\u2019, a poursuivi le directeur g\u00e9n\u00e9ral du MCA S\u00e9n\u00e9gal.<\/p>\n\n\n\n<p>\u2018\u2019Les \u00c9tats-Unis ont fait savoir qu\u2019ils mettent fin \u00e0 tout financement concernant le MCC Power Compact, apr\u00e8s les trois prochains mois\u2019\u2019, a-t-il insist\u00e9, pr\u00e9cisant que \u2018\u2019les autorit\u00e9s s\u00e9n\u00e9galaises ont d\u00e9cid\u00e9 [\u2026] de poursuive ce programme avec leurs propres fonds, jusqu\u2019\u00e0 son ach\u00e8vement\u2019\u2019.<\/p>\n\n\n\n<p>Le directeur g\u00e9n\u00e9ral du Millenium Challenge Account S\u00e9n\u00e9gal, Oumar Diop<\/p>\n\n\n\n<p>Les minist\u00e8res de l\u2019\u00c9nergie, du P\u00e9trole et des Mines, de l\u2019\u00c9conomie, du Plan et de la Coop\u00e9ration, l\u2019Agence s\u00e9n\u00e9galaise d\u2019\u00e9lectrification rurale et la Soci\u00e9t\u00e9 nationale d\u2019\u00e9lectricit\u00e9 du S\u00e9n\u00e9gal vont contribuer \u00e0 la r\u00e9alisation de ce vaste programme de construction d\u2019infrastructures \u00e9lectriques, aux c\u00f4t\u00e9s du MCA S\u00e9n\u00e9gal, selon Oumar Diop.<\/p>\n\n\n\n<p>\u2018\u2019Nous mettrons l\u2019accent sur le projet de modernisation du r\u00e9seau \u00e9lectrique de haute tension\u2019\u2019, a-t-il assur\u00e9 en parlant l\u00e0 de l\u2019un des volets du programme.<\/p>\n\n\n\n<p>Le MCC Power Compact inclut un volet de construction de r\u00e9seaux de c\u00e2bles 225 kilovolts en mer, dans la baie de Gor\u00e9e, de c\u00e2bles souterrains 225 kilovolts, \u00e0 partir de Kounoune, et d\u2019autres infrastructures \u00e9lectriques \u00e0 Bel Air, Hann, \u00e0 la Patte d\u2019oie, \u00e0 Touba, Diass, Tob\u00e8ne et au cap des Biches.<\/p>\n\n\n\n<p><strong>\u2014 Environ 57,4 milliards de francs CFA sont n\u00e9cessaires pour boucler la r\u00e9alisation du programme \u2014&nbsp;<\/strong><\/p>\n\n\n\n<p>Le S\u00e9n\u00e9gal va, en poursuivant la r\u00e9alisation du programme, s\u2019appesantir sur la construction des r\u00e9seaux en question, les c\u00e2bles souterrains et les c\u00e2bles sous-marins, selon le directeur g\u00e9n\u00e9ral du MCA S\u00e9n\u00e9gal.<\/p>\n\n\n\n<p>\u2018\u2019Ces travaux sont en cours. Les c\u00e2bles sont en train d\u2019\u00eatre enterr\u00e9s\u2019\u2019, a ajout\u00e9 Oumar Diop, estimant que 50 % des travaux relatifs aux c\u00e2bles sous-marins ont d\u00e9j\u00e0 \u00e9t\u00e9 effectu\u00e9s.<\/p>\n\n\n\n<p>\u2018\u2019Au plus tard en juin de l\u2019ann\u00e9e 2026, nous pourrons terminer ces travaux\u2019\u2019, esp\u00e8re-t-il.<\/p>\n\n\n\n<p>Le directeur g\u00e9n\u00e9ral du MCA S\u00e9n\u00e9gal rappelle que le MCC Power Compact comprend aussi un volet \u2018\u2019extr\u00eamement important\u2019\u2019, qui est consacr\u00e9 \u00e0 l\u2019\u00e9lectrification rurale, et un volet de \u2018\u2019modernisation\u2019\u2019 du r\u00e9seau \u00e9lectrique des 14 r\u00e9gions du S\u00e9n\u00e9gal.<\/p>\n\n\n\n<p>Le programme avait une dur\u00e9e d\u2019ex\u00e9cution de six ans, dont il ne restait qu\u2019un an et demi lorsque le gouvernement am\u00e9ricain a annonc\u00e9 la suspension de sa participation \u00e0 son financement en f\u00e9vrier dernier. Son budget est de 550 millions de dollars am\u00e9ricains, environ 316 milliards de francs CFA.<\/p>\n\n\n\n<p>Les 500 millions (environ 287 milliards de francs CFA) sont fournis par le gouvernement des \u00c9tats-Unis d\u2019Am\u00e9rique, dans le cadre de sa politique d\u2019aide publique au d\u00e9veloppement, le restant (environ 28,7 milliards de francs CFA) \u00e9tant \u00e0 la charge de l\u2019\u00c9tat du S\u00e9n\u00e9gal.<\/p>\n\n\n\n<p><strong>\u2014 Le MCC Power Compact g\u00e9n\u00e8re environ 1 500 emplois indirects et une centaine d\u2019emplois directs \u2014&nbsp;<\/strong><\/p>\n\n\n\n<p>Le MCC Power Compact est mis en \u0153uvre par le MCA S\u00e9n\u00e9gal, une autonomie administrative cr\u00e9\u00e9e en 2020 et plac\u00e9e sous la tutelle technique du secr\u00e9tariat g\u00e9n\u00e9ral de la pr\u00e9sidence s\u00e9n\u00e9galaise. Le minist\u00e8re des Finances et du Budget en assure la tutelle financi\u00e8re.&nbsp;<\/p>\n\n\n\n<p>\u2018\u2019Avec la restructuration, on consid\u00e8re [\u2026] qu\u2019environ 100 millions de dollars am\u00e9ricains (environ 57,4 milliards de francs CFA, selon le cours actuel du dollar) devraient \u00eatre suffisants\u2019\u2019 pour r\u00e9aliser le restant du programme, estime Oumar Diop.<\/p>\n\n\n\n<p>Le MCC Power Compact g\u00e9n\u00e8re environ 1 500 emplois indirects et une centaine d\u2019emplois directs, selon M. Diop.<\/p>\n\n\n\n<p>\u2018\u2019Notre ambition, aujourd\u2019hui, c\u2019est de ne pas supprimer des emplois, parce que nous sommes dans [la] continuit\u00e9 du Compact\u2019\u2019, a-t-il assur\u00e9.<\/p>\n\n\n\n<p>MFD\/ESF\/OID<\/p>\n","protected":false},"excerpt":{"rendered":"<p>Dakar, 28 avr (APS) \u2013 Le S\u00e9n\u00e9gal va proc\u00e9der \u00e0 une restructuration du MCC Power Compact, un vaste programme d\u2019\u00e9lectrification<\/p>\n","protected":false},"author":1,"featured_media":55689,"comment_status":"open","ping_status":"open","sticky":false,"template":"","format":"standard","meta":{"footnotes":""},"categories":[3],"tags":[],"class_list":["post-55688","post","type-post","status-publish","format-standard","has-post-thumbnail","hentry","category-event-more-news"],"_links":{"self":[{"href":"https:\/\/dekkbi.com\/index.php?rest_route=\/wp\/v2\/posts\/55688","targetHints":{"allow":["GET"]}}],"collection":[{"href":"https:\/\/dekkbi.com\/index.php?rest_route=\/wp\/v2\/posts"}],"about":[{"href":"https:\/\/dekkbi.com\/index.php?rest_route=\/wp\/v2\/types\/post"}],"author":[{"embeddable":true,"href":"https:\/\/dekkbi.com\/index.php?rest_route=\/wp\/v2\/users\/1"}],"replies":[{"embeddable":true,"href":"https:\/\/dekkbi.com\/index.php?rest_route=%2Fwp%2Fv2%2Fcomments&post=55688"}],"version-history":[{"count":1,"href":"https:\/\/dekkbi.com\/index.php?rest_route=\/wp\/v2\/posts\/55688\/revisions"}],"predecessor-version":[{"id":55690,"href":"https:\/\/dekkbi.com\/index.php?rest_route=\/wp\/v2\/posts\/55688\/revisions\/55690"}],"wp:featuredmedia":[{"embeddable":true,"href":"https:\/\/dekkbi.com\/index.php?rest_route=\/wp\/v2\/media\/55689"}],"wp:attachment":[{"href":"https:\/\/dekkbi.com\/index.php?rest_route=%2Fwp%2Fv2%2Fmedia&parent=55688"}],"wp:term":[{"taxonomy":"category","embeddable":true,"href":"https:\/\/dekkbi.com\/index.php?rest_route=%2Fwp%2Fv2%2Fcategories&post=55688"},{"taxonomy":"post_tag","embeddable":true,"href":"https:\/\/dekkbi.com\/index.php?rest_route=%2Fwp%2Fv2%2Ftags&post=55688"}],"curies":[{"name":"wp","href":"https:\/\/api.w.org\/{rel}","templated":true}]}}