{"id":55684,"date":"2025-04-29T12:49:35","date_gmt":"2025-04-29T12:49:35","guid":{"rendered":"https:\/\/dekkbi.com\/?p=55684"},"modified":"2025-04-29T12:49:35","modified_gmt":"2025-04-29T12:49:35","slug":"la-conacoc-annonce-une-date-pour-la-fete-de-la-tabaski-2025","status":"publish","type":"post","link":"https:\/\/dekkbi.com\/?p=55684","title":{"rendered":"La Conacoc annonce une date pour la f\u00eate de la Tabaski 2025"},"content":{"rendered":"\n<p>R\u00e9unie ce lundi 28 avril 2025 dans les locaux de la RTS, la Commission nationale de concertation sur le croissant lunaire (CONACOC) a communiqu\u00e9 la date officielle du d\u00e9but du mois de Dhul-Qada, \u00e9galement connu au S\u00e9n\u00e9gal sous le nom de mois de Diggi Tabaski.<\/p>\n\n\n\n<p><strong>Vers une c\u00e9l\u00e9bration le 7 juin<\/strong><\/p>\n\n\n\n<p>\u00c0 l\u2019issue de ses consultations men\u00e9es dans les quatorze r\u00e9gions et quarante-six d\u00e9partements du pays, la Commission a indiqu\u00e9 qu\u2019aucune apparition du croissant lunaire n\u2019a \u00e9t\u00e9 signal\u00e9e. Cette conclusion a \u00e9t\u00e9 \u00e9tablie en coordination avec les familles religieuses, les imams et les observateurs locaux.<\/p>\n\n\n\n<p>Faute d\u2019observation du croissant lunaire, la CONACOC a d\u00e9cid\u00e9 que le mois de Dhul-Qada d\u00e9butera le mercredi 30 avril 2025. En se basant sur le calendrier musulman selon la Conacoc dans son communiqu\u00e9e, la f\u00eate de la Tabaski (Eid al-Adha) sera donc c\u00e9l\u00e9br\u00e9e quarante jours plus tard. Le d\u00e9compte effectu\u00e9 tombe sur le samedi 7 juin 2025.<\/p>\n\n\n\n<figure class=\"wp-block-image size-full\"><img loading=\"lazy\" decoding=\"async\" width=\"636\" height=\"876\" src=\"https:\/\/dekkbi.com\/wp-content\/uploads\/2025\/04\/image-3.png\" alt=\"\" class=\"wp-image-55685\" srcset=\"https:\/\/dekkbi.com\/wp-content\/uploads\/2025\/04\/image-3.png 636w, https:\/\/dekkbi.com\/wp-content\/uploads\/2025\/04\/image-3-218x300.png 218w\" sizes=\"auto, (max-width: 636px) 100vw, 636px\" \/><\/figure>\n","protected":false},"excerpt":{"rendered":"<p>R\u00e9unie ce lundi 28 avril 2025 dans les locaux de la RTS, la Commission nationale de concertation sur le croissant<\/p>\n","protected":false},"author":1,"featured_media":55686,"comment_status":"open","ping_status":"open","sticky":false,"template":"","format":"standard","meta":{"footnotes":""},"categories":[21],"tags":[],"class_list":["post-55684","post","type-post","status-publish","format-standard","has-post-thumbnail","hentry","category-societe"],"_links":{"self":[{"href":"https:\/\/dekkbi.com\/index.php?rest_route=\/wp\/v2\/posts\/55684","targetHints":{"allow":["GET"]}}],"collection":[{"href":"https:\/\/dekkbi.com\/index.php?rest_route=\/wp\/v2\/posts"}],"about":[{"href":"https:\/\/dekkbi.com\/index.php?rest_route=\/wp\/v2\/types\/post"}],"author":[{"embeddable":true,"href":"https:\/\/dekkbi.com\/index.php?rest_route=\/wp\/v2\/users\/1"}],"replies":[{"embeddable":true,"href":"https:\/\/dekkbi.com\/index.php?rest_route=%2Fwp%2Fv2%2Fcomments&post=55684"}],"version-history":[{"count":1,"href":"https:\/\/dekkbi.com\/index.php?rest_route=\/wp\/v2\/posts\/55684\/revisions"}],"predecessor-version":[{"id":55687,"href":"https:\/\/dekkbi.com\/index.php?rest_route=\/wp\/v2\/posts\/55684\/revisions\/55687"}],"wp:featuredmedia":[{"embeddable":true,"href":"https:\/\/dekkbi.com\/index.php?rest_route=\/wp\/v2\/media\/55686"}],"wp:attachment":[{"href":"https:\/\/dekkbi.com\/index.php?rest_route=%2Fwp%2Fv2%2Fmedia&parent=55684"}],"wp:term":[{"taxonomy":"category","embeddable":true,"href":"https:\/\/dekkbi.com\/index.php?rest_route=%2Fwp%2Fv2%2Fcategories&post=55684"},{"taxonomy":"post_tag","embeddable":true,"href":"https:\/\/dekkbi.com\/index.php?rest_route=%2Fwp%2Fv2%2Ftags&post=55684"}],"curies":[{"name":"wp","href":"https:\/\/api.w.org\/{rel}","templated":true}]}}