{"id":55666,"date":"2025-04-28T12:33:00","date_gmt":"2025-04-28T12:33:00","guid":{"rendered":"https:\/\/dekkbi.com\/?p=55666"},"modified":"2025-04-28T12:33:00","modified_gmt":"2025-04-28T12:33:00","slug":"finances-publiques-la-dic-relance-la-traque-des-milliards-disparus-entre-2019-et-2024","status":"publish","type":"post","link":"https:\/\/dekkbi.com\/?p=55666","title":{"rendered":"Finances publiques : la DIC relance la traque des milliards disparus entre 2019 et 2024\u201d"},"content":{"rendered":"\n<p>La machine judiciaire ne s\u2019arr\u00eate plus. Apr\u00e8s une premi\u00e8re vague d\u2019enqu\u00eates tambour battant sur la gestion controvers\u00e9e des fonds Covid-19, une nouvelle saison s\u2019ouvre pour la Division des investigations criminelles (DIC). Dans son \u00e9dition du lundi 28 avril 2025,\u00a0<em>L\u2019Observateur<\/em>\u00a0r\u00e9v\u00e8le que, sur saisine du parquet financier, les enqu\u00eateurs de la DIC ont \u00e9t\u00e9 officiellement charg\u00e9s de faire toute la lumi\u00e8re sur une\u00a0<strong>gestion n\u00e9buleuse des finances publiques couvrant la p\u00e9riode 2019-2024<\/strong>.<br><br>Selon les informations exclusives de\u00a0<em>L\u2019Observateur<\/em>, cette offensive judiciaire, estampill\u00e9e \u201cdeuxi\u00e8me saison\u201d, vise sp\u00e9cifiquement des pratiques douteuses attribu\u00e9es \u00e0 plusieurs hauts fonctionnaires ayant occup\u00e9 des postes strat\u00e9giques sous l\u2019ancien r\u00e9gime. Une r\u00e9union technique de haut niveau a d\u2019ailleurs \u00e9t\u00e9 programm\u00e9e d\u00e8s le d\u00e9but de la semaine, pour aligner les magistrats sp\u00e9cialis\u00e9s et les enqu\u00eateurs sur les contours op\u00e9rationnels de cette vaste enqu\u00eate.<br><br>Le ton est donn\u00e9 : pr\u00e8s d\u2019une dizaine de hauts cadres de l\u2019\u00c9tat ouvriront le bal des auditions. Au c\u0153ur de la temp\u00eate judiciaire : les\u00a0<strong>conclusions accablantes<\/strong>\u00a0du rapport de la Cour des comptes sur la gestion financi\u00e8re durant les cinq derni\u00e8res ann\u00e9es du r\u00e9gime pr\u00e9c\u00e9dent. Ce document explosif, rappelle\u00a0<em>L\u2019Observateur<\/em>, a r\u00e9v\u00e9l\u00e9 de graves \u201cdiscordances\u201d sur les chiffres de la dette publique, des anomalies criantes dans la gestion des projets financ\u00e9s par l\u2019\u00c9tat et des tirages sur ressources ext\u00e9rieures volontairement minimis\u00e9s dans les bilans adress\u00e9s aux partenaires internationaux.<br><br>Pis encore : des d\u00e9p\u00f4ts bancaires de l\u2019\u00c9tat mal g\u00e9r\u00e9s, une dette bancaire contract\u00e9e en dehors du circuit budg\u00e9taire et sciemment dissimul\u00e9e aux comptes publics, viennent noircir un tableau d\u00e9j\u00e0 bien charg\u00e9. Un \u201ccarnage financier\u201d, selon les termes tr\u00e8s durs employ\u00e9s par le Premier ministre Ousmane Sonko en septembre 2024, qui avait ouvertement accus\u00e9 l\u2019ancien gouvernement d\u2019avoir falsifi\u00e9 des chiffres pour masquer l\u2019ampleur r\u00e9elle de la crise budg\u00e9taire.<\/p>\n\n\n\n<p>SOURCE DAKARACTU<\/p>\n","protected":false},"excerpt":{"rendered":"<p>La machine judiciaire ne s\u2019arr\u00eate plus. Apr\u00e8s une premi\u00e8re vague d\u2019enqu\u00eates tambour battant sur la gestion controvers\u00e9e des fonds Covid-19,<\/p>\n","protected":false},"author":1,"featured_media":29732,"comment_status":"open","ping_status":"open","sticky":false,"template":"","format":"standard","meta":{"footnotes":""},"categories":[3],"tags":[],"class_list":["post-55666","post","type-post","status-publish","format-standard","has-post-thumbnail","hentry","category-event-more-news"],"_links":{"self":[{"href":"https:\/\/dekkbi.com\/index.php?rest_route=\/wp\/v2\/posts\/55666","targetHints":{"allow":["GET"]}}],"collection":[{"href":"https:\/\/dekkbi.com\/index.php?rest_route=\/wp\/v2\/posts"}],"about":[{"href":"https:\/\/dekkbi.com\/index.php?rest_route=\/wp\/v2\/types\/post"}],"author":[{"embeddable":true,"href":"https:\/\/dekkbi.com\/index.php?rest_route=\/wp\/v2\/users\/1"}],"replies":[{"embeddable":true,"href":"https:\/\/dekkbi.com\/index.php?rest_route=%2Fwp%2Fv2%2Fcomments&post=55666"}],"version-history":[{"count":1,"href":"https:\/\/dekkbi.com\/index.php?rest_route=\/wp\/v2\/posts\/55666\/revisions"}],"predecessor-version":[{"id":55667,"href":"https:\/\/dekkbi.com\/index.php?rest_route=\/wp\/v2\/posts\/55666\/revisions\/55667"}],"wp:featuredmedia":[{"embeddable":true,"href":"https:\/\/dekkbi.com\/index.php?rest_route=\/wp\/v2\/media\/29732"}],"wp:attachment":[{"href":"https:\/\/dekkbi.com\/index.php?rest_route=%2Fwp%2Fv2%2Fmedia&parent=55666"}],"wp:term":[{"taxonomy":"category","embeddable":true,"href":"https:\/\/dekkbi.com\/index.php?rest_route=%2Fwp%2Fv2%2Fcategories&post=55666"},{"taxonomy":"post_tag","embeddable":true,"href":"https:\/\/dekkbi.com\/index.php?rest_route=%2Fwp%2Fv2%2Ftags&post=55666"}],"curies":[{"name":"wp","href":"https:\/\/api.w.org\/{rel}","templated":true}]}}