{"id":55586,"date":"2025-04-25T09:30:04","date_gmt":"2025-04-25T09:30:04","guid":{"rendered":"https:\/\/dekkbi.com\/?p=55586"},"modified":"2025-04-25T09:31:39","modified_gmt":"2025-04-25T09:31:39","slug":"printemps-du-fmi-et-de-la-banque-mondiale-le-senegal-renforce-son-partenariat-avec-lifc-international-finance-corporation","status":"publish","type":"post","link":"https:\/\/dekkbi.com\/?p=55586","title":{"rendered":"Printemps du FMI et de la Banque mondiale : Le S\u00e9n\u00e9gal renforce son partenariat avec l\u2019IFC &#8211; International Finance Corporation"},"content":{"rendered":"\n<h3 class=\"wp-block-heading\">En marge des R\u00e9unions de Printemps du FMI et de la Banque mondiale, le Ministre des Finances et du Budget, M. Cheikh Diba, accompagn\u00e9 de ses homologues du Gouvernement, a rencontr\u00e9 M. Makhtar Diop, Directeur g\u00e9n\u00e9ral de l\u2019IFC.<\/h3>\n\n\n\n<p>Au c\u0153ur des \u00e9changes, s\u2019inscrit le financement et l\u2019ex\u00e9cution des projets structurants, les efforts pour renforcer la coop\u00e9ration dans la production d\u2019\u00e9lectricit\u00e9, la n\u00e9cessit\u00e9 de simplifier la conception des projets pour en am\u00e9liorer l\u2019ex\u00e9cution, ainsi que l\u2019enjeu de structurer des projets catalytiques \u00e0 fort impact.<\/p>\n\n\n\n<p>Dans un souci d\u2019efficacit\u00e9 accrue, le Gouvernement du S\u00e9n\u00e9gal a pr\u00e9sent\u00e9 son nouveau dispositif de gestion des projets, reposant sur les principes de coh\u00e9rence, de transparence et de performance, afin d\u2019assurer un alignement optimal, entre les attentes des partenaires techniques et financiers et les ambitions nationales.<\/p>\n\n\n\n<p>L\u2019IFC a salu\u00e9 cette dynamique et r\u00e9affirm\u00e9 son engagement \u00e0 accompagner le S\u00e9n\u00e9gal dans la mise en \u0153uvre de ses ambitions, en parfaite coh\u00e9rence avec le r\u00e9f\u00e9rentiel strat\u00e9gique S\u00e9n\u00e9gal Vision 2050.<\/p>\n\n\n\n<p>SOURCE LERAL<\/p>\n\n\n\n<figure class=\"wp-block-image size-full\"><img loading=\"lazy\" decoding=\"async\" width=\"729\" height=\"486\" src=\"https:\/\/dekkbi.com\/wp-content\/uploads\/2025\/04\/image-2.png\" alt=\"\" class=\"wp-image-55587\" srcset=\"https:\/\/dekkbi.com\/wp-content\/uploads\/2025\/04\/image-2.png 729w, https:\/\/dekkbi.com\/wp-content\/uploads\/2025\/04\/image-2-300x200.png 300w\" sizes=\"auto, (max-width: 729px) 100vw, 729px\" \/><\/figure>\n","protected":false},"excerpt":{"rendered":"<p>En marge des R\u00e9unions de Printemps du FMI et de la Banque mondiale, le Ministre des Finances et du Budget,<\/p>\n","protected":false},"author":1,"featured_media":55588,"comment_status":"open","ping_status":"open","sticky":false,"template":"","format":"standard","meta":{"footnotes":""},"categories":[6],"tags":[],"class_list":["post-55586","post","type-post","status-publish","format-standard","has-post-thumbnail","hentry","category-politics"],"_links":{"self":[{"href":"https:\/\/dekkbi.com\/index.php?rest_route=\/wp\/v2\/posts\/55586","targetHints":{"allow":["GET"]}}],"collection":[{"href":"https:\/\/dekkbi.com\/index.php?rest_route=\/wp\/v2\/posts"}],"about":[{"href":"https:\/\/dekkbi.com\/index.php?rest_route=\/wp\/v2\/types\/post"}],"author":[{"embeddable":true,"href":"https:\/\/dekkbi.com\/index.php?rest_route=\/wp\/v2\/users\/1"}],"replies":[{"embeddable":true,"href":"https:\/\/dekkbi.com\/index.php?rest_route=%2Fwp%2Fv2%2Fcomments&post=55586"}],"version-history":[{"count":2,"href":"https:\/\/dekkbi.com\/index.php?rest_route=\/wp\/v2\/posts\/55586\/revisions"}],"predecessor-version":[{"id":55590,"href":"https:\/\/dekkbi.com\/index.php?rest_route=\/wp\/v2\/posts\/55586\/revisions\/55590"}],"wp:featuredmedia":[{"embeddable":true,"href":"https:\/\/dekkbi.com\/index.php?rest_route=\/wp\/v2\/media\/55588"}],"wp:attachment":[{"href":"https:\/\/dekkbi.com\/index.php?rest_route=%2Fwp%2Fv2%2Fmedia&parent=55586"}],"wp:term":[{"taxonomy":"category","embeddable":true,"href":"https:\/\/dekkbi.com\/index.php?rest_route=%2Fwp%2Fv2%2Fcategories&post=55586"},{"taxonomy":"post_tag","embeddable":true,"href":"https:\/\/dekkbi.com\/index.php?rest_route=%2Fwp%2Fv2%2Ftags&post=55586"}],"curies":[{"name":"wp","href":"https:\/\/api.w.org\/{rel}","templated":true}]}}