{"id":55571,"date":"2025-04-25T09:15:54","date_gmt":"2025-04-25T09:15:54","guid":{"rendered":"https:\/\/dekkbi.com\/?p=55571"},"modified":"2025-04-25T09:15:54","modified_gmt":"2025-04-25T09:15:54","slug":"ladministration-americaine-autorise-la-poursuite-de-ses-projets-delectrification-au-senegal","status":"publish","type":"post","link":"https:\/\/dekkbi.com\/?p=55571","title":{"rendered":"L\u2019administration am\u00e9ricaine autorise la poursuite de ses projets d\u2019\u00e9lectrification au S\u00e9n\u00e9gal"},"content":{"rendered":"\n<p>Dakar, 24 avr (APS) \u2013 Les projets financ\u00e9s par les \u00c9tats-Unis d\u2019Am\u00e9rique au S\u00e9n\u00e9gal pour l\u2019acc\u00e8s du monde rural \u00e0 l\u2019\u00e9lectricit\u00e9 et la r\u00e9forme institutionnelle du secteur de l\u2019\u00e9nergie ont repris leurs activit\u00e9s, le MCA-S\u00e9n\u00e9gal ayant obtenu l\u2019accord de l\u2019administration de Donald Trump pour les faire red\u00e9marrer, a-t-on appris, jeudi, de son directeur g\u00e9n\u00e9ral, Oumar Diop.<\/p>\n\n\n\n<p>\u2018\u2019Avec l\u2019exception accord\u00e9e au MCA-S\u00e9n\u00e9gal II par l\u2019administration am\u00e9ricaine au mois de mars 2025, concernant le MCC Power Compact du S\u00e9n\u00e9gal, la reprise des activit\u00e9s [a] \u00e9t\u00e9 effective sur l\u2019ensemble des projets de modernisation du transport d\u2019\u00e9lectricit\u00e9\u2019\u2019, a \u00e9crit M. Diop sur sa page Facebook.<\/p>\n\n\n\n<p>Le MCA-S\u00e9n\u00e9gal est l\u2019organisme am\u00e9ricain charg\u00e9 de l\u2019ex\u00e9cution du programme MCC Power Compact, qui comprend plusieurs projets.<\/p>\n\n\n\n<p>Ces projets prennent en compte l\u2019acc\u00e8s \u00e0 l\u2019\u00e9lectricit\u00e9 dans les zones rurales et p\u00e9riurbaines, selon le directeur g\u00e9n\u00e9ral du MCA-S\u00e9n\u00e9gal. Ils incluent un volet consacr\u00e9 \u00e0 la r\u00e9forme institutionnelle du secteur de l\u2019\u00e9nergie.<\/p>\n\n\n\n<p>La mise en \u0153uvre des projets en question avait \u00e9t\u00e9 suspendue en f\u00e9vrier dernier par l\u2019administration am\u00e9ricaine, en m\u00eame temps que de nombreux programmes d\u2019aide du gouvernement am\u00e9ricain ex\u00e9cut\u00e9s dans plusieurs pays.<\/p>\n\n\n\n<p>L\u2019\u2018\u2019exception accord\u00e9e\u2019\u2019 par les \u00c9tats-Unis d\u2019Am\u00e9rique \u2018\u2019a permis l\u2019avancement [de] la r\u00e9alisation des r\u00e9seaux des c\u00e2bles 225 kilovolts en mer, dans la baie de Gor\u00e9e, des c\u00e2bles souterrains 225 kilovolts, \u00e0 partir de Kounoune, et des postes GIS\/AIS de Bel Air, Hann, Patte d\u2019oie, Touba, Diass, Tob\u00e8ne, \u2018A\u00e9roport\u2019 et cap des Biches\u2019\u2019, a annonc\u00e9 Oumar Diop.<\/p>\n\n\n\n<p>\u2018\u2019Idem pour les villages [concern\u00e9s] dans les r\u00e9gions&nbsp; de Kaolack, Fatick, Tambacounda, Kolda et S\u00e9dhiou, pour les volets d\u2019\u00e9lectrification rurale, d\u2019am\u00e9lioration du r\u00e9seau sur l\u2019ensemble du territoire et de la facilitation \u00e0 l\u2019acc\u00e8s aux \u00e9quipements productifs, au profit des populations vuln\u00e9rables\u2019\u2019, a-t-il ajout\u00e9.<\/p>\n\n\n\n<p><strong>\u2014 \u2018\u2019Nous ne pouvons pas continuer \u00e0 d\u00e9pendre de l\u2019aide \u00e9trang\u00e8re\u2019\u2019 \u2014<\/strong><\/p>\n\n\n\n<p>Oumar Diop assure que \u2018\u2019ces investissements tr\u00e8s strat\u00e9giques pour notre souverainet\u00e9 \u00e9nerg\u00e9tique seront [\u2026] finalis\u00e9s par le gouvernement du S\u00e9n\u00e9gal, dans les dix-huit mois restants de la mise en \u0153uvre du compact\u2019\u2019.<\/p>\n\n\n\n<p>La suspension de l\u2019aide publique au d\u00e9veloppement annonc\u00e9e par le pr\u00e9sident des \u00c9tats-Unis d\u2019Am\u00e9rique concerne un programme d\u2019\u00e9lectrification mis en \u0153uvre au S\u00e9n\u00e9gal avec un financement de 318 milliards de francs CFA du gouvernement am\u00e9ricain, a d\u00e9clar\u00e9 le Premier ministre s\u00e9n\u00e9galais, Ousmane Sonko, le 3 f\u00e9vrier dernier, \u00e0 Fass Tour\u00e9, dans la r\u00e9gion de Louga (nord).<\/p>\n\n\n\n<p>\u2018\u2019Nous ne pouvons pas continuer \u00e0 d\u00e9pendre de l\u2019aide \u00e9trang\u00e8re. Avant-hier, le nouveau pr\u00e9sident am\u00e9ricain a annonc\u00e9 une suspension de tous les programmes d\u2019aide au d\u00e9veloppement des \u00c9tats-Unis en faveur des pays pauvres, pour une dur\u00e9e de trois mois, en attendant de voir ce qu\u2019il en fera\u2019\u2019, avait-il dit.<\/p>\n\n\n\n<p>\u2018\u2019L\u2019un des financements suspendus \u00e9tait destin\u00e9 \u00e0 un programme d\u2019\u00e9lectrification mis en \u0153uvre au S\u00e9n\u00e9gal. C\u2019est un financement de 500 millions de dollars am\u00e9ricains (environ 318 milliards de francs CFA\u2019\u2019, avait ajout\u00e9 le Premier ministre.<\/p>\n\n\n\n<p>Le MCC Power Compact, dont la dur\u00e9e d\u2019ex\u00e9cution est de cinq ans, est financ\u00e9e par le Millenium Challenge Corporation du gouvernement am\u00e9ricain. Ce programme d\u2019\u00e9lectrification est mis en \u0153uvre au S\u00e9n\u00e9gal depuis 2024. Il est destin\u00e9 \u00e0 accro\u00eetre la production d\u2019\u00e9nergie \u00e9lectrique du pays et \u00e0 augmenter le nombre de S\u00e9n\u00e9galais ayant acc\u00e8s \u00e0 l\u2019\u00e9lectricit\u00e9.<\/p>\n\n\n\n<p>ESF\/SMD<\/p>\n","protected":false},"excerpt":{"rendered":"<p>Dakar, 24 avr (APS) \u2013 Les projets financ\u00e9s par les \u00c9tats-Unis d\u2019Am\u00e9rique au S\u00e9n\u00e9gal pour l\u2019acc\u00e8s du monde rural \u00e0<\/p>\n","protected":false},"author":1,"featured_media":55572,"comment_status":"open","ping_status":"open","sticky":false,"template":"","format":"standard","meta":{"footnotes":""},"categories":[3],"tags":[],"class_list":["post-55571","post","type-post","status-publish","format-standard","has-post-thumbnail","hentry","category-event-more-news"],"_links":{"self":[{"href":"https:\/\/dekkbi.com\/index.php?rest_route=\/wp\/v2\/posts\/55571","targetHints":{"allow":["GET"]}}],"collection":[{"href":"https:\/\/dekkbi.com\/index.php?rest_route=\/wp\/v2\/posts"}],"about":[{"href":"https:\/\/dekkbi.com\/index.php?rest_route=\/wp\/v2\/types\/post"}],"author":[{"embeddable":true,"href":"https:\/\/dekkbi.com\/index.php?rest_route=\/wp\/v2\/users\/1"}],"replies":[{"embeddable":true,"href":"https:\/\/dekkbi.com\/index.php?rest_route=%2Fwp%2Fv2%2Fcomments&post=55571"}],"version-history":[{"count":1,"href":"https:\/\/dekkbi.com\/index.php?rest_route=\/wp\/v2\/posts\/55571\/revisions"}],"predecessor-version":[{"id":55573,"href":"https:\/\/dekkbi.com\/index.php?rest_route=\/wp\/v2\/posts\/55571\/revisions\/55573"}],"wp:featuredmedia":[{"embeddable":true,"href":"https:\/\/dekkbi.com\/index.php?rest_route=\/wp\/v2\/media\/55572"}],"wp:attachment":[{"href":"https:\/\/dekkbi.com\/index.php?rest_route=%2Fwp%2Fv2%2Fmedia&parent=55571"}],"wp:term":[{"taxonomy":"category","embeddable":true,"href":"https:\/\/dekkbi.com\/index.php?rest_route=%2Fwp%2Fv2%2Fcategories&post=55571"},{"taxonomy":"post_tag","embeddable":true,"href":"https:\/\/dekkbi.com\/index.php?rest_route=%2Fwp%2Fv2%2Ftags&post=55571"}],"curies":[{"name":"wp","href":"https:\/\/api.w.org\/{rel}","templated":true}]}}