{"id":55567,"date":"2025-04-25T09:11:48","date_gmt":"2025-04-25T09:11:48","guid":{"rendered":"https:\/\/dekkbi.com\/?p=55567"},"modified":"2025-04-25T09:11:48","modified_gmt":"2025-04-25T09:11:48","slug":"extradition-de-doro-gaye-la-justice-francaise-tranchera-le-9-juillet","status":"publish","type":"post","link":"https:\/\/dekkbi.com\/?p=55567","title":{"rendered":"Extradition de Doro Gaye: la justice fran\u00e7aise tranchera le 9 juillet"},"content":{"rendered":"\n<p><a href=\"https:\/\/lesoleil.sn\/wp-content\/uploads\/2025\/04\/Doro-triste.jpeg\"><\/a>L\u2019affaire Doro Gaye rebondit sur le sol fran\u00e7ais. Mis en cause dans une affaire d\u2019extorsion de fonds au S\u00e9n\u00e9gal, l\u2019homme d\u2019affaires, actuellement sous contr\u00f4le judiciaire en France, devra patienter jusqu\u2019au 9 juillet pour conna\u00eetre l\u2019issue de la demande d\u2019extradition d\u00e9pos\u00e9e par la justice s\u00e9n\u00e9galaise.<\/p>\n\n\n\n<p>Selon Les \u00c9chos, la Cour d\u2019appel de Paris a d\u00e9cid\u00e9 de reporter l\u2019examen de cette requ\u00eate afin de permettre au Parquet g\u00e9n\u00e9ral de r\u00e9pondre aux arguments soulev\u00e9s par la d\u00e9fense. Celle-ci conteste vigoureusement la lev\u00e9e du contr\u00f4le judiciaire, qu\u2019elle juge injustifi\u00e9e et fond\u00e9e sur une interpr\u00e9tation erron\u00e9e des engagements pris par son client.<\/p>\n\n\n\n<p>Pour rappel, Doro Gaye est accus\u00e9 par Zakiroulah Sow de lui avoir extorqu\u00e9 1,2 milliard de francs CFA dans une transaction fonci\u00e8re litigieuse. Un protocole d\u2019accord avait \u00e9t\u00e9 sign\u00e9, mais la partie civile affirme que l\u2019homme d\u2019affaires n\u2019a pas respect\u00e9 les termes de cet engagement.<\/p>\n\n\n\n<p>Pendant que la justice fran\u00e7aise prend le temps d\u2019examiner les arguments des deux camps, le magistrat s\u00e9n\u00e9galais charg\u00e9 de l\u2019enqu\u00eate a officiellement formul\u00e9 une demande d\u2019extradition, selon Les Echos.<\/p>\n\n\n\n<p>Un nouveau chapitre judiciaire s\u2019ouvrira donc en juillet, avec un enjeu de taille : savoir si la France acceptera de livrer Doro Gaye aux autorit\u00e9s s\u00e9n\u00e9galaises pour qu\u2019il r\u00e9ponde de ces accusations devant un juge.<\/p>\n\n\n\n<p><strong>C.G.D<\/strong><\/p>\n\n\n\n<p>LESOLEIL<\/p>\n","protected":false},"excerpt":{"rendered":"<p>L\u2019affaire Doro Gaye rebondit sur le sol fran\u00e7ais. Mis en cause dans une affaire d\u2019extorsion de fonds au S\u00e9n\u00e9gal, l\u2019homme<\/p>\n","protected":false},"author":1,"featured_media":36987,"comment_status":"open","ping_status":"open","sticky":false,"template":"","format":"standard","meta":{"footnotes":""},"categories":[26],"tags":[],"class_list":["post-55567","post","type-post","status-publish","format-standard","has-post-thumbnail","hentry","category-fait-divers"],"_links":{"self":[{"href":"https:\/\/dekkbi.com\/index.php?rest_route=\/wp\/v2\/posts\/55567","targetHints":{"allow":["GET"]}}],"collection":[{"href":"https:\/\/dekkbi.com\/index.php?rest_route=\/wp\/v2\/posts"}],"about":[{"href":"https:\/\/dekkbi.com\/index.php?rest_route=\/wp\/v2\/types\/post"}],"author":[{"embeddable":true,"href":"https:\/\/dekkbi.com\/index.php?rest_route=\/wp\/v2\/users\/1"}],"replies":[{"embeddable":true,"href":"https:\/\/dekkbi.com\/index.php?rest_route=%2Fwp%2Fv2%2Fcomments&post=55567"}],"version-history":[{"count":1,"href":"https:\/\/dekkbi.com\/index.php?rest_route=\/wp\/v2\/posts\/55567\/revisions"}],"predecessor-version":[{"id":55568,"href":"https:\/\/dekkbi.com\/index.php?rest_route=\/wp\/v2\/posts\/55567\/revisions\/55568"}],"wp:featuredmedia":[{"embeddable":true,"href":"https:\/\/dekkbi.com\/index.php?rest_route=\/wp\/v2\/media\/36987"}],"wp:attachment":[{"href":"https:\/\/dekkbi.com\/index.php?rest_route=%2Fwp%2Fv2%2Fmedia&parent=55567"}],"wp:term":[{"taxonomy":"category","embeddable":true,"href":"https:\/\/dekkbi.com\/index.php?rest_route=%2Fwp%2Fv2%2Fcategories&post=55567"},{"taxonomy":"post_tag","embeddable":true,"href":"https:\/\/dekkbi.com\/index.php?rest_route=%2Fwp%2Fv2%2Ftags&post=55567"}],"curies":[{"name":"wp","href":"https:\/\/api.w.org\/{rel}","templated":true}]}}