{"id":55564,"date":"2025-04-25T09:10:09","date_gmt":"2025-04-25T09:10:09","guid":{"rendered":"https:\/\/dekkbi.com\/?p=55564"},"modified":"2025-04-25T09:10:10","modified_gmt":"2025-04-25T09:10:10","slug":"codes-du-travail-et-de-la-securite-sociale-des-reformes-en-cours-selon-le-chef-de-letat","status":"publish","type":"post","link":"https:\/\/dekkbi.com\/?p=55564","title":{"rendered":"Codes du travail et de la s\u00e9curit\u00e9 sociale : des r\u00e9formes en cours selon le chef de l\u2019\u00c9tat"},"content":{"rendered":"\n<p><a href=\"https:\/\/lesoleil.sn\/wp-content\/uploads\/2025\/04\/IMG-20250424-WA0153.jpg\"><\/a>(LESOLEIL.SN) &#8211; Le chef de l\u2019\u00c9tat a annonc\u00e9 une s\u00e9rie de r\u00e9formes majeures visant \u00e0 garantir l\u2019acc\u00e8s \u00e0 un emploi d\u00e9cent et \u00e0 renforcer la protection sociale au S\u00e9n\u00e9gal. Parmi les mesures phares figure la r\u00e9vision de la convention \u00c9tat-employeur, afin de l\u2019adapter aux r\u00e9alit\u00e9s actuelles du march\u00e9 du travail.<\/p>\n\n\n\n<p>Dans la perspective de 2025, l\u2019insertion de 3 500 jeunes est pr\u00e9vue, en lien avec un ambitieux programme de r\u00e9formes. Le pr\u00e9sident a \u00e9galement \u00e9voqu\u00e9 l\u2019\u00e9laboration de nouveaux codes du travail et de la s\u00e9curit\u00e9 sociale, destin\u00e9s \u00e0 offrir une couverture sociale \u00e9largie, notamment aux acteurs de l\u2019\u00e9conomie informelle.<\/p>\n\n\n\n<p>L\u2019accent est aussi mis sur l\u2019employabilit\u00e9 \u00e0 travers des initiatives en formation professionnelle et technique, telles que le programme d\u2019apprentissage de masse, le projet de formation pour l\u2019autonomisation des femmes, ou encore le projet Daara-atelier d\u00e9di\u00e9 \u00e0 la formation des talib\u00e9s.<\/p>\n\n\n\n<p>Par ailleurs, l\u2019entrepreneuriat est int\u00e9gr\u00e9 dans les parcours de formation, avec l\u2019installation de centres d\u2019incubation dans les \u00e9tablissements techniques. Le dispositif d\u2019insertion professionnelle est renforc\u00e9 par des formats innovants tels que les Masters Class, les caravanes de l\u2019insertion, et la cr\u00e9ation d\u2019une plateforme nationale d\u00e9di\u00e9e \u00e0 l\u2019insertion professionnelle.<\/p>\n\n\n\n<p>Ces initiatives traduisent une volont\u00e9 pr\u00e9sidentielle d\u2019aligner les politiques sociales sur les enjeux d\u2019un d\u00e9veloppement inclusif et durable.<\/p>\n\n\n\n<p><strong>Oumar FEDIOR<\/strong><\/p>\n","protected":false},"excerpt":{"rendered":"<p>(LESOLEIL.SN) &#8211; Le chef de l\u2019\u00c9tat a annonc\u00e9 une s\u00e9rie de r\u00e9formes majeures visant \u00e0 garantir l\u2019acc\u00e8s \u00e0 un emploi<\/p>\n","protected":false},"author":1,"featured_media":55565,"comment_status":"open","ping_status":"open","sticky":false,"template":"","format":"standard","meta":{"footnotes":""},"categories":[3],"tags":[],"class_list":["post-55564","post","type-post","status-publish","format-standard","has-post-thumbnail","hentry","category-event-more-news"],"_links":{"self":[{"href":"https:\/\/dekkbi.com\/index.php?rest_route=\/wp\/v2\/posts\/55564","targetHints":{"allow":["GET"]}}],"collection":[{"href":"https:\/\/dekkbi.com\/index.php?rest_route=\/wp\/v2\/posts"}],"about":[{"href":"https:\/\/dekkbi.com\/index.php?rest_route=\/wp\/v2\/types\/post"}],"author":[{"embeddable":true,"href":"https:\/\/dekkbi.com\/index.php?rest_route=\/wp\/v2\/users\/1"}],"replies":[{"embeddable":true,"href":"https:\/\/dekkbi.com\/index.php?rest_route=%2Fwp%2Fv2%2Fcomments&post=55564"}],"version-history":[{"count":1,"href":"https:\/\/dekkbi.com\/index.php?rest_route=\/wp\/v2\/posts\/55564\/revisions"}],"predecessor-version":[{"id":55566,"href":"https:\/\/dekkbi.com\/index.php?rest_route=\/wp\/v2\/posts\/55564\/revisions\/55566"}],"wp:featuredmedia":[{"embeddable":true,"href":"https:\/\/dekkbi.com\/index.php?rest_route=\/wp\/v2\/media\/55565"}],"wp:attachment":[{"href":"https:\/\/dekkbi.com\/index.php?rest_route=%2Fwp%2Fv2%2Fmedia&parent=55564"}],"wp:term":[{"taxonomy":"category","embeddable":true,"href":"https:\/\/dekkbi.com\/index.php?rest_route=%2Fwp%2Fv2%2Fcategories&post=55564"},{"taxonomy":"post_tag","embeddable":true,"href":"https:\/\/dekkbi.com\/index.php?rest_route=%2Fwp%2Fv2%2Ftags&post=55564"}],"curies":[{"name":"wp","href":"https:\/\/api.w.org\/{rel}","templated":true}]}}