{"id":55562,"date":"2025-04-25T09:06:41","date_gmt":"2025-04-25T09:06:41","guid":{"rendered":"https:\/\/dekkbi.com\/?p=55562"},"modified":"2025-04-25T09:06:42","modified_gmt":"2025-04-25T09:06:42","slug":"dialogue-national-vers-une-refondation-en-profondeur-du-systeme-politique-senegalais","status":"publish","type":"post","link":"https:\/\/dekkbi.com\/?p=55562","title":{"rendered":"Dialogue national : vers une refondation en profondeur du syst\u00e8me politique s\u00e9n\u00e9galais"},"content":{"rendered":"\n<p><a href=\"https:\/\/lesoleil.sn\/wp-content\/uploads\/2025\/04\/dialogue-diomaye.jpeg\"><\/a><strong>Du 28 mai au 4 juin 2025, l\u2019\u00c9tat ouvrira un grand dialogue national ax\u00e9 sur la r\u00e9forme du syst\u00e8me politique.<\/strong><\/p>\n\n\n\n<p>\u00c0 l\u2019initiative du pr\u00e9sident Bassirou Diomaye Faye, cette vaste concertation r\u00e9publicaine r\u00e9unira les diff\u00e9rentes couches de la soci\u00e9t\u00e9 sous la houlette du docteur Cheikh Gueye, choisi comme facilitateur par le chef de l\u2019\u00c9tat.<\/p>\n\n\n\n<p>L\u2019objectif de ce dialogue, qui se veut inclusif, est de \u00ab repenser nos institutions, revisiter nos pratiques, et reb\u00e2tir la confiance entre l\u2019\u00c9tat et les citoyens \u00bb, comme l\u2019a affirm\u00e9 le chef de l\u2019\u00c9tat dans son discours du 4 avril. Les termes de r\u00e9f\u00e9rence de cette concertation ont \u00e9t\u00e9 d\u00e9voil\u00e9s et transmis aux diff\u00e9rents acteurs. Ce dialogue s\u2019articulera autour de dix axes interconnect\u00e9s, appelant \u00e0 des r\u00e9formes profondes et durables du syst\u00e8me politique s\u00e9n\u00e9galais.<\/p>\n\n\n\n<p><strong>1. R\u00e9former et am\u00e9liorer le syst\u00e8me \u00e9lectoral s\u00e9n\u00e9galais<\/strong><\/p>\n\n\n\n<p>Premier point cardinal : l\u2019am\u00e9lioration du syst\u00e8me \u00e9lectoral, souvent au c\u0153ur des tensions politiques. Les d\u00e9bats porteront sur la transparence du processus, la neutralit\u00e9 des organes en charge, et l\u2019accessibilit\u00e9 des candidatures. L\u2019enjeu est clair : garantir des \u00e9lections cr\u00e9dibles, d\u00e9barrass\u00e9es des soup\u00e7ons de manipulation. Cela implique, entre autres, la r\u00e9vision des modalit\u00e9s de collecte des r\u00e9sultats, l\u2019encadrement des commissions \u00e9lectorales, et une meilleure implication des observateurs ind\u00e9pendants.<\/p>\n\n\n\n<p><strong>2. Donner un contenu au statut de l\u2019opposition et de son chef<\/strong><\/p>\n\n\n\n<p>Le S\u00e9n\u00e9gal, bien que d\u00e9mocratique, n\u2019a jamais pleinement institutionnalis\u00e9 le r\u00f4le du chef de l\u2019opposition. Le dialogue ambitionne d\u2019y rem\u00e9dier, en d\u00e9finissant un statut clair, assorti de droits, devoirs et moyens logistiques. Il s\u2019agit d\u2019\u00e9quilibrer le jeu d\u00e9mocratique et de reconna\u00eetre l\u2019opposition comme un acteur central du contr\u00f4le citoyen. Le pr\u00e9sident Diomaye Faye l\u2019a soulign\u00e9 : \u00ab L\u2019opposition n\u2019est pas l\u2019ennemie de la R\u00e9publique ; elle en est la conscience critique. \u00bb<\/p>\n\n\n\n<p><strong>3. D\u00e9battre de l\u2019inscription automatique sur le fichier \u00e9lectoral<\/strong><\/p>\n\n\n\n<p>L\u2019inscription automatique d\u00e8s la d\u00e9livrance de la carte biom\u00e9trique CEDEAO et \u00e0 partir de 18 ans constitue une avanc\u00e9e technique et d\u00e9mocratique majeure. Elle permettrait d\u2019\u00e9largir la base \u00e9lectorale, en supprimant les lourdeurs administratives qui dissuadent encore de nombreux jeunes. Le S\u00e9n\u00e9gal rejoindrait ainsi des pratiques internationales modernes d\u2019enregistrement citoyen.<\/p>\n\n\n\n<p><strong>4. R\u00e9viser le syst\u00e8me de parrainage<\/strong><\/p>\n\n\n\n<p>Le syst\u00e8me de parrainage, introduit pour r\u00e9guler les candidatures, est souvent per\u00e7u comme un m\u00e9canisme d\u2019exclusion. Il sera repens\u00e9 pour \u00e9viter les doublons, les fraudes et l\u2019arbitraire. Plusieurs options sont sur la table : parrainage citoyen, parlementaire ou hybride. Le but est de le rendre transparent, v\u00e9rifiable, et surtout, \u00e9quitable.<\/p>\n\n\n\n<p><strong>5. Examiner le r\u00f4le des autorit\u00e9s en charge des \u00e9lections et des m\u00e9dias<\/strong><\/p>\n\n\n\n<p>La question de l\u2019impartialit\u00e9 des autorit\u00e9s administratives et m\u00e9diatiques est cruciale. Les d\u00e9bats devront clarifier les attributions de la Commission \u00c9lectorale Nationale Autonome (CENA), de la Direction g\u00e9n\u00e9rale des \u00e9lections, et du Conseil national de r\u00e9gulation de l\u2019audiovisuel (CNRA). Il est attendu une r\u00e9forme qui renforce leur ind\u00e9pendance r\u00e9elle, tout en garantissant un traitement \u00e9quitable de tous les acteurs, notamment en p\u00e9riode \u00e9lectorale.<\/p>\n\n\n\n<p><strong>6. D\u00e9battre de la place de la justice dans le processus \u00e9lectoral<\/strong><\/p>\n\n\n\n<p>La justice joue un r\u00f4le arbitral d\u00e9cisif en mati\u00e8re \u00e9lectorale. Mais sa neutralit\u00e9 est souvent questionn\u00e9e. Faut-il confier le contentieux \u00e9lectoral \u00e0 une juridiction sp\u00e9cialis\u00e9e ? Faut-il r\u00e9former la composition du Conseil constitutionnel ? Ces questions seront aussi au c\u0153ur des \u00e9changes<\/p>\n\n\n\n<p><strong>7. Rationaliser le calendrier r\u00e9publicain<\/strong><\/p>\n\n\n\n<p>L\u2019enchev\u00eatrement des \u00e9lections affaiblit la gouvernance et alourdit les charges logistiques. Le dialogue proposera de rationaliser le calendrier \u00e9lectoral afin d\u2019harmoniser les \u00e9ch\u00e9ances, notamment entre les \u00e9lections locales, l\u00e9gislatives et pr\u00e9sidentielles. Cela permettra d\u2019assurer une meilleure continuit\u00e9 de l\u2019action publique.<\/p>\n\n\n\n<p><strong>8. Rationaliser en profondeur les partis politiques<\/strong><\/p>\n\n\n\n<p>Le S\u00e9n\u00e9gal compte des centaines de partis, mais tr\u00e8s peu jouent un r\u00f4le r\u00e9el dans la vie publique. Il s\u2019agira de repenser les conditions de reconnaissance, de fonctionnement et de repr\u00e9sentation des partis. L\u2019id\u00e9e est de promouvoir des formations s\u00e9rieuses, enracin\u00e9es dans la soci\u00e9t\u00e9, dot\u00e9es d\u2019un minimum de coh\u00e9rence id\u00e9ologique et de repr\u00e9sentativit\u00e9.<\/p>\n\n\n\n<p><strong>9. Encadrer le financement des partis politiques<\/strong><\/p>\n\n\n\n<p>La question du financement est au c\u0153ur de la moralisation de la vie politique. Le dialogue devra poser les bases d\u2019un syst\u00e8me de financement public encadr\u00e9, \u00e9quitable et soumis \u00e0 contr\u00f4le. Cela passe aussi par une transparence des ressources priv\u00e9es, et des sanctions en cas de manquements. Il s\u2019agit l\u00e0 d\u2019un levier de lutte contre la corruption politique.<\/p>\n\n\n\n<p><strong>10. R\u00e9viser le Code \u00e9lectoral<\/strong><\/p>\n\n\n\n<p>Ce point couronne l\u2019ensemble du processus. Il s\u2019agira d\u2019actualiser le Code \u00e9lectoral en tenant compte de toutes les r\u00e9formes envisag\u00e9es, en simplifiant les proc\u00e9dures et en codifiant les bonnes pratiques. Ce nouveau Code devra \u00eatre le reflet d\u2019une d\u00e9mocratie renforc\u00e9e, inclusive et r\u00e9solument moderne.<\/p>\n\n\n\n<p><strong>C.G. DIOP<\/strong><\/p>\n\n\n\n<p>SOURCE LESOLEIL<\/p>\n","protected":false},"excerpt":{"rendered":"<p>Du 28 mai au 4 juin 2025, l\u2019\u00c9tat ouvrira un grand dialogue national ax\u00e9 sur la r\u00e9forme du syst\u00e8me politique.<\/p>\n","protected":false},"author":1,"featured_media":34518,"comment_status":"open","ping_status":"open","sticky":false,"template":"","format":"standard","meta":{"footnotes":""},"categories":[6],"tags":[],"class_list":["post-55562","post","type-post","status-publish","format-standard","has-post-thumbnail","hentry","category-politics"],"_links":{"self":[{"href":"https:\/\/dekkbi.com\/index.php?rest_route=\/wp\/v2\/posts\/55562","targetHints":{"allow":["GET"]}}],"collection":[{"href":"https:\/\/dekkbi.com\/index.php?rest_route=\/wp\/v2\/posts"}],"about":[{"href":"https:\/\/dekkbi.com\/index.php?rest_route=\/wp\/v2\/types\/post"}],"author":[{"embeddable":true,"href":"https:\/\/dekkbi.com\/index.php?rest_route=\/wp\/v2\/users\/1"}],"replies":[{"embeddable":true,"href":"https:\/\/dekkbi.com\/index.php?rest_route=%2Fwp%2Fv2%2Fcomments&post=55562"}],"version-history":[{"count":1,"href":"https:\/\/dekkbi.com\/index.php?rest_route=\/wp\/v2\/posts\/55562\/revisions"}],"predecessor-version":[{"id":55563,"href":"https:\/\/dekkbi.com\/index.php?rest_route=\/wp\/v2\/posts\/55562\/revisions\/55563"}],"wp:featuredmedia":[{"embeddable":true,"href":"https:\/\/dekkbi.com\/index.php?rest_route=\/wp\/v2\/media\/34518"}],"wp:attachment":[{"href":"https:\/\/dekkbi.com\/index.php?rest_route=%2Fwp%2Fv2%2Fmedia&parent=55562"}],"wp:term":[{"taxonomy":"category","embeddable":true,"href":"https:\/\/dekkbi.com\/index.php?rest_route=%2Fwp%2Fv2%2Fcategories&post=55562"},{"taxonomy":"post_tag","embeddable":true,"href":"https:\/\/dekkbi.com\/index.php?rest_route=%2Fwp%2Fv2%2Ftags&post=55562"}],"curies":[{"name":"wp","href":"https:\/\/api.w.org\/{rel}","templated":true}]}}