{"id":55545,"date":"2025-04-24T11:04:44","date_gmt":"2025-04-24T11:04:44","guid":{"rendered":"https:\/\/dekkbi.com\/?p=55545"},"modified":"2025-04-24T11:04:45","modified_gmt":"2025-04-24T11:04:45","slug":"espagne-sans-mbappe-arda-guler-maintient-le-real-madrid-dans-la-course-au-titre","status":"publish","type":"post","link":"https:\/\/dekkbi.com\/?p=55545","title":{"rendered":"Espagne: sans Mbapp\u00e9, Arda G\u00fcler maintient le Real Madrid dans la course au titre"},"content":{"rendered":"\n<p>Par \u00a9 2025 AFP &#8211; Sans son attaquant star Kylian Mbapp\u00e9, qui se remet de sa blessure \u00e0 la cheville, le Real Madrid s&rsquo;est impos\u00e9 sans briller mercredi chez son voisin Getafe (1-0), gr\u00e2ce \u00e0 un but du jeune turc Arda G\u00fcler, pour rester au contact du FC Barcelone, solide leader.<\/p>\n\n\n\n<p>Mis sous pression apr\u00e8s le succ\u00e8s du Bar\u00e7a (1er, 76 points) la veille face \u00e0 Majorque (1-0), le g\u00e9ant espagnol (2e, 72 points) compte toujours quatre longueurs de retard sur son grand rival, qu&rsquo;il affronte samedi en finale de la Coupe du Roi.<\/p>\n\n\n\n<p>Avec un onze largement remani\u00e9 en vue de ce troisi\u00e8me Clasico de la saison, avant un quatri\u00e8me le 11 mai prochain en Liga, le club madril\u00e8ne a fait le travail, gr\u00e2ce \u00e0 une frappe du droit d&rsquo;Arda G\u00fcler (21e, 1-0), auteur seulement de son deuxi\u00e8me but de la saison, pour offrir un succ\u00e8s pr\u00e9cieux aux Merengues.<\/p>\n\n\n\n<figure class=\"wp-block-image\"><img decoding=\"async\" src=\"https:\/\/information.tv5monde.com\/sites\/tv5-info\/files\/styles\/entete\/public\/2025-04\/field_media_image-2919222-f3d700c25148a806f776737deaa1903c484fbda7.jpg?itok=tj6BKtdB\" alt=\"Le Br\u00e9silien du Real Rodrygo (d) aux prises avec le d\u00e9fenseur portugais de Getafe Domingos Duarte lors de la victoire madril\u00e8ne (1-0), le 23 avril 2025 \u00e0 Getafe\" title=\"Le Br\u00e9silien du Real Rodrygo (d) aux prises avec le d\u00e9fenseur portugais de Getafe Domingos Duarte lors de la victoire madril\u00e8ne (1-0), le 23 avril 2025 \u00e0 Getafe\"\/><\/figure>\n\n\n\n<p>Le Br\u00e9silien du Real Rodrygo (d) aux prises avec le d\u00e9fenseur portugais de Getafe Domingos Duarte lors de la victoire madril\u00e8ne (1-0), le 23 avril 2025 \u00e0 Getafe<\/p>\n\n\n\n<p>AFP  Thomas COEX<\/p>\n\n\n\n<p>Le gardien belge Thibaut Courtois, \u00e0 nouveau imp\u00e9rial sur sa ligne, a encore sauv\u00e9 les siens avec deux parades d\u00e9cisives \u00e0 la 91e et 96e minute.<\/p>\n\n\n\n<p>La soir\u00e9e des hommes de Carlo Ancelotti a aussi \u00e9t\u00e9 g\u00e2ch\u00e9e en fin de partie par la sortie sur blessure du milieu fran\u00e7ais Eduardo Camavinga, visiblement touch\u00e9 \u00e0 l&rsquo;adducteur droit.<\/p>\n\n\n\n<p>Le d\u00e9fenseur autrichien David Alaba, sorti \u00e0 la mi-temps, est \u00e9galement touch\u00e9, a confirm\u00e9 Ancelotti en conf\u00e9rence de presse.<\/p>\n\n\n\n<p>\u00ab\u00a0Nous verrons demain ce qu&rsquo;ils ont, mais je crois que Camavinga et Alaba souffrent tous les deux de douleurs musculaires. Ce sera s\u00fbrement compliqu\u00e9 pour eux d&rsquo;\u00eatre disponibles samedi (pour la finale de Coupe du Roi, NDLR)\u00a0\u00bb, a d\u00e9clar\u00e9 le technicien italien.<\/p>\n\n\n\n<p>\u2043 Bilbao tout proche de la C1 &#8211;<\/p>\n\n\n\n<p>Plus t\u00f4t dans la soir\u00e9e, l\u2019Athletic Bilbao (4e, 60 points) a confort\u00e9 sa quatri\u00e8me place, qualificative pour la Ligue des champions, en s\u2019imposant (1-0) \u00e0 San Mam\u00e9s face \u00e0 Las Palmas (17e, 32 points), gr\u00e2ce \u00e0 son buteur I\u00f1aki Williams.<\/p>\n\n\n\n<p>Avec seulement trois longueurs de retard sur l\u2019Atl\u00e9tico Madrid (3e, 63 points) oppos\u00e9 jeudi \u00e0 son voisin le Rayo Vallecano (10e, 41 points), le club basque, qualifi\u00e9 pour les demi-finales de la Ligue Europa, est d\u00e9sormais tout proche de retrouver la C1 pour la premi\u00e8re fois depuis 11 ans.<\/p>\n\n\n\n<p>Le Celta Vigo (7e, 46 points) a lui frapp\u00e9 un grand coup dans la course \u00e0 l\u2019Europe en corrigeant (3-0) Villarreal (5e, 52 points avec un match en retard), d\u00e9sormais \u00e0 la port\u00e9e du Betis S\u00e9ville (6e, 51 points), qui re\u00e7oit jeudi (21h30) la lanterne rouge Valladolid (20e, 16 points).<\/p>\n\n\n\n<p>Battue (1-0) par Alav\u00e9s (16e, 34 points), la Real Sociedad (9e, 42 points), semble s&rsquo;\u00e9loigner de cette bataille, m\u00eame si elle reste bien positionn\u00e9e pour disputer, \u00e0 minima, la Ligue Conf\u00e9rence<\/p>\n","protected":false},"excerpt":{"rendered":"<p>Par \u00a9 2025 AFP &#8211; Sans son attaquant star Kylian Mbapp\u00e9, qui se remet de sa blessure \u00e0 la cheville,<\/p>\n","protected":false},"author":1,"featured_media":45338,"comment_status":"open","ping_status":"open","sticky":false,"template":"","format":"standard","meta":{"footnotes":""},"categories":[9],"tags":[],"class_list":["post-55545","post","type-post","status-publish","format-standard","has-post-thumbnail","hentry","category-sports"],"_links":{"self":[{"href":"https:\/\/dekkbi.com\/index.php?rest_route=\/wp\/v2\/posts\/55545","targetHints":{"allow":["GET"]}}],"collection":[{"href":"https:\/\/dekkbi.com\/index.php?rest_route=\/wp\/v2\/posts"}],"about":[{"href":"https:\/\/dekkbi.com\/index.php?rest_route=\/wp\/v2\/types\/post"}],"author":[{"embeddable":true,"href":"https:\/\/dekkbi.com\/index.php?rest_route=\/wp\/v2\/users\/1"}],"replies":[{"embeddable":true,"href":"https:\/\/dekkbi.com\/index.php?rest_route=%2Fwp%2Fv2%2Fcomments&post=55545"}],"version-history":[{"count":1,"href":"https:\/\/dekkbi.com\/index.php?rest_route=\/wp\/v2\/posts\/55545\/revisions"}],"predecessor-version":[{"id":55546,"href":"https:\/\/dekkbi.com\/index.php?rest_route=\/wp\/v2\/posts\/55545\/revisions\/55546"}],"wp:featuredmedia":[{"embeddable":true,"href":"https:\/\/dekkbi.com\/index.php?rest_route=\/wp\/v2\/media\/45338"}],"wp:attachment":[{"href":"https:\/\/dekkbi.com\/index.php?rest_route=%2Fwp%2Fv2%2Fmedia&parent=55545"}],"wp:term":[{"taxonomy":"category","embeddable":true,"href":"https:\/\/dekkbi.com\/index.php?rest_route=%2Fwp%2Fv2%2Fcategories&post=55545"},{"taxonomy":"post_tag","embeddable":true,"href":"https:\/\/dekkbi.com\/index.php?rest_route=%2Fwp%2Fv2%2Ftags&post=55545"}],"curies":[{"name":"wp","href":"https:\/\/api.w.org\/{rel}","templated":true}]}}