{"id":55537,"date":"2025-04-24T10:55:22","date_gmt":"2025-04-24T10:55:22","guid":{"rendered":"https:\/\/dekkbi.com\/?p=55537"},"modified":"2025-04-24T10:55:23","modified_gmt":"2025-04-24T10:55:23","slug":"au-vatican-lafflux-de-fideles-se-poursuit-avant-les-funerailles-du-pape","status":"publish","type":"post","link":"https:\/\/dekkbi.com\/?p=55537","title":{"rendered":"Au Vatican, l&rsquo;afflux de fid\u00e8les se poursuit avant les fun\u00e9railles du pape"},"content":{"rendered":"\n<p>Pr\u00e8s de 50.000 personnes se sont d\u00e9j\u00e0 recueillies devant le cercueil du pape Fran\u00e7ois \u00e0 la basilique Saint-Pierre de Rome o\u00f9 les fid\u00e8les continuent d&rsquo;affluer jeudi, deux jours avant ses obs\u00e8ques en pr\u00e9sence de nombreux dirigeants du monde entier.<\/p>\n\n\n\n<p>Depuis mercredi \u00e0 09H00 GMT, 48.600 personnes ont d\u00e9fil\u00e9 devant la d\u00e9pouille du j\u00e9suite argentin dans la monumentale basilique, a indiqu\u00e9 Vatican News. Les portes, qui devaient fermer \u00e0 minuit, sont finalement rest\u00e9es ouvertes jusqu&rsquo;\u00e0 05H30 du matin pour accueillir le flot de fid\u00e8les.<\/p>\n\n\n\n<p>Jeudi matin, des milliers de personnes se pressent aux abords du plus petit Etat du monde, dont les acc\u00e8s sont filtr\u00e9s par un lourd dispositif de s\u00e9curit\u00e9 qui ralentit l&rsquo;avanc\u00e9e des fid\u00e8les, a constat\u00e9 l&rsquo;AFP.<\/p>\n\n\n\n<p>Fid\u00e8les et touristes d\u00e9filent devant le ma\u00eetre-autel pour rendre un dernier hommage au souverain pontife, d\u00e9c\u00e9d\u00e9 lundi d&rsquo;un AVC \u00e0 l&rsquo;\u00e2ge de 88 ans.<\/p>\n\n\n\n<p>Rupture avec la tradition, le cercueil en bois clair ouvert du d\u00e9funt pape, v\u00eatu d&rsquo;une mitre blanche et d&rsquo;une chasuble rouge, les mains enserrant un chapelet, ne repose pas sur un catafalque mais est pos\u00e9 sur un support \u00e0 m\u00eame le sol, \u00e0 la demande de Jorge Bergoglio, qui aspirait \u00e0 plus de sobri\u00e9t\u00e9 dans les rites fun\u00e9raires papaux.<\/p>\n\n\n\n<p>\u00ab\u00a0C&rsquo;\u00e9tait un grand homme, c&rsquo;\u00e9tait le p\u00e8re des derniers, des invisibles\u00a0\u00bb, a confi\u00e9 jeudi matin \u00e0 l&rsquo;AFP Amerigo Iacovacci, un Romain de 82 ans.<\/p>\n\n\n\n<p>Les cardinaux, qui arrivent progressivement \u00e0 Rome, se r\u00e9unissent jeudi matin pour la troisi\u00e8me fois, au lendemain d&rsquo;une nouvelle congr\u00e9gation en pr\u00e9sence de 103 d&rsquo;entre eux &#8211; \u00e9lecteurs et non \u00e9lecteurs.<\/p>\n\n\n\n<p>Ces r\u00e9unions pr\u00e9paratoires fixent les modalit\u00e9s des \u00e9v\u00e9nements avant le conclave, auquel seuls les 135 \u00e9lecteurs &#8211; ceux \u00e2g\u00e9s de moins de 80 ans &#8211; sont invit\u00e9s \u00e0 participer.<\/p>\n\n\n\n<h2 class=\"wp-block-heading\">\u00ab\u00a0Proche des gens\u00a0\u00bb<\/h2>\n\n\n\n<p>Mercredi, une longue file d&rsquo;attente de fid\u00e8les, parfois en larmes, s&rsquo;est \u00e9tir\u00e9e sur la place Saint-Pierre encadr\u00e9e par la c\u00e9l\u00e8bre colonnade du Bernin. Selon plusieurs t\u00e9moignages, il fallait patienter entre trois et plus de quatre heures pour entrer dans la basilique.<\/p>\n\n\n\n<p>Leobardo Guevara, un Mexicain de 24 ans venu \u00e0 Rome pour l&rsquo;ann\u00e9e jubilaire, a patient\u00e9 quatre heures et demie pour voir la d\u00e9pouille du pape, devant laquelle il a ressenti \u00ab\u00a0une sensation de paix\u00a0\u00bb.<\/p>\n\n\n\n<p>Le pape Fran\u00e7ois \u00e9tait \u00ab\u00a0une personne tr\u00e8s humble\u00a0\u00bb, quelqu&rsquo;un de \u00ab\u00a0tr\u00e8s humain\u00a0\u00bb qui a \u00ab\u00a0beaucoup incit\u00e9 les jeunes \u00e0 suivre la religion\u00a0\u00bb, a-t-il ajout\u00e9, arborant un drapeau mexicain sur son surv\u00eatement noir.<\/p>\n\n\n\n<p>Un important dispositif de s\u00e9curit\u00e9 est d\u00e9ploy\u00e9 place Saint-Pierre, o\u00f9 la gendarmerie vaticane et les carabiniers italiens fouillent les sacs \u00e0 dos et font passer les fid\u00e8les \u00e0 travers des portiques de s\u00e9curit\u00e9.<\/p>\n\n\n\n<p>Au cours d&rsquo;une c\u00e9r\u00e9monie au Parlement en hommage au pape Fran\u00e7ois, la Premi\u00e8re ministre italienne Giorgia Meloni, qui s&rsquo;est ensuite recueillie devant sa d\u00e9pouille \u00e0 Saint-Pierre, a \u00e9voqu\u00e9 un homme \u00ab\u00a0d\u00e9termin\u00e9\u00a0\u00bb avec qui \u00ab\u00a0on pouvait parler de tout\u00a0\u00bb.<\/p>\n\n\n\n<p>Le Vatican avait annonc\u00e9 que jeudi, les fid\u00e8les pourraient rendre hommage au pape jusqu&rsquo;\u00e0 minuit. Mais mercredi, les visites ont finalement pu se poursuivre au-del\u00e0. Vendredi, les portes de la basilique seront ouvertes de 07H00 \u00e0 19H00.<\/p>\n\n\n\n<h2 class=\"wp-block-heading\">T\u00eates couronn\u00e9es<\/h2>\n\n\n\n<p>L&rsquo;affluence a \u00e9galement \u00e9t\u00e9 massive mercredi \u00e0 la basilique Sainte-Marie-Majeure, dans le centre de Rome, o\u00f9 le pape sera enterr\u00e9 samedi conform\u00e9ment \u00e0 sa volont\u00e9. Selon le pr\u00e9fet de Rome Lamberto Giannini, plus de 10.000 personnes s&rsquo;y sont press\u00e9es \u00e0 l&rsquo;heure du d\u00e9jeuner.<\/p>\n\n\n\n<figure class=\"wp-block-image\"><img decoding=\"async\" src=\"https:\/\/information.tv5monde.com\/sites\/tv5-info\/files\/styles\/entete\/public\/2025-04\/field_media_image-2919230-a7a1e20accc3616ea885ed024fbf8f973dc66b46.jpg?itok=_aZAc6wd\" alt=\"Les fun\u00e9railles du pape Fran\u00e7ois\" title=\"Les fun\u00e9railles du pape Fran\u00e7ois\"\/><\/figure>\n\n\n\n<p>Les fun\u00e9railles du pape Fran\u00e7ois<\/p>\n\n\n\n<p>AFP<\/p>\n\n\n\n<p>Ioana PLESEA, David LORY<\/p>\n\n\n\n<p>Plus t\u00f4t dans la matin\u00e9e, la d\u00e9pouille du pape avait \u00e9t\u00e9 escort\u00e9e par des dizaines de cardinaux, \u00e9v\u00eaques, religieux et la\u00efcs depuis la petite chapelle de la r\u00e9sidence Sainte-Marthe, o\u00f9 il a v\u00e9cu de son \u00e9lection en 2013 jusqu&rsquo;\u00e0 sa mort, vers la basilique couronn\u00e9e par la coupole de Michel-Ange.<\/p>\n\n\n\n<p>Le Vatican observera neuf jours de deuil \u00e0 partir de samedi. Au cours de ces \u00ab\u00a0novemdiales\u00a0\u00bb, des c\u00e9l\u00e9brations solennelles auront lieu chaque jour \u00e0 Saint-Pierre, jusqu&rsquo;au 4 mai.<\/p>\n\n\n\n<p>Le cercueil sera ferm\u00e9 vendredi soir lors d&rsquo;une c\u00e9r\u00e9monie pr\u00e9sid\u00e9e par le cardinal camerlingue, l&rsquo;Am\u00e9ricain Kevin Farrell, qui g\u00e8re les affaires courantes jusqu&rsquo;au conclave.<\/p>\n\n\n\n<p>Les fun\u00e9railles de Fran\u00e7ois se d\u00e9rouleront samedi matin \u00e0 08H00 GMT sur la place Saint-Pierre, o\u00f9 devraient converger au moins 200.000 fid\u00e8les, et 170 d\u00e9l\u00e9gations \u00e9trang\u00e8res.<\/p>\n\n\n\n<p>\u00ab\u00a0Il est impossible de savoir\u00a0\u00bb combien de personnes seront pr\u00e9sentes le jour des fun\u00e9railles, \u00ab\u00a0quelques centaines de milliers au minimum\u00a0\u00bb, a d\u00e9clar\u00e9 \u00e0 l&rsquo;AFP Pierfrancesco Demilito, chef du service de presse de la Protection civile italienne.<\/p>\n\n\n\n<p>Comme pour Jean-Paul II en 2005, des dizaines de chefs d&rsquo;Etat et de t\u00eates couronn\u00e9es assisteront aux fun\u00e9railles du chef de l&rsquo;Eglise catholique, sous haute s\u00e9curit\u00e9.<\/p>\n\n\n\n<p>Parmi eux, le pr\u00e9sident am\u00e9ricain Donald Trump, ses homologues fran\u00e7ais Emmanuel Macron et ukrainien Volodymyr Zelensky ou encore le secr\u00e9taire g\u00e9n\u00e9ral de l&rsquo;ONU Antonio Guterres.<\/p>\n\n\n\n<p>Le roi Felipe VI et la reine Letizia d&rsquo;Espagne, le prince William, Albert II de Monaco et son \u00e9pouse Charl\u00e8ne seront aussi pr\u00e9sents.<\/p>\n\n\n\n<p>bur-jra-cmk-ljm-tc\/jra\/pt<\/p>\n\n\n\n<p>Par Ljubomir MILASIN, Cl\u00e9ment MELKI, Juliette RABAT \u00a9 2025 AFP<\/p>\n","protected":false},"excerpt":{"rendered":"<p>Pr\u00e8s de 50.000 personnes se sont d\u00e9j\u00e0 recueillies devant le cercueil du pape Fran\u00e7ois \u00e0 la basilique Saint-Pierre de Rome<\/p>\n","protected":false},"author":1,"featured_media":55538,"comment_status":"open","ping_status":"open","sticky":false,"template":"","format":"standard","meta":{"footnotes":""},"categories":[51],"tags":[],"class_list":["post-55537","post","type-post","status-publish","format-standard","has-post-thumbnail","hentry","category-general"],"_links":{"self":[{"href":"https:\/\/dekkbi.com\/index.php?rest_route=\/wp\/v2\/posts\/55537","targetHints":{"allow":["GET"]}}],"collection":[{"href":"https:\/\/dekkbi.com\/index.php?rest_route=\/wp\/v2\/posts"}],"about":[{"href":"https:\/\/dekkbi.com\/index.php?rest_route=\/wp\/v2\/types\/post"}],"author":[{"embeddable":true,"href":"https:\/\/dekkbi.com\/index.php?rest_route=\/wp\/v2\/users\/1"}],"replies":[{"embeddable":true,"href":"https:\/\/dekkbi.com\/index.php?rest_route=%2Fwp%2Fv2%2Fcomments&post=55537"}],"version-history":[{"count":1,"href":"https:\/\/dekkbi.com\/index.php?rest_route=\/wp\/v2\/posts\/55537\/revisions"}],"predecessor-version":[{"id":55539,"href":"https:\/\/dekkbi.com\/index.php?rest_route=\/wp\/v2\/posts\/55537\/revisions\/55539"}],"wp:featuredmedia":[{"embeddable":true,"href":"https:\/\/dekkbi.com\/index.php?rest_route=\/wp\/v2\/media\/55538"}],"wp:attachment":[{"href":"https:\/\/dekkbi.com\/index.php?rest_route=%2Fwp%2Fv2%2Fmedia&parent=55537"}],"wp:term":[{"taxonomy":"category","embeddable":true,"href":"https:\/\/dekkbi.com\/index.php?rest_route=%2Fwp%2Fv2%2Fcategories&post=55537"},{"taxonomy":"post_tag","embeddable":true,"href":"https:\/\/dekkbi.com\/index.php?rest_route=%2Fwp%2Fv2%2Ftags&post=55537"}],"curies":[{"name":"wp","href":"https:\/\/api.w.org\/{rel}","templated":true}]}}