{"id":55535,"date":"2025-04-24T10:50:23","date_gmt":"2025-04-24T10:50:23","guid":{"rendered":"https:\/\/dekkbi.com\/?p=55535"},"modified":"2025-04-24T10:57:17","modified_gmt":"2025-04-24T10:57:17","slug":"cote-divoire-appels-a-manifester-contre-lexclusion-de-lopposant-tidjane-thiam-de-la-course-a-la-presidentielle","status":"publish","type":"post","link":"https:\/\/dekkbi.com\/?p=55535","title":{"rendered":"C\u00f4te d&rsquo;Ivoire : appels \u00e0 manifester contre l&rsquo;exclusion de Tidjane Thiam de la course \u00e0 la pr\u00e9sidentielle"},"content":{"rendered":"\n<p>Les sympathisants du principal parti d&rsquo;opposition en C\u00f4te d&rsquo;Ivoire sont appel\u00e9s \u00e0 manifester jeudi devant les tribunaux du pays apr\u00e8s l&rsquo;exclusion de leur candidat de la course \u00e0 la pr\u00e9sidentielle, les autorit\u00e9s pr\u00e9venant que \u00ab\u00a0<em>le d\u00e9sordre ne sera pas tol\u00e9r\u00e9\u00a0\u00bb.<\/em><\/p>\n\n\n\n<p>\u00c0 six mois, presque jour pour jour, avant le scrutin du 25 octobre, il s&rsquo;agit d&rsquo;un important test pour voir si l&rsquo;opposant Tidjane Thiam, un banquier international de 62 ans actuellement en France, r\u00e9ussira \u00e0 mobiliser la rue et quelle sera l&rsquo;attitude des forces de l&rsquo;ordre.<\/p>\n\n\n\n<p>Les p\u00e9riodes \u00e9lectorales sont toujours tendues dans le pays francophone le plus riche d&rsquo;Afrique subsaharienne encore traumatis\u00e9 par les violences meurtri\u00e8res de 2010\/2011 et qui est redevenu cette derni\u00e8re d\u00e9cennie un p\u00f4le de stabilit\u00e9 dans une r\u00e9gion secou\u00e9e par les coups d&rsquo;Etat militaires et les attaques jihadistes.<\/p>\n\n\n\n<p>Le chef des d\u00e9put\u00e9s du Parti d\u00e9mocratique de C\u00f4te d&rsquo;Ivoire (PDCI), Simon Doho, a appel\u00e9 mercredi \u00e0 une mobilisation nationale:&nbsp;<em>\u00ab\u00a0Partout sur l&rsquo;\u00e9tendue du territoire, chaque Ivoirien l\u00e0 o\u00f9 il se trouve va marcher devant le palais de justice de sa r\u00e9gion, de sa ville.\u00a0\u00bb<\/em><\/p>\n\n\n\n<p><em>\u00ab\u00a0Il n&rsquo;y a pas de paix en C\u00f4te d&rsquo;Ivoire, il y a une situation de tension, il y a une situation antid\u00e9mocratique, il y a un d\u00e9ni de d\u00e9mocratie\u00a0\u00bb,<\/em>&nbsp;a-t-il affirm\u00e9 un peu plus tard dans la journ\u00e9e dans une vid\u00e9o.<\/p>\n\n\n\n<p>\u00c0 Abidjan, la capitale \u00e9conomique qui compte 6 millions d&rsquo;habitants, la marche est pr\u00e9vue jeudi \u00e0 09H00 (locales et GMT), de la permanence du parti dans le quartier des affaires du Plateau jusqu&rsquo;au tribunal voisin.<\/p>\n\n\n\n<blockquote class=\"wp-block-quote is-layout-flow wp-block-quote-is-layout-flow\">\n<p><em>Il n&rsquo;y a pas de paix en C\u00f4te d&rsquo;Ivoire, il y a une situation de tension, il y a une situation antid\u00e9mocratique, il y a un d\u00e9ni de d\u00e9mocratie.<\/em><\/p>\n\n\n\n<p><em>Simon Doho, chef des d\u00e9put\u00e9s du Parti d\u00e9mocratique de C\u00f4te d&rsquo;Ivoire (PDCI)<\/em><\/p>\n<\/blockquote>\n\n\n\n<p>En C\u00f4te d&rsquo;Ivoire, les manifestations peuvent avoir lieu avec une autorisation de la police, mais sont presque syst\u00e9matiquement refus\u00e9es. \u00ab\u00a0Le d\u00e9sordre ne sera pas tol\u00e9r\u00e9, ce n\u2019est pas une menace, on peut consid\u00e9rer que c\u2019est un conseil\u00a0\u00bb, a soulign\u00e9 le porte-parole du gouvernement, Amadou Coulibaly, \u00e0 l&rsquo;issue du conseil des ministres.<\/p>\n\n\n\n<h2 class=\"wp-block-heading\"><strong>\u00ab\u00a0Gonfl\u00e9 \u00e0 bloc\u00a0\u00bb&nbsp;<\/strong><\/h2>\n\n\n\n<p>Les tensions politiques montaient progressivement ces derni\u00e8res semaines dans le pays, premier producteur mondial de cacao, depuis l&rsquo;\u00e9viction d&rsquo;autres opposants, comme l&rsquo;ancien pr\u00e9sident Laurent Gbagbo (2000-2011), exclus de la course en raison d&rsquo;une condamnation judiciaire.&nbsp;<\/p>\n\n\n\n<p>Mais les choses se sont brutalement acc\u00e9l\u00e9r\u00e9es mardi avec le tribunal d&rsquo;Abidjan qui a radi\u00e9 M. Thiam de la liste \u00e9lectorale, estimant qu&rsquo;il avait perdu sa nationalit\u00e9 ivoirienne. La d\u00e9cision n&rsquo;est susceptible d&rsquo;aucun recours et ferme donc la porte \u00e0 sa candidature.<\/p>\n\n\n\n<p>N\u00e9 en C\u00f4te d&rsquo;Ivoire, il a obtenu la nationalit\u00e9 fran\u00e7aise en 1987 et y a renonc\u00e9 en mars, afin de se pr\u00e9senter \u00e0 la pr\u00e9sidentielle, un scrutin pour lequel un candidat ne peut \u00eatre binational.<\/p>\n\n\n\n<p><em>\u00ab\u00a0Gonfl\u00e9 \u00e0 bloc\u00a0\u00bb,<\/em>&nbsp;Tidjane Thiam s&rsquo;est d\u00e9clar\u00e9 d\u00e9termin\u00e9 \u00e0 aller de l&rsquo;avant: \u00ab\u00a0<em>C&rsquo;est moi ou personne, nous ne pr\u00e9senterons pas d&rsquo;autre candidat.\u00a0\u00bb&nbsp;<\/em><\/p>\n\n\n\n<p><em>\u00ab\u00a0On va continuer \u00e0 se battre sur le terrain et montrer au pouvoir que c&rsquo;est une d\u00e9cision qui est mauvaise pour la C\u00f4te d&rsquo;Ivoire<\/em>\u00ab\u00a0, a-t-il assur\u00e9 dans un entretien t\u00e9l\u00e9phonique \u00e0 l&rsquo;AFP.<\/p>\n\n\n\n<p>Si ses partisans ont d\u00e9nonc\u00e9 une d\u00e9cision&nbsp;<em>\u00ab\u00a0politique\u00a0\u00bb<\/em>&nbsp;visant \u00e0 \u00e9carter leur candidat, le parti au pouvoir r\u00e9pond ne pas \u00eatre impliqu\u00e9 dans cette affaire.<\/p>\n\n\n\n<blockquote class=\"wp-block-quote is-layout-flow wp-block-quote-is-layout-flow\">\n<p><em>Le pouvoir s\u2019appr\u00eate aujourd&rsquo;hui \u00e0 travers l&rsquo;exclusion de Tidjane Thiam \u00e0 faire un passage en force pour organiser des \u00e9lections avec des adversaires choisis, en vue de se d\u00e9clarer vainqueur au premier tour de l\u2019\u00e9lection pr\u00e9sidentielle\u00a0\u00bb.<\/em><\/p>\n\n\n\n<p>Simone Ehivet Gbagbo, porte-parole de la Coalition pour l&rsquo;alternance pacifique en C\u00f4te d&rsquo;Ivoire (CAP-CI)<\/p>\n<\/blockquote>\n\n\n\n<p>La Coalition pour l&rsquo;alternance pacifique en C\u00f4te d&rsquo;Ivoire (CAP-CI), qui regroupe une vingtaine de formations d&rsquo;opposition, dont le PDCI, a d\u00e9nonc\u00e9<em>&nbsp;\u00ab\u00a0des d\u00e9rives autoritaires\u00a0\u00bb.&nbsp;<\/em><\/p>\n\n\n\n<p><em>\u00ab\u00a0Le pouvoir s\u2019appr\u00eate aujourd&rsquo;hui \u00e0 travers l&rsquo;exclusion de Tidjane Thiam \u00e0 faire un passage en force pour organiser des \u00e9lections avec des adversaires choisis, en vue de se d\u00e9clarer vainqueur au premier tour de l\u2019\u00e9lection pr\u00e9sidentielle\u00a0\u00bb,&nbsp;<\/em>a d\u00e9clar\u00e9 sa porte-parole Simone Ehivet Gbagbo, dans une d\u00e9claration publi\u00e9e sur Facebook.<\/p>\n\n\n\n<p>Les ennuis judiciaires de M. Thiam ne sont peut-\u00eatre pas termin\u00e9s: jeudi \u00e9galement, une audience du tribunal d&rsquo;Abidjan doit avoir lieu, concernant une proc\u00e9dure qui pourrait le d\u00e9mettre de ses fonctions de pr\u00e9sident du parti.&nbsp;Une militante de son parti conteste en effet sa l\u00e9gitimit\u00e9, toujours en raison de sa binationalit\u00e9.&nbsp;<\/p>\n\n\n\n<p>Le parti au pouvoir n&rsquo;a de son c\u00f4t\u00e9 pas encore d\u00e9sign\u00e9 son candidat. Il organisera en juin un congr\u00e8s au cours duquel Alassane Ouattara, 83 ans, au pouvoir depuis 2011, pourrait se prononcer. Le chef de l&rsquo;Etat s&rsquo;est d\u00e9j\u00e0 dit \u00ab\u00a0<em>d\u00e9sireux de continuer \u00e0 servir son pays\u00a0\u00bb.<\/em><\/p>\n","protected":false},"excerpt":{"rendered":"<p>Les sympathisants du principal parti d&rsquo;opposition en C\u00f4te d&rsquo;Ivoire sont appel\u00e9s \u00e0 manifester jeudi devant les tribunaux du pays apr\u00e8s<\/p>\n","protected":false},"author":1,"featured_media":49235,"comment_status":"open","ping_status":"open","sticky":false,"template":"","format":"standard","meta":{"footnotes":""},"categories":[51],"tags":[],"class_list":["post-55535","post","type-post","status-publish","format-standard","has-post-thumbnail","hentry","category-general"],"_links":{"self":[{"href":"https:\/\/dekkbi.com\/index.php?rest_route=\/wp\/v2\/posts\/55535","targetHints":{"allow":["GET"]}}],"collection":[{"href":"https:\/\/dekkbi.com\/index.php?rest_route=\/wp\/v2\/posts"}],"about":[{"href":"https:\/\/dekkbi.com\/index.php?rest_route=\/wp\/v2\/types\/post"}],"author":[{"embeddable":true,"href":"https:\/\/dekkbi.com\/index.php?rest_route=\/wp\/v2\/users\/1"}],"replies":[{"embeddable":true,"href":"https:\/\/dekkbi.com\/index.php?rest_route=%2Fwp%2Fv2%2Fcomments&post=55535"}],"version-history":[{"count":3,"href":"https:\/\/dekkbi.com\/index.php?rest_route=\/wp\/v2\/posts\/55535\/revisions"}],"predecessor-version":[{"id":55541,"href":"https:\/\/dekkbi.com\/index.php?rest_route=\/wp\/v2\/posts\/55535\/revisions\/55541"}],"wp:featuredmedia":[{"embeddable":true,"href":"https:\/\/dekkbi.com\/index.php?rest_route=\/wp\/v2\/media\/49235"}],"wp:attachment":[{"href":"https:\/\/dekkbi.com\/index.php?rest_route=%2Fwp%2Fv2%2Fmedia&parent=55535"}],"wp:term":[{"taxonomy":"category","embeddable":true,"href":"https:\/\/dekkbi.com\/index.php?rest_route=%2Fwp%2Fv2%2Fcategories&post=55535"},{"taxonomy":"post_tag","embeddable":true,"href":"https:\/\/dekkbi.com\/index.php?rest_route=%2Fwp%2Fv2%2Ftags&post=55535"}],"curies":[{"name":"wp","href":"https:\/\/api.w.org\/{rel}","templated":true}]}}