{"id":55533,"date":"2025-04-24T10:44:32","date_gmt":"2025-04-24T10:44:32","guid":{"rendered":"https:\/\/dekkbi.com\/?p=55533"},"modified":"2025-04-24T10:44:33","modified_gmt":"2025-04-24T10:44:33","slug":"au-mali-langoisse-des-familles-apres-la-decouverte-de-corps-pres-du-camp-militaire-de-kwala","status":"publish","type":"post","link":"https:\/\/dekkbi.com\/?p=55533","title":{"rendered":"Au Mali, l&rsquo;angoisse des familles apr\u00e8s la d\u00e9couverte de corps pr\u00e8s du camp militaire de Kwala"},"content":{"rendered":"\n<p>(RFI) &#8211; Au Mali, l\u2019angoisse grandit parmi les proches de personnes enlev\u00e9es par l\u2019arm\u00e9e malienne et les suppl\u00e9tifs de Wagner, le 12 avril dernier, dans l\u2019ouest du pays. Une angoisse raviv\u00e9e par la d\u00e9couverte de treize corps en \u00e9tat de d\u00e9composition avanc\u00e9e et difficiles \u00e0 identifier, non loin du camp militaire de Kwala, dans la nuit de lundi \u00e0 mardi.<\/p>\n\n\n\n<p>La sc\u00e8ne est macabre.\u00a0<strong>Treize corps d\u00e9couverts<\/strong>\u00a0en putr\u00e9faction ont \u00e9t\u00e9 film\u00e9s par des habitants, mais un seul a pu \u00eatre identifi\u00e9. \u00ab\u00a0<em>J\u2019ai reconnu un homme de la communaut\u00e9 Maure arr\u00eat\u00e9 \u00e0 S\u00e9babougou<\/em>, t\u00e9moigne un habitant.\u00a0<em>Je l\u2019ai reconnu gr\u00e2ce \u00e0 l\u2019amulette qu\u2019il portait ainsi que ses cheveux.\u00a0<\/em>\u00bb<\/p>\n\n\n\n<p>Les corps \u00e9taient dans un \u00e9tat tel que leur identification s\u2019av\u00e8re quasiment impossible. Un t\u00e9moin de la d\u00e9couverte raconte :<\/p>\n\n\n\n<blockquote class=\"wp-block-quote is-layout-flow wp-block-quote-is-layout-flow\">\n<p>\u00ab Ils \u00e9taient tous dans un \u00e9tat avanc\u00e9 de d\u00e9composition, ce qui rend tr\u00e8s difficile leur identification. Il faut vraiment \u00eatre un proche de l\u2019individu pour le reconna\u00eetre. Soit par ses habits, ou par les chaussures&#8230; Sinon, \u00e0 travers le corps, c\u2019est impossible. Certains corps restent toujours ligot\u00e9s m\u00eame apr\u00e8s leur d\u00e9composition. \u00bb<\/p>\n<\/blockquote>\n\n\n\n<p>Ce m\u00eame t\u00e9moin pr\u00e9cise que des h\u00e9licopt\u00e8res survolaient la zone, for\u00e7ant les habitants \u00e0 fuir les lieux sur les conseils des a\u00een\u00e9s qui les accompagnaient.<\/p>\n\n\n\n<h2 class=\"wp-block-heading\">Silence des autorit\u00e9s<\/h2>\n\n\n\n<p>Depuis le 12 avril, une soixantaine de personnes, essentiellement de la communaut\u00e9 peule,&nbsp;auraient \u00e9t\u00e9 arr\u00eat\u00e9es \u00e0 S\u00e9babougou par l\u2019arm\u00e9e&nbsp;<a href=\"https:\/\/www.rfi.fr\/fr\/tag\/mali\/\"><strong>malienne<\/strong><\/a>&nbsp;et ses suppl\u00e9tifs russes. L\u2019angoisse des familles grandit, faute d\u2019information officielle. Un proche de deux personnes arr\u00eat\u00e9es t\u00e9moigne :<\/p>\n\n\n\n<blockquote class=\"wp-block-quote is-layout-flow wp-block-quote-is-layout-flow\">\n<p>\u00ab Ma plus grande pr\u00e9occupation en ce moment, c\u2019est d\u2019avoir des nouvelles de mon cousin et de mon fr\u00e8re, arr\u00eat\u00e9s par l\u2019arm\u00e9e malienne. Qu\u2019ils soient morts ou vivants. Je suis inquiet. Mais nos mamans le sont encore plus. L\u2019ann\u00e9e derni\u00e8re, le p\u00e8re de mon cousin avait \u00e9t\u00e9 tu\u00e9 par l\u2019arm\u00e9e malienne. Maintenant il ne reste que sa maman et son \u00e9pouse. Mon fr\u00e8re avait \u00e9t\u00e9 lui aussi arr\u00eat\u00e9, l\u2019ann\u00e9e derni\u00e8re \u00e0 S\u00e9babougou, avant d\u2019\u00eatre rel\u00e2ch\u00e9. Ce qui accro\u00eet notre inqui\u00e9tude ! \u00bb<\/p>\n<\/blockquote>\n\n\n\n<p>\u00c0 ce jour, l\u2019arm\u00e9e malienne n\u2019a fait aucune d\u00e9claration ni sur ces arrestations ni sur la d\u00e9couverte de ces corps. Cette r\u00e9gion frontali\u00e8re, aux confins de Koulikoro, Nara et Nioro du Sahel, est s\u00e9cou\u00e9e depuis plusieurs ann\u00e9es par les combats entre l\u2019arm\u00e9e malienne et le Groupe de soutien \u00e0 l\u2019islam et aux musulmans (GSIM), ainsi que par la pr\u00e9sence active des mercenaires russes du groupe Wagner.<\/p>\n","protected":false},"excerpt":{"rendered":"<p>(RFI) &#8211; Au Mali, l\u2019angoisse grandit parmi les proches de personnes enlev\u00e9es par l\u2019arm\u00e9e malienne et les suppl\u00e9tifs de Wagner,<\/p>\n","protected":false},"author":1,"featured_media":12851,"comment_status":"open","ping_status":"open","sticky":false,"template":"","format":"standard","meta":{"footnotes":""},"categories":[51],"tags":[],"class_list":["post-55533","post","type-post","status-publish","format-standard","has-post-thumbnail","hentry","category-general"],"_links":{"self":[{"href":"https:\/\/dekkbi.com\/index.php?rest_route=\/wp\/v2\/posts\/55533","targetHints":{"allow":["GET"]}}],"collection":[{"href":"https:\/\/dekkbi.com\/index.php?rest_route=\/wp\/v2\/posts"}],"about":[{"href":"https:\/\/dekkbi.com\/index.php?rest_route=\/wp\/v2\/types\/post"}],"author":[{"embeddable":true,"href":"https:\/\/dekkbi.com\/index.php?rest_route=\/wp\/v2\/users\/1"}],"replies":[{"embeddable":true,"href":"https:\/\/dekkbi.com\/index.php?rest_route=%2Fwp%2Fv2%2Fcomments&post=55533"}],"version-history":[{"count":1,"href":"https:\/\/dekkbi.com\/index.php?rest_route=\/wp\/v2\/posts\/55533\/revisions"}],"predecessor-version":[{"id":55534,"href":"https:\/\/dekkbi.com\/index.php?rest_route=\/wp\/v2\/posts\/55533\/revisions\/55534"}],"wp:featuredmedia":[{"embeddable":true,"href":"https:\/\/dekkbi.com\/index.php?rest_route=\/wp\/v2\/media\/12851"}],"wp:attachment":[{"href":"https:\/\/dekkbi.com\/index.php?rest_route=%2Fwp%2Fv2%2Fmedia&parent=55533"}],"wp:term":[{"taxonomy":"category","embeddable":true,"href":"https:\/\/dekkbi.com\/index.php?rest_route=%2Fwp%2Fv2%2Fcategories&post=55533"},{"taxonomy":"post_tag","embeddable":true,"href":"https:\/\/dekkbi.com\/index.php?rest_route=%2Fwp%2Fv2%2Ftags&post=55533"}],"curies":[{"name":"wp","href":"https:\/\/api.w.org\/{rel}","templated":true}]}}