{"id":55502,"date":"2025-04-24T09:25:53","date_gmt":"2025-04-24T09:25:53","guid":{"rendered":"https:\/\/dekkbi.com\/?p=55502"},"modified":"2025-04-24T09:25:53","modified_gmt":"2025-04-24T09:25:53","slug":"signature-dune-charte-pour-la-consolidation-de-la-paix-un-engagement-pour-le-retablissement-de-la-cohesion-sociale","status":"publish","type":"post","link":"https:\/\/dekkbi.com\/?p=55502","title":{"rendered":"Signature d\u2019une charte pour la consolidation de la paix : un engagement pour le r\u00e9tablissement de la coh\u00e9sion sociale"},"content":{"rendered":"\n<p><strong>A peine install\u00e9s dans leurs fonctions, les quinze (15) ambassadeurs de la paix nomin\u00e9s par le collectif des organisations de la soci\u00e9t\u00e9 civile ont proc\u00e9d\u00e9 \u00e0 la signature de la Charte des Acteurs de la Soci\u00e9t\u00e9 Civile pour la Consolidation de la Paix. C\u2019\u00e9tait hier, mercredi 23 avril \u00e0 l\u2019occasion du premier d\u00e9jeuner de la paix organis\u00e9 par le COSCE avec le soutien de l\u2019Union Europ\u00e9enne et l\u2019Ambassade de Grande-Bretagne \u00e0 Dakar. A cet effet, les ambassadeurs ont pris l\u2019engagement de travailler pour un r\u00e9tablissement de la coh\u00e9sion sociale.<\/strong><\/p>\n\n\n\n<p>Le collectif des organisations de la soci\u00e9t\u00e9 civile a organis\u00e9 hier, mercredi 23 avril son premier d\u00e9jeuner de la paix. Soutenu par l\u2019Union Europ\u00e9enne et l\u2019Ambassade de Grande-Bretagne \u00e0 Dakar, cet \u00e9v\u00e8nement marque la premi\u00e8re rencontre officielle des Ambassadeurs de la Paix et la signature de la Charte des Acteurs de la Soci\u00e9t\u00e9 Civile pour la Consolidation de la Paix.<\/p>\n\n\n\n<p>\u00ab&nbsp;On a identifi\u00e9 dans ce S\u00e9n\u00e9gal, des personnalit\u00e9s pour leur int\u00e9grit\u00e9 et leur int\u00e9grit\u00e9 et leur impartialit\u00e9 pour les mobiliser \u00e0 c\u00f4t\u00e9 de la soci\u00e9t\u00e9 civile pour promouvoir la paix au S\u00e9n\u00e9gal&nbsp;\u00bb, a d\u00e9clar\u00e9 Moundiaye Ciss\u00e9, pr\u00e9sident de l\u2019ONG 3D, membre du collectif des organisations de la soci\u00e9t\u00e9 civile (COSCE).<\/p>\n\n\n\n<p>Avec le concours de ces personnalit\u00e9s aux c\u00f4t\u00e9s de la soci\u00e9t\u00e9 civile qui a longtemps et toujours jou\u00e9 sa partition dans le champ de la m\u00e9diation, dans le champ de la paix, indique le pr\u00e9sident de l\u2019ONG 3D, \u00ab Aujourd\u2019hui, nous nous renfor\u00e7ons avec d\u2019autres acteurs, d\u2019autres personnalit\u00e9s des m\u00e9dias, de la culture, du monde religieux pour faire un bloc et travailler \u00e0 ce qu\u2019on consolide notre vivre ensemble, qui est aujourd\u2019hui tr\u00e8s menac\u00e9. On est dans une sorte bipolarisation. Soit on est avec moi, ou on est contre moi.&nbsp;\u00bb<\/p>\n\n\n\n<p>Toutefois, il affirme qu\u2019il ne s\u2019agirait pas seulement de les mettre mise en place. A ce titre, annonce M. Ciss\u00e9, \u00ab&nbsp;Il faut les donner une feuille de route. Identifier les zones de tensions, les secteurs conflictog\u00e8nes parce que nous ne travaillons pas seulement dans le champ politique. Les questions de la violence d\u00e9passent le champ politique. Les questions de la violence, c\u2019est un peu partout. Et \u00e7a commence \u00e0 se g\u00e9n\u00e9raliser et la violence commence aussi \u00e0 \u00eatre une violence structurelle.&nbsp;\u00bb<\/p>\n\n\n\n<p>Rappelant pour sa part les moments de fortes turbulences socio-politiques compar\u00e9s \u00e0 cette p\u00e9riode de paix not\u00e9e au S\u00e9n\u00e9gal, Mamadou Lamine Diant\u00e9, pr\u00e9sident du Haut Conseil du Dialogue Social (HCDS) estime que \u00ab&nbsp;Cette paix-l\u00e0 ne peut pas \u00eatre circonstancielle, \u00e7a doit \u00eatre une paix structurelle. Et il est heureux aujourd\u2019hui de voir que le COSCE s\u2019emploie \u00e0 maintenir ce climat de paix le plus durablement dans notre pays.&nbsp;\u00bb<\/p>\n\n\n\n<p>Car en tant que pr\u00e9sident d\u2019une institution qui \u0153uvre pour la paix et \u00e0 la promotion du dialogue dans les relations professionnelles, il consid\u00e8re que \u00ab les nouvelles autorit\u00e9s de ce pays-l\u00e0, qui doivent d\u00e9rouler l\u2019agenda 2050 ont besoin de cette stabilit\u00e9 et de cette paix aussi bien dans la soci\u00e9t\u00e9 donc dans les relations politiques mais \u00e9galement dans les relations professionnelles.&nbsp;\u00bb<\/p>\n\n\n\n<p>\u00ab&nbsp;C\u2019est pourquoi, nous prenons l\u2019engagement ici devant l\u2019opinion nationale et internationale d\u2019accompagner ce processus enclench\u00e9 par les organisations de la soci\u00e9t\u00e9 civile pour que la paix puisse r\u00e9gner de fa\u00e7on durable au S\u00e9n\u00e9gal&nbsp;\u00bb, s\u2019engage le pr\u00e9sident du HCDS.<\/p>\n\n\n\n<p>Une des ambassadeurs d\u00e9sign\u00e9 par le COSCE, Ndeye Marie Di\u00e9dhiou, pr\u00e9sidente de la plateforme des femmes pour la paix en Casamance, estime qu\u2019il s\u2019agit de renouveler leur engagement pour un combat qu\u2019il ont commenc\u00e9 dans leurs domaines respectifs, dans leurs r\u00e9gions et pour le pays pour que la paix s\u2019instaure d\u00e9finitivement.<\/p>\n\n\n\n<p>\u00ab&nbsp;C\u2019est dans cette m\u00eame mouvance que nous allons continuer le travail avec ces organisations de la soci\u00e9t\u00e9 civile et toutes les autres organisations qui travaillent effectivement pour la paix dans notre pays au S\u00e9n\u00e9gal. Nous avons besoin de mettre ensemble nos forces, nos comp\u00e9tences, nos \u00e9nergies, pour que nous puissions avoir une paix d\u00e9finitive, \u00e0 un r\u00e9tablissement de la coh\u00e9sion sociale&nbsp;\u00bb, a plaid\u00e9 la pr\u00e9sidente de la plateforme des femmes pour la paix en Casamance.<\/p>\n\n\n\n<p>De son c\u00f4t\u00e9, Juliette John, ambassadrice du Royaume-Uni au S\u00e9n\u00e9gal, a fait part de la fiert\u00e9 du Royaume-Uni d\u2019accompagner depuis plusieurs mois cette charte des acteurs de la soci\u00e9t\u00e9 civile pour la consolidation de la paix.<\/p>\n\n\n\n<p>CHRISTOPHE CASAS, repr\u00e9sentant de l\u2019Union Europ\u00e9enne a quant \u00e0 lui, lou\u00e9 les bonnes initiatives du S\u00e9n\u00e9gal, en faveur de la paix et du r\u00f4le et l\u2019implication de la soci\u00e9t\u00e9 civile mais aussi des acteurs \u00e9tatiques pour consolider la paix et pour du S\u00e9n\u00e9gal un Havre de la paix.<\/p>\n\n\n\n<p>Ousmane GOUDIABY<\/p>\n\n\n\n<p>SUDQUOTIDIEN<\/p>\n","protected":false},"excerpt":{"rendered":"<p>A peine install\u00e9s dans leurs fonctions, les quinze (15) ambassadeurs de la paix nomin\u00e9s par le collectif des organisations de<\/p>\n","protected":false},"author":1,"featured_media":55503,"comment_status":"open","ping_status":"open","sticky":false,"template":"","format":"standard","meta":{"footnotes":""},"categories":[21],"tags":[],"class_list":["post-55502","post","type-post","status-publish","format-standard","has-post-thumbnail","hentry","category-societe"],"_links":{"self":[{"href":"https:\/\/dekkbi.com\/index.php?rest_route=\/wp\/v2\/posts\/55502","targetHints":{"allow":["GET"]}}],"collection":[{"href":"https:\/\/dekkbi.com\/index.php?rest_route=\/wp\/v2\/posts"}],"about":[{"href":"https:\/\/dekkbi.com\/index.php?rest_route=\/wp\/v2\/types\/post"}],"author":[{"embeddable":true,"href":"https:\/\/dekkbi.com\/index.php?rest_route=\/wp\/v2\/users\/1"}],"replies":[{"embeddable":true,"href":"https:\/\/dekkbi.com\/index.php?rest_route=%2Fwp%2Fv2%2Fcomments&post=55502"}],"version-history":[{"count":1,"href":"https:\/\/dekkbi.com\/index.php?rest_route=\/wp\/v2\/posts\/55502\/revisions"}],"predecessor-version":[{"id":55504,"href":"https:\/\/dekkbi.com\/index.php?rest_route=\/wp\/v2\/posts\/55502\/revisions\/55504"}],"wp:featuredmedia":[{"embeddable":true,"href":"https:\/\/dekkbi.com\/index.php?rest_route=\/wp\/v2\/media\/55503"}],"wp:attachment":[{"href":"https:\/\/dekkbi.com\/index.php?rest_route=%2Fwp%2Fv2%2Fmedia&parent=55502"}],"wp:term":[{"taxonomy":"category","embeddable":true,"href":"https:\/\/dekkbi.com\/index.php?rest_route=%2Fwp%2Fv2%2Fcategories&post=55502"},{"taxonomy":"post_tag","embeddable":true,"href":"https:\/\/dekkbi.com\/index.php?rest_route=%2Fwp%2Fv2%2Ftags&post=55502"}],"curies":[{"name":"wp","href":"https:\/\/api.w.org\/{rel}","templated":true}]}}