{"id":55487,"date":"2025-04-24T09:02:41","date_gmt":"2025-04-24T09:02:41","guid":{"rendered":"https:\/\/dekkbi.com\/?p=55487"},"modified":"2025-04-24T09:03:00","modified_gmt":"2025-04-24T09:03:00","slug":"conseil-des-ministres-de-ce-mercredi-23-avril-2025","status":"publish","type":"post","link":"https:\/\/dekkbi.com\/?p=55487","title":{"rendered":"Conseil des Ministres de ce mercredi 23 avril 2025"},"content":{"rendered":"\n<h3 class=\"wp-block-heading\">Le Chef de l\u2019Etat, Son Excellence, Monsieur Bassirou Diomaye Diakhar Faye a pr\u00e9sid\u00e9, ce mercredi 23 avril 2025, la r\u00e9union hebdomadaire du Conseil des Ministres, au Palais de la R\u00e9publique.<\/h3>\n\n\n\n<p>A l\u2019entame de sa communication, le Pr\u00e9sident de la R\u00e9publique a pr\u00e9sent\u00e9 les condol\u00e9ances de la Nation et a exprim\u00e9 sa compassion \u00e0 la communaut\u00e9 catholique, suite au d\u00e9c\u00e8s du Souverain pontife, Sa Saintet\u00e9 le Pape Fran\u00e7ois. Le Pape Fran\u00e7ois f\u00fbt un homme de foi et de paix, particuli\u00e8rement engag\u00e9 et attach\u00e9 \u00e0 la justice sociale, notamment \u00e0 la d\u00e9fense des couches les plus vuln\u00e9rables. Dans le contexte des c\u00e9l\u00e9brations de la f\u00eate de P\u00e2ques, il a adress\u00e9 ses chaleureuses f\u00e9licitations \u00e0 la communaut\u00e9 chr\u00e9tienne et a pri\u00e9 pour un S\u00e9n\u00e9gal de paix, de prosp\u00e9rit\u00e9 et de solidarit\u00e9.<\/p>\n\n\n\n<p>Le Chef de l\u2019Etat a abord\u00e9 la probl\u00e9matique du d\u00e9veloppement de la recherche et de l\u2019innovation dans l\u2019agenda national de transformation. L\u2019ambition pour un S\u00e9n\u00e9gal souverain, juste et prosp\u00e8re, place la recherche et d\u00e9veloppement et l\u2019innovation au c\u0153ur de l\u2019\u00e9laboration et de la mise en \u0153uvre des politiques publiques.<\/p>\n\n\n\n<p>A ce titre, il a demand\u00e9 au Ministre charg\u00e9 de la Recherche et de l\u2019Innovation de finaliser, avant fin juin 2025, la cartographie de la recherche et de l\u2019innovation en indiquant les infrastructures et les \u00e9quipements disponibles, mais \u00e9galement le capital humain national mobilis\u00e9 dans la sph\u00e8re publique et le secteur priv\u00e9. Le Pr\u00e9sident de la R\u00e9publique a indiqu\u00e9 au Premier Ministre et au Ministre de l\u2019Enseignement sup\u00e9rieur, de la Recherche et de l\u2019Innovation et aux Ministres en charge de l\u2019Economie, de l\u2019Industrie et du Num\u00e9rique en particulier, la n\u00e9cessit\u00e9 de travailler \u00e0 la validation, avant fin ao\u00fbt 2025, d\u2019un document de politique nationale de recherche et d\u2019innovation impliquant les acteurs publics et priv\u00e9s, les universitaires, les chercheurs, les industriels et toute autre partie prenante.<\/p>\n\n\n\n<p>Il a aussi demand\u00e9 au Premier Ministre d\u2019assurer la mise en coh\u00e9rence, la supervision des programmes minist\u00e9riels d\u2019investissement dans la recherche, la promotion de l\u2019innovation et de veiller \u00e0 leur convergence avec les besoins sectoriels du pays.<\/p>\n\n\n\n<p>Le Chef de l\u2019Etat a soulign\u00e9 le caract\u00e8re fondamental de la valorisation des r\u00e9sultats de la recherche et de nos capacit\u00e9s d\u2019innovation dans les lettres de politique sectorielle, les strat\u00e9gies industrielles, num\u00e9riques et technologiques d\u00e9finies, les programmes et projets d\u00e9ploy\u00e9s. Il a indiqu\u00e9, en outre, l\u2019importance du soutien de l\u2019Etat \u00e0 la cr\u00e9ation d\u2019entreprises technologiques et de laboratoires de recherche, au renforcement ad\u00e9quat des \u00e9coles d\u2019ing\u00e9nieurs et des instituts de recherches mais aussi au financement et \u00e0 l\u2019accompagnement adapt\u00e9s au d\u00e9veloppement de la recherche et de l\u2019innovation.<\/p>\n\n\n\n<p>A cet effet, le Pr\u00e9sident de la R\u00e9publique a demand\u00e9 au Premier Ministre, au Ministre en charge de la Recherche et au Ministre des Finances et du Budget de rationnaliser toutes les aides et l\u2019essentiel des fonds publics destin\u00e9s \u00e0 la recherche, dans le cadre d\u2019un Fonds national pour le D\u00e9veloppement de 2 la Recherche et de l\u2019Innovation, avec de nouveaux m\u00e9canismes de mobilisation et d\u2019allocation de ressources \u00e0 travers des contrats de performance int\u00e9grant des objectifs de r\u00e9sultats bien cibl\u00e9s. Dans ce sillage, il a demand\u00e9 au Premier Ministre, de mettre en place un Conseil national de la Recherche et de l\u2019Innovation pour mat\u00e9rialiser la nouvelle politique de recherche et d\u2019innovation endog\u00e8ne et arrim\u00e9e aux meilleurs standards internationaux.<\/p>\n\n\n\n<p>Pour clore ce chapitre, il a magnifi\u00e9 la participation remarquable de la d\u00e9l\u00e9gation s\u00e9n\u00e9galaise au 50\u00e8me Salon international des Inventions de Gen\u00e8ve tenu du 09 au 13 avril 2025 et adresse ses vives f\u00e9licitations aux laur\u00e9ats. Le Pr\u00e9sident de la R\u00e9publique est revenu sur la question de l\u2019am\u00e9lioration et de l\u2019attractivit\u00e9 du S\u00e9n\u00e9gal et de l\u2019optimisation des proc\u00e9dures dans la transparence en vue d\u2019acc\u00e9l\u00e9rer la mise en \u0153uvre des programmes et projets. En effet, l\u2019attractivit\u00e9 et la comp\u00e9titivit\u00e9 de l\u2019\u00e9conomie nationale s\u2019\u00e9rigent en priorit\u00e9s.<\/p>\n\n\n\n<p>A cet \u00e9gard, il a indiqu\u00e9 au Gouvernement que le d\u00e9ploiement performant de l\u2019Agenda national de Transformation exige une maitrise parfaite des proc\u00e9dures administratives et de passation des march\u00e9s mais \u00e9galement de toutes les actions visant la r\u00e9alisation, dans les d\u00e9lais, des infrastructures, programmes et projets financ\u00e9s dans le cadre du budget de l\u2019Etat et du partenariat public-priv\u00e9. Il a aussi demand\u00e9 au Premier Ministre de veiller \u00e0 la finalisation de la r\u00e9forme relative au Code des Investissements ainsi qu\u2019\u00e0 la c\u00e9l\u00e9rit\u00e9 requise des structures publiques dans l\u2019instruction optimale et transparente des dossiers d\u2019investissements priv\u00e9s cr\u00e9dibles et conformes aux priorit\u00e9s de la Vision S\u00e9n\u00e9gal 2050.<\/p>\n\n\n\n<p>Dans le m\u00eame \u00e9lan, il a appel\u00e9 le Premier Ministre \u00e0 travailler \u00e0 la certification des proc\u00e9dures notamment au sein de l\u2019Autorit\u00e9 de R\u00e9gulation de la Commande publique (ARCOP) et de la Direction centrale des March\u00e9s publics (DCMP) pour plus de c\u00e9l\u00e9rit\u00e9 dans le traitement des dossiers tout en garantissant la transparence.<\/p>\n\n\n\n<p>Le Chef de l\u2019Etat a r\u00e9it\u00e9r\u00e9 au Gouvernement, aux Centrales syndicales, au Patronat et \u00e0 toutes les forces vives de la Nation son attachement constant au dialogue et \u00e0 la concertation comme m\u00e9thode de gouvernance. Dans ce contexte de renforcement cons\u00e9quent du dialogue social tripartite (Etat, Patronat, Syndicats), il a demand\u00e9 au Ministre en charge du Travail de faire le point sur le processus de conclusion du Pacte national de Stabilit\u00e9 sociale, l\u2019\u00e9tat de prise en charge des cahiers de dol\u00e9ances des centrales syndicales en perspective de la f\u00eate du travail, le 1er mai 2025, et les enseignements et recommandations du rapport 2024 sur les statistiques du march\u00e9 du Travail.<\/p>\n\n\n\n<p>Enfin, le Pr\u00e9sident de la R\u00e9publique a inform\u00e9 le Conseil qu\u2019il pr\u00e9sidera, jeudi 24 avril 2025, la c\u00e9r\u00e9monie d\u2019ouverture de la quatri\u00e8me \u00e9dition de la Conf\u00e9rence sociale plac\u00e9e sous le th\u00e8me de l\u2019employabilit\u00e9 et de l\u2019emploi des jeunes. \u00c0 l\u2019entame de sa communication, le Premier Ministre a soulign\u00e9 que les op\u00e9rations de reddition de comptes en cours, conformes aux engagements \u00e9lectoraux de Monsieur le Pr\u00e9sident de la R\u00e9publique, sont une exigence dans une d\u00e9mocratie. Il a relev\u00e9 qu\u2019un tel exercice doit aller de pair avec la mise en \u0153uvre des actions requises pour b\u00e2tir une patrie forte souveraine et prosp\u00e8re port\u00e9e par un sursaut national face aux nombreux d\u00e9fis \u00e0 surmonter dans le contexte de la situation critique des finances publiques.<\/p>\n\n\n\n<p>\u00c0 cet \u00e9gard, il a inform\u00e9 le Conseil que le Gouvernement pr\u00e9sentera, dans les prochains jours, au peuple s\u00e9n\u00e9galais et aux partenaires techniques et financiers, un plan structur\u00e9, d\u00e9taill\u00e9 et chiffr\u00e9 de relance, adoss\u00e9 \u00e0 l\u2019Agenda national de Transformation syst\u00e9mique du pays. 3 Le Premier Ministre a ensuite ax\u00e9 sa communication sur la prise en charge des enfants de la rue et sur le ph\u00e9nom\u00e8ne de la mendicit\u00e9 publique et du vagabondage en g\u00e9n\u00e9ral. Concernant la prise en charge des enfants de la rue, le Premier Ministre a marqu\u00e9 la forte pr\u00e9occupation du Gouvernement face \u00e0 ce ph\u00e9nom\u00e8ne de violation grave des droits de l\u2019enfant garantis par le Constitution du S\u00e9n\u00e9gal et les divers textes internationaux.<\/p>\n\n\n\n<p>Il a rappel\u00e9 les diff\u00e9rentes initiatives prises par le S\u00e9n\u00e9gal, notamment la \u00ab Strat\u00e9gie de protection de l\u2019enfant \u00bb, le Projet \u00ab Z\u00e9ro enfant en situation de rue \u00bb et le \u00ab Programme de Modernisation des Daara \u00bb, qui n\u2019ont pas produit les impacts attendus. Un nouveau paradigme s\u2019impose donc dans le contexte de la Vision S\u00e9n\u00e9gal 2050 qui place l\u2019avenir de l\u2019enfant au c\u0153ur de la promotion d\u2019un capital humain de qualit\u00e9 et de la promotion de l\u2019\u00e9quit\u00e9 sociale. Il s\u2019agira de parvenir, une fois pour toutes, au retrait des enfants en situation de rue et \u00e0 leur r\u00e9insertion socio-\u00e9conomique.<\/p>\n\n\n\n<p>Dans cette perspective, le Premier Ministre a soumis \u00e0 Monsieur le Pr\u00e9sident de la R\u00e9publique la proposition faite par le Ministre de la Famille et des Solidarit\u00e9s, relative \u00e0 l\u2019organisation des Assises de la petite enfance destin\u00e9es notamment \u00e0 proposer des solutions concr\u00e8tes, durables et adapt\u00e9es au contexte s\u00e9n\u00e9galais, en synergie avec l\u2019ensemble des parties impliqu\u00e9es, sur la base de l\u2019identification pr\u00e9cise des obstacles qui entravent l\u2019\u00e9radication du ph\u00e9nom\u00e8ne des enfants en situation de rue.<\/p>\n\n\n\n<p>Sur la base des directives arr\u00eat\u00e9es par le Chef de l\u2019Etat, il a invit\u00e9 le Ministre de la Famille et des Solidarit\u00e9s \u00e0 prendre les dispositions appropri\u00e9es pour la bonne organisation de ces Assises, en relation avec les Ministres charg\u00e9s de la Justice, de la Sant\u00e9 et de l\u2019Action sociale, de l\u2019Education nationale ainsi que de l\u2019Int\u00e9rieur et de la S\u00e9curit\u00e9 publique.<\/p>\n\n\n\n<p>Abordant le ph\u00e9nom\u00e8ne relatif \u00e0 la lutte contre la mendicit\u00e9 publique et le vagabondage, le Premier Ministre a d\u00e9plor\u00e9 son accentuation malgr\u00e9 un arsenal l\u00e9gal dissuasif et la mise en place d\u2019organes d\u00e9di\u00e9s. Il a rappel\u00e9 les dispositions l\u00e9gales pertinentes relatives \u00e0 l\u2019incrimination de la mendicit\u00e9, du vagabondage et de l\u2019exploitation de la mendicit\u00e9 d\u2019autrui ainsi qu\u2019\u00e0 la protection des victimes d\u2019exploitation de la mendicit\u00e9 et \u00e0 la protection de l\u2019enfant en danger. Sur cette base, il a engag\u00e9 les Ministres charg\u00e9s de la Justice, de la Famille, de l\u2019Int\u00e9rieur et de la S\u00e9curit\u00e9 publique, des Forces arm\u00e9es ainsi que des Affaires \u00e9trang\u00e8res de lui soumettre, au plus tard fin octobre 2025, une strat\u00e9gie de riposte \u00e0 pr\u00e9senter \u00e0 l\u2019approbation de Monsieur le Pr\u00e9sident de la R\u00e9publique.<\/p>\n\n\n\n<p>Cette strat\u00e9gie devra couvrir, entre autres, les axes suivants : &#8211; la mendicit\u00e9 des mineurs, par des mesures d\u2019op\u00e9rationnalisation de la Brigade sp\u00e9ciale de protection des mineurs, devant permettre l\u2019identification des parents de tout mineur trouv\u00e9 dans la rue et \u00e9ventuellement des personnes charg\u00e9es de sa garde afin que des poursuites puissent \u00eatre engag\u00e9es \u00e0 leur encontre ; &#8211; la mendicit\u00e9 des \u00e9trangers, par des m\u00e9canismes de concertation avec les pays d\u2019origine pour le retour organis\u00e9 de leurs ressortissants et par l\u2019application des mesures d\u2019\u00e9loignement d\u00e8s la prise des d\u00e9cisions de condamnation \u00e0 leur \u00e9gard.<\/p>\n\n\n\n<p><strong>AU TITRE DES COMMUNICATIONS DES MINISTRES :<br><\/strong><br>4 \u2022 Le Ministre de la Formation professionnelle et technique, Porte-parole du Gouvernement a fait une communication sur l\u2019\u00e9tat d\u2019avancement des projets de construction et d\u2019\u00e9quipement de centres de formation professionnelle ;<\/p>\n\n\n\n<p>\u2022 Le Ministre de l\u2019Industrie et du Commerce a une communication sur le PROMOGEN et la lutte contre les incendies dans les march\u00e9s ;<\/p>\n\n\n\n<p>\u2022 Le Ministre du Travail, de l\u2019Emploi et des Relations avec les Institutions a fait une communication sur le d\u00e9roulement de la 4\u00e8me Conf\u00e9rence sociale sur l\u2019emploi et l\u2019employabilit\u00e9 au S\u00e9n\u00e9gal, la pr\u00e9paration de la f\u00eate internationale du travail et les travaux relatifs au pacte de stabilit\u00e9 sociale.<\/p>\n\n\n\n<p><strong>AU TITRE DES TEXTES LEGISLATIFS ET REGLEMENTAIRES,<br>Le Conseil a examin\u00e9 et adopt\u00e9 :<\/strong><\/p>\n\n\n\n<p>&#8211; le projet de d\u00e9cret portant cr\u00e9ation et fixant les r\u00e8gles d\u2019organisation et de fonctionnement du Comit\u00e9 d\u2019appui au pilotage de l\u2019Agenda national de Transformation de l\u2019Enseignement sup\u00e9rieur, de la Recherche et de l\u2019Innovation (CAP-ANTESRI) ;<\/p>\n\n\n\n<p>&#8211; le projet de d\u00e9cret relatif \u00e0 la commercialisation des aliments destin\u00e9s aux nourrissons et aux jeunes enfants.<\/p>\n\n\n\n<p><strong>AU TITRE DES MESURES INDIVIDUELLES,<br><br>le Pr\u00e9sident de la R\u00e9publique a pris les d\u00e9cisions suivantes :<br><br>Au titre du Minist\u00e8re de l\u2019Int\u00e9gration africaine et des Affaires \u00e9trang\u00e8res :<\/strong><\/p>\n\n\n\n<p><strong>\u2022 Monsieur Mouhamed KONATE,&nbsp;<\/strong>Conseiller des Affaires \u00e9trang\u00e8res, matricule de solde n\u00b0 606 883 I, est nomm\u00e9 Secr\u00e9taire g\u00e9n\u00e9ral adjoint au Minist\u00e8re de l\u2019Int\u00e9gration africaine et des Affaires \u00e9trang\u00e8res, en remplacement de Monsieur Malick DIOUF, appel\u00e9 \u00e0 d\u2019autres fonctions ;<br><strong><br>\u2022 Monsieur Babacar BA,<\/strong>&nbsp;Administrateur civil, matricule de solde n\u00b0 611 532 B est nomm\u00e9 Directeur de l\u2019Int\u00e9gration africaine et du Panafricanisme au Minist\u00e8re de l\u2019Int\u00e9gration africaine et des Affaires \u00e9trang\u00e8res, et Responsable du Bureau national de la CEDEAO ;<\/p>\n\n\n\n<p><strong>\u2022 Monsieur Talla GUEYE,&nbsp;<\/strong>Conseiller des Affaires \u00e9trang\u00e8res, matricule de solde n\u00b0 624 531 E, est nomm\u00e9 Directeur de la Coop\u00e9ration bilat\u00e9rale africaine au Minist\u00e8re de l\u2019Int\u00e9gration africaine et des Affaires \u00e9trang\u00e8res ;<\/p>\n\n\n\n<p><strong>\u2022 Monsieur Mamadou Mounsir NDIAYE<\/strong>, Conseiller des Affaires \u00e9trang\u00e8res, matricule de solde n\u00b0 624 499 D, est nomm\u00e9 Directeur des Organisations internationales 5 au Minist\u00e8re de l\u2019Int\u00e9gration africaine et des Affaires \u00e9trang\u00e8res, en remplacement de Monsieur Pierre FAYE, appel\u00e9 \u00e0 d\u2019autres fonctions ;<\/p>\n\n\n\n<p><strong>\u2022 Madame Cathy DIAGNE THIOYE,<\/strong>&nbsp;Conseiller des Affaires \u00e9trang\u00e8res, matricule de solde n\u00b0 624 487 E, est nomm\u00e9e Directeur Asie, Pacifique et Moyen-Orient au Minist\u00e8re de l\u2019Int\u00e9gration africaine et des Affaires \u00e9trang\u00e8res, en remplacement de Monsieur Ousmane DIOP, appel\u00e9 \u00e0 d\u2019autres fonctions ;<\/p>\n\n\n\n<p><strong>\u2022 Monsieur Abdoulaye KEITA,&nbsp;<\/strong>Conseiller des Affaires \u00e9trang\u00e8res, matricule de solde n\u00b0 624 500 C, est nomm\u00e9 Directeur Europe, Am\u00e9rique et Oc\u00e9anie au Minist\u00e8re de l\u2019Int\u00e9gration africaine et des Affaires \u00e9trang\u00e8res, en remplacement de Monsieur Ousmane Camara DIONGUE, appel\u00e9 \u00e0 d\u2019autres fonctions ;<\/p>\n\n\n\n<p><strong>\u2022 Monsieur El Hadji Abdoul Karim CISSE,<\/strong>&nbsp;\u00c9conomiste, titulaire d\u2019un Master en M\u00e9thodes statistiques et \u00e9conom\u00e9triques, est nomm\u00e9 Directeur des S\u00e9n\u00e9galais de l\u2019Ext\u00e9rieur au Minist\u00e8re de l\u2019Int\u00e9gration africaine et des Affaires \u00e9trang\u00e8res.<\/p>\n\n\n\n<p><strong>Le Ministre de la Formation professionnelle et technique,<br>Porte-Parole du Gouvernement,<br>Amadou Moustapha Njekk SARRE<\/strong><\/p>\n","protected":false},"excerpt":{"rendered":"<p>Le Chef de l\u2019Etat, Son Excellence, Monsieur Bassirou Diomaye Diakhar Faye a pr\u00e9sid\u00e9, ce mercredi 23 avril 2025, la r\u00e9union<\/p>\n","protected":false},"author":1,"featured_media":43464,"comment_status":"open","ping_status":"open","sticky":false,"template":"","format":"standard","meta":{"footnotes":""},"categories":[6],"tags":[],"class_list":["post-55487","post","type-post","status-publish","format-standard","has-post-thumbnail","hentry","category-politics"],"_links":{"self":[{"href":"https:\/\/dekkbi.com\/index.php?rest_route=\/wp\/v2\/posts\/55487","targetHints":{"allow":["GET"]}}],"collection":[{"href":"https:\/\/dekkbi.com\/index.php?rest_route=\/wp\/v2\/posts"}],"about":[{"href":"https:\/\/dekkbi.com\/index.php?rest_route=\/wp\/v2\/types\/post"}],"author":[{"embeddable":true,"href":"https:\/\/dekkbi.com\/index.php?rest_route=\/wp\/v2\/users\/1"}],"replies":[{"embeddable":true,"href":"https:\/\/dekkbi.com\/index.php?rest_route=%2Fwp%2Fv2%2Fcomments&post=55487"}],"version-history":[{"count":1,"href":"https:\/\/dekkbi.com\/index.php?rest_route=\/wp\/v2\/posts\/55487\/revisions"}],"predecessor-version":[{"id":55488,"href":"https:\/\/dekkbi.com\/index.php?rest_route=\/wp\/v2\/posts\/55487\/revisions\/55488"}],"wp:featuredmedia":[{"embeddable":true,"href":"https:\/\/dekkbi.com\/index.php?rest_route=\/wp\/v2\/media\/43464"}],"wp:attachment":[{"href":"https:\/\/dekkbi.com\/index.php?rest_route=%2Fwp%2Fv2%2Fmedia&parent=55487"}],"wp:term":[{"taxonomy":"category","embeddable":true,"href":"https:\/\/dekkbi.com\/index.php?rest_route=%2Fwp%2Fv2%2Fcategories&post=55487"},{"taxonomy":"post_tag","embeddable":true,"href":"https:\/\/dekkbi.com\/index.php?rest_route=%2Fwp%2Fv2%2Ftags&post=55487"}],"curies":[{"name":"wp","href":"https:\/\/api.w.org\/{rel}","templated":true}]}}