{"id":55481,"date":"2025-04-24T08:55:03","date_gmt":"2025-04-24T08:55:03","guid":{"rendered":"https:\/\/dekkbi.com\/?p=55481"},"modified":"2025-04-24T08:55:04","modified_gmt":"2025-04-24T08:55:04","slug":"un-financement-de-plus-de-180-milliards-fcfa-pour-la-mise-en-oeuvre-de-linitiative-biofin","status":"publish","type":"post","link":"https:\/\/dekkbi.com\/?p=55481","title":{"rendered":"Un financement de plus de 180 milliards FCFA pour la mise en \u0153uvre de l\u2019initiative BIOFIN \u00a0"},"content":{"rendered":"\n<p>Dakar, (APS) \u2013 Le S\u00e9n\u00e9gal va b\u00e9n\u00e9ficier d\u2019un financement de 180 milliards 700 millions francs CFA pour la mise en \u0153uvre de l\u2019Initiative Biodiversity Finance\u00a0<em><strong>(<\/strong><\/em>BIOFIN), financ\u00e9e par le Fonds pour l\u2019Environnement Mondial (FEM), a-t-on appris mercredi.<\/p>\n\n\n\n<p>\u2018\u2019Mise en \u0153uvre dans 133 pays \u00e0 travers le monde, chaque pays membre de l\u2019initiative BIOFIN re\u00e7oit 314 000 USD, pour sa mise en \u0153uvre\u2019\u2019, a dit Pierre Lanfranco, Conseiller technique mondial \u00e0 l\u2019initiative BIOFIN, dans une intervention en ligne.<\/p>\n\n\n\n<p>Il intervenait \u00e0 distance, lors de la c\u00e9r\u00e9monie de lancement officiel au S\u00e9n\u00e9gal du Programme-cadre de soutien \u00e0 l\u2019\u00e9laboration de plans nationaux de financement pour la biodiversit\u00e9 \u2013 BIOFIN, en pr\u00e9sence du Directeur des Parcs nationaux (DPN), colonel Ibrahima Gu\u00e8ye et des repr\u00e9sentants d<strong>u&nbsp;<\/strong>Programme des Nations unies pour le D\u00e9veloppement (PNUD).<\/p>\n\n\n\n<p>\u2018\u2019Pour la mise en \u0153uvre de l\u2019initiative, cent cinquante options de solutions de financement de la biodiversit\u00e9 sont mises \u00e0 la disposition des pays membres. Il revient donc, \u00e0 chaque pays de choisir, l\u2019option de financement qui lui convient\u2019\u2019, a ajout\u00e9 M<strong>. &nbsp;<\/strong>Lanfranco.<\/p>\n\n\n\n<p>\u2018\u2019En adh\u00e9rant \u00e0 l\u2019initiative BIOFIN<strong>,<\/strong>&nbsp;le S\u00e9n\u00e9gal rejoint ainsi une communaut\u00e9 de 133 pays engag\u00e9s \u00e0 d\u00e9velopper des plans pour renforcer la conservation et l\u2019utilisation durable de la biodiversit\u00e9\u2019\u2019, a dit de son c\u00f4t\u00e9, Nd\u00e9ye Fatou Diaw Di\u00e8ne, responsable pays de la cellule environnement du Programme des Nations unies pour le D\u00e9veloppement (PNUD), partenaire du S\u00e9n\u00e9gal dans la mise en \u0153uvre de l\u2019initiative BIOFIN.&nbsp;<\/p>\n\n\n\n<p>Mme Di\u00e8ne a expliqu\u00e9 que cette initiative, \u201drepr\u00e9sente une opportunit\u00e9 strat\u00e9gique pour op\u00e9rer un v\u00e9ritable changement de paradigme\u201d.<\/p>\n\n\n\n<p>\u2018\u2019Elle vise, \u00e0 int\u00e9grer de mani\u00e8re efficace la valeur \u00e9conomique de la biodiversit\u00e9 dans les politiques publiques, les strat\u00e9gies de d\u00e9veloppement et les d\u00e9cisions d\u2019investissement\u2019\u2019, a-t-elle ajout\u00e9.<\/p>\n\n\n\n<p>\u2018\u2019BIOFIN promeut \u00e9galement des plateformes nationales, ainsi que des dialogues r\u00e9gionaux et internationaux, pour accompagner les pays \u00e0 r\u00e9duire le d\u00e9ficit de financement en mati\u00e8re de biodiversit\u00e9, mobiliser efficacement les ressources existantes, r\u00e9orienter les financements nuisibles vers des actions b\u00e9n\u00e9fiques, et agir en amont pour r\u00e9duire les besoins futurs en financement\u2019\u2019, a-t-elle encore dit.<\/p>\n\n\n\n<p>Elle a pr\u00e9cis\u00e9 que l\u2019initiative propose une approche innovante, progressive et adaptable, \u00e0 travers quatre grands axes bas\u00e9s sur l\u2019analyse du contexte politique, institutionnel et \u00e9conomique du financement de la biodiversit\u00e9, l\u2019\u00e9valuation des d\u00e9penses actuelles en biodiversit\u00e9, issues des secteurs public et priv\u00e9, des donateurs et ONG, mais aussi sur l\u2019estimation des besoins financiers pour atteindre les objectifs nationaux de biodiversit\u00e9, et l\u2019\u00e9laboration d\u2019un plan de financement int\u00e9grant des solutions concr\u00e8tes et durables.<\/p>\n\n\n\n<p>Le Directeur des Parcs nationaux, le colonel Ibrahima Gu\u00e8ye, a d\u00e9clar\u00e9 que cette c\u00e9r\u00e9monie marquant le lancement de la mise en \u0153uvre de l\u2019initiative BIOFIN r\u00e9pond \u00e0 \u2018\u2019une pr\u00e9occupation essentielle du S\u00e9n\u00e9gal, en l\u2019occurrence le financement durable de la conservation de la biodiversit\u00e9\u2019\u2019.<\/p>\n\n\n\n<p>\u2018\u2019Cette initiative doit permettre au S\u00e9n\u00e9gal d\u2019analyser les flux financiers li\u00e9s \u00e0 la biodiversit\u00e9, \u00e9valuer ses besoins r\u00e9els de financement de la biodiversit\u00e9, et identifier les opportunit\u00e9s de mobilisation des ressources financi\u00e8res\u2019\u2019, a-t-il ajout\u00e9.<\/p>\n\n\n\n<p>Le colonel Gu\u00e8ye, repr\u00e9sentant le minist\u00e8re de l\u2019Environnement et de la Transition \u00e9cologique, a indiqu\u00e9 qu\u2019\u00e0 l\u2019issue de ce processus de mise en \u0153uvre du Programme-cadre de soutien \u00e0 l\u2019\u00e9laboration de plans nationaux de financement pour la biodiversit\u00e9 \u2013 BIOFIN, \u201dle S\u00e9n\u00e9gal doit disposer d\u2019un Plan national de financement de la biodiversit\u00e9 r\u00e9aliste et align\u00e9 sur nos priorit\u00e9s\u201d.<\/p>\n\n\n\n<p>AB<\/p>\n","protected":false},"excerpt":{"rendered":"<p>Dakar, (APS) \u2013 Le S\u00e9n\u00e9gal va b\u00e9n\u00e9ficier d\u2019un financement de 180 milliards 700 millions francs CFA pour la mise en<\/p>\n","protected":false},"author":1,"featured_media":55482,"comment_status":"open","ping_status":"open","sticky":false,"template":"","format":"standard","meta":{"footnotes":""},"categories":[3],"tags":[],"class_list":["post-55481","post","type-post","status-publish","format-standard","has-post-thumbnail","hentry","category-event-more-news"],"_links":{"self":[{"href":"https:\/\/dekkbi.com\/index.php?rest_route=\/wp\/v2\/posts\/55481","targetHints":{"allow":["GET"]}}],"collection":[{"href":"https:\/\/dekkbi.com\/index.php?rest_route=\/wp\/v2\/posts"}],"about":[{"href":"https:\/\/dekkbi.com\/index.php?rest_route=\/wp\/v2\/types\/post"}],"author":[{"embeddable":true,"href":"https:\/\/dekkbi.com\/index.php?rest_route=\/wp\/v2\/users\/1"}],"replies":[{"embeddable":true,"href":"https:\/\/dekkbi.com\/index.php?rest_route=%2Fwp%2Fv2%2Fcomments&post=55481"}],"version-history":[{"count":1,"href":"https:\/\/dekkbi.com\/index.php?rest_route=\/wp\/v2\/posts\/55481\/revisions"}],"predecessor-version":[{"id":55483,"href":"https:\/\/dekkbi.com\/index.php?rest_route=\/wp\/v2\/posts\/55481\/revisions\/55483"}],"wp:featuredmedia":[{"embeddable":true,"href":"https:\/\/dekkbi.com\/index.php?rest_route=\/wp\/v2\/media\/55482"}],"wp:attachment":[{"href":"https:\/\/dekkbi.com\/index.php?rest_route=%2Fwp%2Fv2%2Fmedia&parent=55481"}],"wp:term":[{"taxonomy":"category","embeddable":true,"href":"https:\/\/dekkbi.com\/index.php?rest_route=%2Fwp%2Fv2%2Fcategories&post=55481"},{"taxonomy":"post_tag","embeddable":true,"href":"https:\/\/dekkbi.com\/index.php?rest_route=%2Fwp%2Fv2%2Ftags&post=55481"}],"curies":[{"name":"wp","href":"https:\/\/api.w.org\/{rel}","templated":true}]}}