{"id":55433,"date":"2025-04-23T11:14:40","date_gmt":"2025-04-23T11:14:40","guid":{"rendered":"https:\/\/dekkbi.com\/?p=55433"},"modified":"2025-04-23T11:17:47","modified_gmt":"2025-04-23T11:17:47","slug":"lassemblee-nationale-sactive-vers-une-mise-en-accusation-de-cinq-anciens-ministres-devant-la-haute-cour-de-justiceconvocation-urgente-de-deux-reunions-cruciales","status":"publish","type":"post","link":"https:\/\/dekkbi.com\/?p=55433","title":{"rendered":"L\u2019Assembl\u00e9e nationale s\u2019active : vers une mise en accusation de cinq anciens ministres devant la Haute Cour de justice\u2026convocation urgente de deux r\u00e9unions cruciales"},"content":{"rendered":"\n<p>L\u2019Assembl\u00e9e nationale entre dans une nouvelle phase de son action judiciaire avec la convocation urgente de deux r\u00e9unions cruciales, sous l\u2019impulsion du pr\u00e9sident Malick Ndiaye, pour l\u2019examen de la demande de mise en accusation de cinq anciens ministres devant la Haute Cour de justice. Cette proc\u00e9dure fait suite \u00e0 la saisine du Parquet qui a demand\u00e9 l\u2019ouverture d\u2019une enqu\u00eate concernant la gestion du Fonds Force Covid-19, une affaire qui secoue actuellement le paysage politique et judiciaire du pays.<\/p>\n\n\n\n<p>L\u2019Observateur a rapport\u00e9 ce mardi 22 avril 2025, le d\u00e9clenchement de la proc\u00e9dure, soulignant l\u2019importance de ce dossier pour la transparence et la justice. Le journal du Groupe Futurs M\u00e9dias (GFM) a m\u00eame pr\u00e9cis\u00e9 que deux figures cl\u00e9s de l\u2019administration pr\u00e9c\u00e9dente, Mansour Faye, ancien ministre du D\u00e9veloppement communautaire et de l\u2019\u00c9quit\u00e9 sociale, ainsi que Moustapha Diop, ancien ministre du D\u00e9veloppement industriel et des Petites et moyennes entreprises, figurent parmi les premiers vis\u00e9s par cette mise en accusation.<\/p>\n\n\n\n<p>Mais ces deux noms ne sont pas les seuls \u00e0 \u00eatre cit\u00e9s. L\u2019Assembl\u00e9e nationale a re\u00e7u un lot de dossiers concernant un total de cinq anciens ministres impliqu\u00e9s dans la gestion controvers\u00e9e de ce fonds destin\u00e9 \u00e0 lutter contre les effets \u00e9conomiques de la pand\u00e9mie. Le pr\u00e9sident Malick Ndiaye, apr\u00e8s r\u00e9ception des courriers des autorit\u00e9s judiciaires, a convoqu\u00e9 une s\u00e9rie de r\u00e9unions d\u00e9cisives. D\u2019abord, une r\u00e9union des membres du Bureau de l\u2019Assembl\u00e9e nationale, suivie par une autre r\u00e9unissant la Conf\u00e9rence des pr\u00e9sidents.<\/p>\n\n\n\n<p>Lors de ces r\u00e9unions, le but est d\u2019informer les membres de la proc\u00e9dure en cours et de d\u00e9terminer le calendrier des travaux l\u00e9gislatifs li\u00e9s \u00e0 ces affaires. La Conf\u00e9rence des pr\u00e9sidents, une instance cl\u00e9 de l\u2019Assembl\u00e9e, sera charg\u00e9e de fixer les dates de r\u00e9union de la Commission des Lois, qui examinera ces dossiers, ainsi que de la pl\u00e9ni\u00e8re qui devra voter la r\u00e9solution de mise en accusation.<\/p>\n\n\n\n<p>Cette \u00e9volution traduit une volont\u00e9 claire de la part des autorit\u00e9s de faire toute la lumi\u00e8re sur les accusations qui p\u00e8sent sur les anciens membres du gouvernement, et ce, dans un climat o\u00f9 la gestion des fonds publics, notamment ceux allou\u00e9s \u00e0 la gestion de la crise sanitaire, est au c\u0153ur de nombreuses interrogations. Pour l\u2019instant, l\u2019Assembl\u00e9e nationale semble pr\u00eate \u00e0 se faire le fer de lance de cette mise en accusation, un acte symbolique fort dans la lutte pour la transparence au sein des institutions.<\/p>\n\n\n\n<p>SOURCE DAKARACTU<\/p>\n","protected":false},"excerpt":{"rendered":"<p>L\u2019Assembl\u00e9e nationale entre dans une nouvelle phase de son action judiciaire avec la convocation urgente de deux r\u00e9unions cruciales, sous<\/p>\n","protected":false},"author":1,"featured_media":55435,"comment_status":"open","ping_status":"open","sticky":false,"template":"","format":"standard","meta":{"footnotes":""},"categories":[6],"tags":[],"class_list":["post-55433","post","type-post","status-publish","format-standard","has-post-thumbnail","hentry","category-politics"],"_links":{"self":[{"href":"https:\/\/dekkbi.com\/index.php?rest_route=\/wp\/v2\/posts\/55433","targetHints":{"allow":["GET"]}}],"collection":[{"href":"https:\/\/dekkbi.com\/index.php?rest_route=\/wp\/v2\/posts"}],"about":[{"href":"https:\/\/dekkbi.com\/index.php?rest_route=\/wp\/v2\/types\/post"}],"author":[{"embeddable":true,"href":"https:\/\/dekkbi.com\/index.php?rest_route=\/wp\/v2\/users\/1"}],"replies":[{"embeddable":true,"href":"https:\/\/dekkbi.com\/index.php?rest_route=%2Fwp%2Fv2%2Fcomments&post=55433"}],"version-history":[{"count":1,"href":"https:\/\/dekkbi.com\/index.php?rest_route=\/wp\/v2\/posts\/55433\/revisions"}],"predecessor-version":[{"id":55434,"href":"https:\/\/dekkbi.com\/index.php?rest_route=\/wp\/v2\/posts\/55433\/revisions\/55434"}],"wp:featuredmedia":[{"embeddable":true,"href":"https:\/\/dekkbi.com\/index.php?rest_route=\/wp\/v2\/media\/55435"}],"wp:attachment":[{"href":"https:\/\/dekkbi.com\/index.php?rest_route=%2Fwp%2Fv2%2Fmedia&parent=55433"}],"wp:term":[{"taxonomy":"category","embeddable":true,"href":"https:\/\/dekkbi.com\/index.php?rest_route=%2Fwp%2Fv2%2Fcategories&post=55433"},{"taxonomy":"post_tag","embeddable":true,"href":"https:\/\/dekkbi.com\/index.php?rest_route=%2Fwp%2Fv2%2Ftags&post=55433"}],"curies":[{"name":"wp","href":"https:\/\/api.w.org\/{rel}","templated":true}]}}