{"id":55421,"date":"2025-04-23T11:02:51","date_gmt":"2025-04-23T11:02:51","guid":{"rendered":"https:\/\/dekkbi.com\/?p=55421"},"modified":"2025-04-23T11:02:51","modified_gmt":"2025-04-23T11:02:51","slug":"la-sortie-du-telefilm-intitule-kinde-attendue","status":"publish","type":"post","link":"https:\/\/dekkbi.com\/?p=55421","title":{"rendered":"La sortie du t\u00e9l\u00e9film, intitul\u00e9 \u00ab KIN\u2019DE \u00bb, attendue"},"content":{"rendered":"\n<h3 class=\"wp-block-heading\">La Radiot\u00e9l\u00e9vision Fulbe, en partenariat avec la troupe \u00ab Le Soleil Levant \u00bb, annonce la sortie d\u2019un t\u00e9l\u00e9film, intitul\u00e9 \u00ab KIN\u2019DE \u00bb. Ledit t\u00e9l\u00e9film relate des faits de soci\u00e9t\u00e9, notamment le probl\u00e8me des castes dans les mariages et le casse-t\u00eate de l\u2019h\u00e9ritage dans les familles s\u00e9n\u00e9galaises.<\/h3>\n\n\n\n<p>Dans ce t\u00e9l\u00e9film, dont l&rsquo;annonce de sa sortie est faite, via une conf\u00e9rence de presse ce mercredi, Dickel et Kalidou, les deux principaux personnages de la s\u00e9rie, vivent une idylle jusqu\u2019au jour o\u00f9 ils d\u00e9cident de s\u2019unir pour le meilleur et pour le pire. Le pr\u00e9tendant est descendant de la lign\u00e9e Torodo et Dickel est issue d\u2019une famille griotte.<\/p>\n\n\n\n<p>De l\u00e0 surviennent les probl\u00e8mes provoqu\u00e9s par leurs parents conservateurs. Notamment, Abdoulaye Samba Sy qui r\u00e9pond dans le film au sobriquet de son nom d\u2019acteur Samba Teddungal, p\u00e8re de Kalidou, issue d\u2019une lign\u00e9e noble des torob\u00e9s conservateurs, Cheikh Ndiaye qui incarne le Laamtoro, est le beau-fils de Samba Teddungal, qui a donn\u00e9 sa fille en mariage \u00e0 un torodo comme elle, pour dire qu\u2019ils n\u2019ont pas d\u00e9rog\u00e9 \u00e0 la r\u00e8gle. Et le personnage de Farba Seck, incarn\u00e9 Abdoul Aziz Niane, p\u00e8re de Dickel, \u00e0 qui on rappelle sa descendance et sa lign\u00e9e gawlo.<\/p>\n\n\n\n<p>Ainsi, cette rencontre avec la presse r\u00e9pond \u00e0 un objectif. Alors que les s\u00e9ries de t\u00e9l\u00e9vision continuent de captiver les audiences des t\u00e9l\u00e9spectateurs, le besoin de contenus nouveaux et convaincants reste constant.<\/p>\n\n\n\n<p>C\u2019est pourquoi La RadioT\u00e9l\u00e9vision Fulbe, dans sa politique de diversification de ses programmes, a d\u00e9cid\u00e9 d\u2019innover et de nouer un partenariat avec la troupe \u00ab Le Soleil Levant \u00bb. Pari ne pouvait \u00eatre fortuit, vu le parcours et la trajectoire des diff\u00e9rents acteurs du groupe, dont le professionnalisme et la cr\u00e9ativit\u00e9 ne sont plus \u00e0 d\u00e9montrer.<\/p>\n\n\n\n<p>D\u2019aucuns diront comment se fait- il que la s\u00e9rie \u00ab KIN\u2019DE \u00bb puisse \u00eatre interpr\u00e9t\u00e9e par la troupe \u00ab SOLEIL LEVANT \u00bb, alors que la langue utilis\u00e9e est le pulaar ? L\u00e0 intervient la polyvalence de Cheikh Ndiaye, Aziz Niane, Cheikhou Gu\u00e8ye, auteurs de plusieurs chef-d\u2019\u0153uvres en wolof, qui vont surprendre le public dans une s\u00e9rie exclusivement pulaar.<\/p>\n\n\n\n<p>\u00ab KIN\u2019DE \u00bb est une s\u00e9rie de 48 \u00e9pisodes pr\u00eats \u00e0 diffuser, dont le co\u00fbt est \u00e0 la hauteur du produit, rien que pour la satisfaction des t\u00e9l\u00e9spectateurs, la raison d\u2019\u00eatre de la RTF, qui ne compte l\u00e9siner sur les moyens, encore moins s\u2019arr\u00eater en si bon chemin, pour m\u00e9riter une place de choix dans le paysage m\u00e9diatique.<\/p>\n\n\n\n<p>La diffusion est pr\u00e9vue courant juin, apr\u00e8s la Tabaski 2025, en guise de NDEWENEUL pour les fid\u00e8les t\u00e9l\u00e9spectateurs de la RTF. Elle sera pr\u00e9c\u00e9d\u00e9e par une c\u00e9r\u00e9monie de lancement, dont la date vous sera communiqu\u00e9e.<\/p>\n\n\n\n<p>SOURCE LERAL<\/p>\n","protected":false},"excerpt":{"rendered":"<p>La Radiot\u00e9l\u00e9vision Fulbe, en partenariat avec la troupe \u00ab Le Soleil Levant \u00bb, annonce la sortie d\u2019un t\u00e9l\u00e9film, intitul\u00e9 \u00ab<\/p>\n","protected":false},"author":1,"featured_media":55422,"comment_status":"open","ping_status":"open","sticky":false,"template":"","format":"standard","meta":{"footnotes":""},"categories":[26],"tags":[],"class_list":["post-55421","post","type-post","status-publish","format-standard","has-post-thumbnail","hentry","category-fait-divers"],"_links":{"self":[{"href":"https:\/\/dekkbi.com\/index.php?rest_route=\/wp\/v2\/posts\/55421","targetHints":{"allow":["GET"]}}],"collection":[{"href":"https:\/\/dekkbi.com\/index.php?rest_route=\/wp\/v2\/posts"}],"about":[{"href":"https:\/\/dekkbi.com\/index.php?rest_route=\/wp\/v2\/types\/post"}],"author":[{"embeddable":true,"href":"https:\/\/dekkbi.com\/index.php?rest_route=\/wp\/v2\/users\/1"}],"replies":[{"embeddable":true,"href":"https:\/\/dekkbi.com\/index.php?rest_route=%2Fwp%2Fv2%2Fcomments&post=55421"}],"version-history":[{"count":1,"href":"https:\/\/dekkbi.com\/index.php?rest_route=\/wp\/v2\/posts\/55421\/revisions"}],"predecessor-version":[{"id":55423,"href":"https:\/\/dekkbi.com\/index.php?rest_route=\/wp\/v2\/posts\/55421\/revisions\/55423"}],"wp:featuredmedia":[{"embeddable":true,"href":"https:\/\/dekkbi.com\/index.php?rest_route=\/wp\/v2\/media\/55422"}],"wp:attachment":[{"href":"https:\/\/dekkbi.com\/index.php?rest_route=%2Fwp%2Fv2%2Fmedia&parent=55421"}],"wp:term":[{"taxonomy":"category","embeddable":true,"href":"https:\/\/dekkbi.com\/index.php?rest_route=%2Fwp%2Fv2%2Fcategories&post=55421"},{"taxonomy":"post_tag","embeddable":true,"href":"https:\/\/dekkbi.com\/index.php?rest_route=%2Fwp%2Fv2%2Ftags&post=55421"}],"curies":[{"name":"wp","href":"https:\/\/api.w.org\/{rel}","templated":true}]}}