{"id":55392,"date":"2025-04-23T09:32:21","date_gmt":"2025-04-23T09:32:21","guid":{"rendered":"https:\/\/dekkbi.com\/?p=55392"},"modified":"2025-04-23T09:32:22","modified_gmt":"2025-04-23T09:32:22","slug":"un-syndicaliste-propose-de-faire-du-btp-de-limmobilier-et-de-lindustrie-des-acteurs-cles-des-futurs-poles-territoires","status":"publish","type":"post","link":"https:\/\/dekkbi.com\/?p=55392","title":{"rendered":"Un syndicaliste propose de faire du BTP, de l\u2019immobilier et de l\u2019industrie des \u2018\u2019acteurs cl\u00e9s\u2019\u2019 des futurs p\u00f4les-territoires"},"content":{"rendered":"\n<p>Dakar,  (APS) \u2013 Le pr\u00e9sident du Syndicat professionnel des entrepreneurs du b\u00e2timent et des travaux publics du S\u00e9n\u00e9gal (SPEBTPS), Oumar Ndir, a recommand\u00e9 aux pouvoirs publics s\u00e9n\u00e9galais, mardi, \u00e0 Dakar, de faire des secteurs du BTP, de l\u2019immobilier et de l\u2019industrie des \u2018\u2019acteurs cl\u00e9s\u2019\u2019 et \u2018\u2019un moteur\u2019\u2019 des huit p\u00f4les-territoires pr\u00e9vus dans le pays.<\/p>\n\n\n\n<p>\u2018\u2019Notre pays a engag\u00e9 une transformation majeure de son am\u00e9nagement du territoire \u00e0 travers la mise en \u0153uvre de huit p\u00f4les-territoires, une vision ambitieuse de d\u00e9veloppement \u00e9quilibr\u00e9, inclusif et durable. Mais cette transformation ne saurait \u00eatre compl\u00e8te sans r\u00e9soudre une question fondamentale : le logement\u2019\u2019, a signal\u00e9 M. Ndir.<\/p>\n\n\n\n<p>Il intervenait \u00e0 un panel sur \u2018\u2019la place du secteur priv\u00e9 national dans la strat\u00e9gie de mise en \u0153uvre des [\u2026] p\u00f4les-territoires\u2019\u2019, \u00e0 l\u2019occasion des \u2018\u2019Mardis du BTP\u2019\u2019, des rencontres organis\u00e9es par le SPEBTPS.<\/p>\n\n\n\n<p>Selon ce syndicat et le minist\u00e8re de l\u2019Urbanisme, des Collectivit\u00e9s territoriales et de l\u2019Am\u00e9nagement des territoires, le S\u00e9n\u00e9gal a besoin de quelque 500 000 nouveaux logements, qu\u2019il faut construire dans les villes et les zones rurales \u00e0 forte urbanisation.<\/p>\n\n\n\n<p>\u2018\u2019C\u2019est donc \u00e0 ce titre que les secteurs du BTP, de l\u2019immobilier et de l\u2019industrie s\u00e9n\u00e9galais deviennent un acteur cl\u00e9, un moteur, un catalyseur\u2019\u2019, a expliqu\u00e9 Oumar Ndir en pr\u00e9sence de repr\u00e9sentants du secteur priv\u00e9 et d\u2019\u00e9tablissements publics, dont le directeur g\u00e9n\u00e9ral de la Construction et de l\u2019Habitat, Moussa Tine.<\/p>\n\n\n\n<p><strong>\u2014 \u2018\u2019Nous devons encourager la pr\u00e9f\u00e9rence nationale\u2019\u2019 \u2014&nbsp;<\/strong><\/p>\n\n\n\n<p>Le secteur du BTP \u00e9tant de nature \u00e0 cr\u00e9er des emplois, \u00e0 former des comp\u00e9tences, \u00e0 stimuler l\u2019\u00e9conomie et \u00e0 renforcer la coh\u00e9sion sociale, il devient incontournable dans la r\u00e9alisation des p\u00f4les-territoires, selon le pr\u00e9sident du SPEBTPS.<\/p>\n\n\n\n<p>Le BTP va intervenir naturellement dans toutes les dimensions des p\u00f4les-territoires, de la construction des routes \u00e0 celle des r\u00e9seaux d\u2019assainissement et d\u2019\u00e9lectricit\u00e9, a signal\u00e9 Oumar Ndir.<\/p>\n\n\n\n<p>\u2018\u2019Il faut construire des logements d\u00e9cents, accessibles et durables dans toutes les r\u00e9gions. C\u2019est pourquoi chaque p\u00f4le-territoire doit devenir un chantier vivant du BTP\u2019\u2019, a poursuivi M. Ndir.<\/p>\n\n\n\n<p>Le directeur g\u00e9n\u00e9ral de la Construction et de l\u2019Habitat prenant part au panel au nom du ministre de l\u2019Urbanisme, des Collectivit\u00e9s territoriales et de l\u2019Am\u00e9nagement des territoires, le pr\u00e9sident du SPEBTPS l\u2019a exhort\u00e9 \u00e0 \u2018\u2019faire confiance au g\u00e9nie local\u2019\u2019.<\/p>\n\n\n\n<p>Il faut faire appel au secteur priv\u00e9 national, car \u2018\u2019les entreprises s\u00e9n\u00e9galaises du BTP [\u2026] disposent de comp\u00e9tences [\u2026] et d\u2019un ancrage territorial fort\u2019\u2019, a pr\u00e9conis\u00e9 M. Ndir.<\/p>\n\n\n\n<p>L\u2019\u00c9tat doit jouer un r\u00f4le strat\u00e9gique, celui de faciliter l\u2019acc\u00e8s \u00e0 la terre, de simplifier les proc\u00e9dures d\u2019urbanisme, d\u2019aider \u00e0 la lev\u00e9e des financements et d\u2019assurer une r\u00e9partition \u00e9quitable des projets sur l\u2019ensemble des p\u00f4les-territoriaux, selon le syndicaliste.<\/p>\n\n\n\n<p><strong>\u2014 Connecter, viabiliser et mod\u00e9liser chaque p\u00f4le-territoire \u2014&nbsp;<\/strong><\/p>\n\n\n\n<p>\u2018\u2019Nous devons encourager la pr\u00e9f\u00e9rence nationale, tout en mettant en place des partenariats intelligents avec des investisseurs \u00e9trangers, pour cr\u00e9er des usines avec des industriels s\u00e9n\u00e9galais, transf\u00e9rer les technologies, mutualiser les savoir-faire et garantir des standards de qualit\u00e9 \u00e9lev\u00e9s\u2019\u2019, a plaid\u00e9 le pr\u00e9sident du SPEBTPS.<\/p>\n\n\n\n<p>Il soutient, sur la base d\u2019une note relative au Programme national d\u2019acc\u00e8s au logement et de r\u00e9novation urbaine, que c\u2019est \u2018\u2019le secteur priv\u00e9 \u00e9tranger, pas le secteur priv\u00e9 national, qui est en pole position pour la r\u00e9alisation [de] 200 000 [\u2026] logements\u2019\u2019.<\/p>\n\n\n\n<p>\u2018\u2019Il ne nous reste plus qu\u2019\u00e0 esp\u00e9rer que les entreprises s\u00e9n\u00e9galaises seront, si ce n\u2019est cordialement invit\u00e9es, tout au moins convoqu\u00e9es, pour lancer enfin le programme de construction [\u2026] des 300 000 logements restants\u2019\u2019, a poursuivi Oumar Ndir.<\/p>\n\n\n\n<p>Moussa Tine a tenu \u00e0 pr\u00e9ciser que le S\u00e9n\u00e9gal a besoin de 500&nbsp;000 nouveaux logements mais qu\u2019il n\u2019existe pas un programme public de construction d\u2019autant de logements pour le moment.<\/p>\n\n\n\n<p>\u2018\u2019Notre objectif est clair : connecter, viabiliser et mod\u00e9liser chaque [p\u00f4le-territoire], afin qu'[il] devienne un acteur cl\u00e9 du d\u00e9veloppement national [\u2026]. Mais pour r\u00e9aliser cette vision ambitieuse, nous avons besoin de vous. Le secteur priv\u00e9 national, en particulier celui du BTP, joue un r\u00f4le fondamental dans cette transformation\u2019\u2019, a reconnu le directeur g\u00e9n\u00e9ral de la Construction et de l\u2019Habitat.<\/p>\n\n\n\n<p><strong>\u2014 Des opportunit\u00e9s exceptionnelles pour le secteur priv\u00e9 \u2014&nbsp;<\/strong><\/p>\n\n\n\n<p>\u2018\u2019Les p\u00f4les-territoires [et] le d\u00e9ficit de 500 000 logements [sont] autant de leviers \u00e9conomiques puissants qui s\u2019offrent \u00e0 vous, les professionnels du secteur du BTP. Ces d\u00e9fis ne sont pas des obstacles, mais des occasions d\u2019affaires et des opportunit\u00e9s de croissance qu\u2019il vous appartient de saisir\u2019\u2019, a-t-il dit aux membres du SPEBTPS, de l\u2019Ordre national des architectes et d\u2019autres organisations ayant pris part au panel.<\/p>\n\n\n\n<p>La \u2018\u2019nouvelle\u2019\u2019 direction g\u00e9n\u00e9rale de la Construction et de l\u2019Habitat \u2018\u2019incarne l\u2019\u00c9tat b\u00e2tisseur\u2019\u2019, selon M. Tine.<\/p>\n\n\n\n<p>D\u00e8s lors, \u2018\u2019son ambition est de rassembler tous les acteurs du secteur autour d\u2019un objectif commun : structurer, organiser et, ensemble, construire notre pays en unissant nos comp\u00e9tences et savoir-faire locaux\u2019\u2019, a poursuivi Moussa Tine.<\/p>\n\n\n\n<p>\u2018\u2019Les [\u2026] logements \u00e0 construire, les infrastructures strat\u00e9giques \u00e0 d\u00e9velopper et l\u2019am\u00e9nagement des territoires constituent autant de projets qui ouvriront des opportunit\u00e9s exceptionnelles pour le secteur priv\u00e9\u2019\u2019, a-t-il dit aux professionnels du BTP, estimant que \u2018\u2019ces projets ne peuvent se r\u00e9aliser sans une collaboration transparente et soutenue entre les acteurs publics et priv\u00e9s\u2019\u2019.<\/p>\n\n\n\n<p>Le directeur g\u00e9n\u00e9ral de la Soci\u00e9t\u00e9 nationale des habitations \u00e0 loyer mod\u00e9r\u00e9 a pris part au panel, aux c\u00f4t\u00e9s de repr\u00e9sentants du Conseil national du patronat, de syndicats de l\u2019immobilier, de l\u2019industrie, des banques et d\u2019autres organisations.<\/p>\n\n\n\n<p>ESF\/HK<\/p>\n","protected":false},"excerpt":{"rendered":"<p>Dakar, (APS) \u2013 Le pr\u00e9sident du Syndicat professionnel des entrepreneurs du b\u00e2timent et des travaux publics du S\u00e9n\u00e9gal (SPEBTPS), Oumar<\/p>\n","protected":false},"author":1,"featured_media":55393,"comment_status":"open","ping_status":"open","sticky":false,"template":"","format":"standard","meta":{"footnotes":""},"categories":[3],"tags":[],"class_list":["post-55392","post","type-post","status-publish","format-standard","has-post-thumbnail","hentry","category-event-more-news"],"_links":{"self":[{"href":"https:\/\/dekkbi.com\/index.php?rest_route=\/wp\/v2\/posts\/55392","targetHints":{"allow":["GET"]}}],"collection":[{"href":"https:\/\/dekkbi.com\/index.php?rest_route=\/wp\/v2\/posts"}],"about":[{"href":"https:\/\/dekkbi.com\/index.php?rest_route=\/wp\/v2\/types\/post"}],"author":[{"embeddable":true,"href":"https:\/\/dekkbi.com\/index.php?rest_route=\/wp\/v2\/users\/1"}],"replies":[{"embeddable":true,"href":"https:\/\/dekkbi.com\/index.php?rest_route=%2Fwp%2Fv2%2Fcomments&post=55392"}],"version-history":[{"count":1,"href":"https:\/\/dekkbi.com\/index.php?rest_route=\/wp\/v2\/posts\/55392\/revisions"}],"predecessor-version":[{"id":55394,"href":"https:\/\/dekkbi.com\/index.php?rest_route=\/wp\/v2\/posts\/55392\/revisions\/55394"}],"wp:featuredmedia":[{"embeddable":true,"href":"https:\/\/dekkbi.com\/index.php?rest_route=\/wp\/v2\/media\/55393"}],"wp:attachment":[{"href":"https:\/\/dekkbi.com\/index.php?rest_route=%2Fwp%2Fv2%2Fmedia&parent=55392"}],"wp:term":[{"taxonomy":"category","embeddable":true,"href":"https:\/\/dekkbi.com\/index.php?rest_route=%2Fwp%2Fv2%2Fcategories&post=55392"},{"taxonomy":"post_tag","embeddable":true,"href":"https:\/\/dekkbi.com\/index.php?rest_route=%2Fwp%2Fv2%2Ftags&post=55392"}],"curies":[{"name":"wp","href":"https:\/\/api.w.org\/{rel}","templated":true}]}}