{"id":55383,"date":"2025-04-22T13:12:05","date_gmt":"2025-04-22T13:12:05","guid":{"rendered":"https:\/\/dekkbi.com\/?p=55383"},"modified":"2025-04-22T13:12:05","modified_gmt":"2025-04-22T13:12:05","slug":"nadal-le-tennis-ne-me-manque-pas","status":"publish","type":"post","link":"https:\/\/dekkbi.com\/?p=55383","title":{"rendered":"Nadal: \u00ab\u00a0Le tennis ne me manque pas\u00a0\u00bb"},"content":{"rendered":"\n<p>Par \u00a9 2025 AFP &#8211; La l\u00e9gende espagnole Rafael Nadal a affirm\u00e9 lundi que le tennis \u00ab\u00a0ne lui manquait pas\u00a0\u00bb, en marge des Prix Laureus du sport \u00e0 Madrid, o\u00f9 il a \u00e9t\u00e9 r\u00e9compens\u00e9 pour son immense carri\u00e8re achev\u00e9e en 2024.<\/p>\n\n\n\n<p>\u00ab\u00a0La v\u00e9rit\u00e9 c&rsquo;est que le tennis ne me manque pas. Z\u00e9ro. Cela ne manque pas du tout. Mais pas parce que j&rsquo;ai termin\u00e9 fatigu\u00e9 du tennis ou en me battant contre le tennis, pas du tout\u00a0\u00bb, a expliqu\u00e9 Nadal devant la presse.<\/p>\n\n\n\n<p>\u00ab\u00a0J&rsquo;ai termin\u00e9 ma carri\u00e8re heureux et si j&rsquo;avais pu j&rsquo;aurais continu\u00e9, car j&rsquo;adorais ce que je faisais, c&rsquo;\u00e9tait ma passion et cela a \u00e9t\u00e9 le cas toute ma vie. Simplement, quand tu te rends compte que physiquement, tu ne peux plus&#8230; tu essayes de fermer ce chapitre, et je l&rsquo;ai ferm\u00e9\u00a0\u00bb, a-t-il r\u00e9sum\u00e9.<\/p>\n\n\n\n<p>L&rsquo;Espagnol de 38 ans, vainqueur de 22 troph\u00e9es en Grand Chelem, dont 14 \u00e0 Roland-Garros, o\u00f9 il recevra un hommage fin mai, est en paix avec sa d\u00e9cision: \u00ab\u00a0J&rsquo;ai tard\u00e9 \u00e0 prendre ma d\u00e9cision finale car j&rsquo;avais besoin de temps pour \u00eatre certain que ce soit la bonne. Ce qui aurait \u00e9t\u00e9 dur c&rsquo;est d&rsquo;\u00eatre dans mon canap\u00e9 et me demander si je devrais continuer \u00e0 essayer de jouer.\u00a0\u00bb<\/p>\n\n\n\n<p>\u00ab\u00a0Quand j&rsquo;ai vu que mon corps n&rsquo;allait pas r\u00e9cup\u00e9rer au niveau dont j&rsquo;avais besoin pour continuer \u00e0 profiter sur le court, alors j&rsquo;ai pris la d\u00e9cision d&rsquo;arr\u00eater. C&rsquo;est pour cela que cela ne me manque pas parce que j&rsquo;ai termin\u00e9 avec la tranquillit\u00e9 de savoir que j&rsquo;avais tout donn\u00e9, et que mon corps ne pouvait pas donner plus\u00a0\u00bb, a d\u00e9taill\u00e9 le gaucher majorquin.<\/p>\n\n\n\n<p>Il a cependant confirm\u00e9 qu&rsquo;il continuait \u00e0 \u00ab\u00a0suivre le tennis\u00a0\u00bb, et regarder les r\u00e9sultats \u00ab\u00a0chaque semaine\u00a0\u00bb, comme il l&rsquo;a \u00ab\u00a0toujours fait\u00a0\u00bb.<\/p>\n","protected":false},"excerpt":{"rendered":"<p>Par \u00a9 2025 AFP &#8211; La l\u00e9gende espagnole Rafael Nadal a affirm\u00e9 lundi que le tennis \u00ab\u00a0ne lui manquait pas\u00a0\u00bb,<\/p>\n","protected":false},"author":1,"featured_media":55384,"comment_status":"open","ping_status":"open","sticky":false,"template":"","format":"standard","meta":{"footnotes":""},"categories":[9],"tags":[],"class_list":["post-55383","post","type-post","status-publish","format-standard","has-post-thumbnail","hentry","category-sports"],"_links":{"self":[{"href":"https:\/\/dekkbi.com\/index.php?rest_route=\/wp\/v2\/posts\/55383","targetHints":{"allow":["GET"]}}],"collection":[{"href":"https:\/\/dekkbi.com\/index.php?rest_route=\/wp\/v2\/posts"}],"about":[{"href":"https:\/\/dekkbi.com\/index.php?rest_route=\/wp\/v2\/types\/post"}],"author":[{"embeddable":true,"href":"https:\/\/dekkbi.com\/index.php?rest_route=\/wp\/v2\/users\/1"}],"replies":[{"embeddable":true,"href":"https:\/\/dekkbi.com\/index.php?rest_route=%2Fwp%2Fv2%2Fcomments&post=55383"}],"version-history":[{"count":1,"href":"https:\/\/dekkbi.com\/index.php?rest_route=\/wp\/v2\/posts\/55383\/revisions"}],"predecessor-version":[{"id":55385,"href":"https:\/\/dekkbi.com\/index.php?rest_route=\/wp\/v2\/posts\/55383\/revisions\/55385"}],"wp:featuredmedia":[{"embeddable":true,"href":"https:\/\/dekkbi.com\/index.php?rest_route=\/wp\/v2\/media\/55384"}],"wp:attachment":[{"href":"https:\/\/dekkbi.com\/index.php?rest_route=%2Fwp%2Fv2%2Fmedia&parent=55383"}],"wp:term":[{"taxonomy":"category","embeddable":true,"href":"https:\/\/dekkbi.com\/index.php?rest_route=%2Fwp%2Fv2%2Fcategories&post=55383"},{"taxonomy":"post_tag","embeddable":true,"href":"https:\/\/dekkbi.com\/index.php?rest_route=%2Fwp%2Fv2%2Ftags&post=55383"}],"curies":[{"name":"wp","href":"https:\/\/api.w.org\/{rel}","templated":true}]}}