{"id":55380,"date":"2025-04-22T13:08:41","date_gmt":"2025-04-22T13:08:41","guid":{"rendered":"https:\/\/dekkbi.com\/?p=55380"},"modified":"2025-04-22T13:08:42","modified_gmt":"2025-04-22T13:08:42","slug":"judo-46emes-championnats-dafrique-24-28-avril-les-lions-et-lionnes-prets-pour-le-defi-dabidjan","status":"publish","type":"post","link":"https:\/\/dekkbi.com\/?p=55380","title":{"rendered":"Judo \u2013 46\u00e8mes Championnats d\u2019Afrique (24-28 avril) : Les Lions et Lionnes pr\u00eats pour le d\u00e9fi d\u2019Abidjan"},"content":{"rendered":"\n<p>Les regards sont tourn\u00e9s vers Abidjan cette semaine, o\u00f9 se tiennent les 46\u00e8mes Championnats d\u2019Afrique de judo seniors du 24 au 28 avril. Le S\u00e9n\u00e9gal, repr\u00e9sent\u00e9 par une d\u00e9l\u00e9gation de 13 athl\u00e8tes (6 dames et 7 messieurs) est arriv\u00e9 ce mardi en C\u00f4te d\u2019Ivoire avec une mission claire : faire mieux que lors de la derni\u00e8re \u00e9dition au Caire, \u00e9crit Record.<\/p>\n\n\n\n<p>L\u2019an pass\u00e9, les judokas s\u00e9n\u00e9galais avaient quitt\u00e9 la capitale \u00e9gyptienne avec un bilan mitig\u00e9 de trois m\u00e9dailles : une en argent remport\u00e9e par Georgette Sagna (+78 kg) et deux en bronze obtenues par les fr\u00e8res Saliou Ndiaye (-81 kg) et Mbagnick Ndiaye (+100 kg). Un palmar\u00e8s honorable mais loin des ambitions d\u2019une nation qui ne vise d\u00e9sormais que l\u2019or continental.<\/p>\n\n\n\n<p>Cette \u00e9dition 2025 des Championnats d\u2019Afrique rev\u00eat une importance particuli\u00e8re, non seulement pour le prestige r\u00e9gional, mais aussi dans la course aux points qualificatifs pour les Jeux Olympiques de Los Angeles 2028 (LA 2028). Le moral est au beau fixe, et la Team S\u00e9n\u00e9gal affiche une pr\u00e9paration compl\u00e8te, pr\u00eate \u00e0 d\u00e9fendre ses couleurs sur les tatamis d\u2019Abidjan.<\/p>\n\n\n\n<p>Tous les regards seront donc tourn\u00e9s vers cette d\u00e9l\u00e9gation s\u00e9n\u00e9galaise, port\u00e9e par l\u2019ambition de marquer un tournant et de gravir une marche suppl\u00e9mentaire vers l\u2019excellence africaine et olympique.<\/p>\n\n\n\n<p>wiwsport.com<\/p>\n","protected":false},"excerpt":{"rendered":"<p>Les regards sont tourn\u00e9s vers Abidjan cette semaine, o\u00f9 se tiennent les 46\u00e8mes Championnats d\u2019Afrique de judo seniors du 24<\/p>\n","protected":false},"author":1,"featured_media":55381,"comment_status":"open","ping_status":"open","sticky":false,"template":"","format":"standard","meta":{"footnotes":""},"categories":[9],"tags":[],"class_list":["post-55380","post","type-post","status-publish","format-standard","has-post-thumbnail","hentry","category-sports"],"_links":{"self":[{"href":"https:\/\/dekkbi.com\/index.php?rest_route=\/wp\/v2\/posts\/55380","targetHints":{"allow":["GET"]}}],"collection":[{"href":"https:\/\/dekkbi.com\/index.php?rest_route=\/wp\/v2\/posts"}],"about":[{"href":"https:\/\/dekkbi.com\/index.php?rest_route=\/wp\/v2\/types\/post"}],"author":[{"embeddable":true,"href":"https:\/\/dekkbi.com\/index.php?rest_route=\/wp\/v2\/users\/1"}],"replies":[{"embeddable":true,"href":"https:\/\/dekkbi.com\/index.php?rest_route=%2Fwp%2Fv2%2Fcomments&post=55380"}],"version-history":[{"count":1,"href":"https:\/\/dekkbi.com\/index.php?rest_route=\/wp\/v2\/posts\/55380\/revisions"}],"predecessor-version":[{"id":55382,"href":"https:\/\/dekkbi.com\/index.php?rest_route=\/wp\/v2\/posts\/55380\/revisions\/55382"}],"wp:featuredmedia":[{"embeddable":true,"href":"https:\/\/dekkbi.com\/index.php?rest_route=\/wp\/v2\/media\/55381"}],"wp:attachment":[{"href":"https:\/\/dekkbi.com\/index.php?rest_route=%2Fwp%2Fv2%2Fmedia&parent=55380"}],"wp:term":[{"taxonomy":"category","embeddable":true,"href":"https:\/\/dekkbi.com\/index.php?rest_route=%2Fwp%2Fv2%2Fcategories&post=55380"},{"taxonomy":"post_tag","embeddable":true,"href":"https:\/\/dekkbi.com\/index.php?rest_route=%2Fwp%2Fv2%2Ftags&post=55380"}],"curies":[{"name":"wp","href":"https:\/\/api.w.org\/{rel}","templated":true}]}}