{"id":55375,"date":"2025-04-22T13:00:06","date_gmt":"2025-04-22T13:00:06","guid":{"rendered":"https:\/\/dekkbi.com\/?p=55375"},"modified":"2025-04-22T13:01:52","modified_gmt":"2025-04-22T13:01:52","slug":"mise-en-accusation-mansour-faye-et-moustapha-diop-les-premiers-a-comparaitre-devant-les-deputes","status":"publish","type":"post","link":"https:\/\/dekkbi.com\/?p=55375","title":{"rendered":"Mise en accusation : Mansour Faye et Moustapha Diop, les premiers \u00e0 compara\u00eetre devant les d\u00e9put\u00e9s"},"content":{"rendered":"\n<p>L\u2019Assembl\u00e9e nationale s\u2019appr\u00eate \u00e0 enclencher la proc\u00e9dure de mise en accusation de deux anciens ministres \u00e9pingl\u00e9s dans la gestion controvers\u00e9e des fonds destin\u00e9s \u00e0 la lutte contre la pand\u00e9mie de Covid-19. Selon les informations de \u00ab\u00a0L\u2019Observateur\u00a0\u00bb, reprises par \u00ab\u00a0Senenews\u00a0\u00bb, les anciens ministres Mansour Faye et Moustapha Diop seront les premiers \u00e0 faire face \u00e0 cette proc\u00e9dure, qui s\u2019inscrit dans le cadre de la politique de reddition des comptes pr\u00f4n\u00e9e par le r\u00e9gime du pr\u00e9sident de la R\u00e9publique, Bassirou Diomaye Faye.<\/p>\n\n\n\n<p>Toujours d\u2019apr\u00e8s \u00ab\u00a0L\u2019Observateur\u00a0\u00bb, cette dynamique judiciaire entre dans le prolongement de l\u2019enqu\u00eate sur la gestion des 740 milliards FCfa mobilis\u00e9s pour lutter contre les effets de la pand\u00e9mie. Des sources proches de l\u2019Assembl\u00e9e nationale confient que la proc\u00e9dure de mise en accusation d\u00e9bute cette semaine, avec la convocation du Bureau, suivie de celle de la Conf\u00e9rence des pr\u00e9sidents. Cette s\u00e9quence institutionnelle s\u2019ouvrira sur la d\u00e9signation des membres de la Commission des lois, premi\u00e8re \u00e9tape avant l\u2019ouverture des sessions pl\u00e9ni\u00e8res, pr\u00e9vue d\u00e8s le d\u00e9but de la semaine prochaine, selon \u00ab\u00a0L\u2019Observateur\u00a0\u00bb.<\/p>\n\n\n\n<p>Les m\u00eames sources parlementaires, cit\u00e9es par \u00ab\u00a0L\u2019Observateur\u00a0\u00bb, pr\u00e9cisent que cette premi\u00e8re vague de mises en accusation concerne exclusivement deux anciens ministres : Moustapha Diop et Mansour Faye. Moustapha Diop, ex-ministre du D\u00e9veloppement industriel et des Petites et moyennes industries, et Mansour Faye, ancien ministre du D\u00e9veloppement communautaire, de l\u2019\u00c9quit\u00e9 sociale et territoriale, seront entendus par les juges de la Commission d\u2019instruction de la Haute Cour de justice. Cette audition portera sur des faits pr\u00e9cis, rapport\u00e9s par la Cour des comptes.<\/p>\n\n\n\n<p>Toujours selon \u00ab\u00a0L\u2019Observateur\u00a0\u00bb, les deux anciens ministres devront s\u2019expliquer sur des d\u00e9caissements jug\u00e9s irr\u00e9guliers, des march\u00e9s fictifs et des paiements effectu\u00e9s pour des prestations jamais r\u00e9alis\u00e9es. Les enqu\u00eateurs de la Cour des comptes pointent notamment du doigt des anomalies graves dans l\u2019ex\u00e9cution de plusieurs march\u00e9s publics li\u00e9s aux fonds Covid-19.<\/p>\n\n\n\n<p>Lors d\u2019une conf\u00e9rence de presse conjointe du Procureur g\u00e9n\u00e9ral, du Procureur de la R\u00e9publique et du Parquet financier, il a \u00e9t\u00e9 r\u00e9v\u00e9l\u00e9 que les dossiers de cinq anciens ministres ont \u00e9t\u00e9 transmis \u00e0 l\u2019Assembl\u00e9e nationale. Comme le souligne \u00ab\u00a0L\u2019Observateur\u00a0\u00bb, cette transmission marque le d\u00e9but de la proc\u00e9dure de mise en accusation, condition pr\u00e9alable et indispensable \u00e0 l\u2019ouverture d\u2019une instruction par la Haute Cour de justice.<\/p>\n\n\n\n<p>Interpell\u00e9 sur l\u2019implication potentielle d\u2019anciens membres du gouvernement dans des faits d\u00e9lictueux, le Procureur g\u00e9n\u00e9ral Mback\u00e9 Fall a rappel\u00e9 que leur audition devant la justice ne peut avoir lieu qu\u2019apr\u00e8s l\u2019adoption d\u2019une r\u00e9solution par l\u2019Assembl\u00e9e nationale. C\u2019est cette r\u00e9solution qui ouvre la voie \u00e0 une instruction formelle. Les chefs d\u2019inculpation \u00e9voqu\u00e9s vont du d\u00e9tournement de deniers publics \u00e0 l\u2019escroquerie portant sur des fonds publics, en passant par la concussion et la corruption, selon les propos relay\u00e9s par \u00ab\u00a0L\u2019Observateur\u00a0\u00bb.<\/p>\n\n\n\n<p>Parmi les minist\u00e8res cit\u00e9s dans les huit rapports d\u00e9j\u00e0 transmis figurent, selon \u00ab\u00a0L\u2019Observateur\u00a0\u00bb, ceux des Mines, de la Sant\u00e9, de la Femme et de la Famille, du D\u00e9veloppement communautaire, ainsi que du D\u00e9veloppement industriel. Toutefois, \u00e0 ce stade de la proc\u00e9dure, seuls Mansour Faye et Moustapha Diop sont concern\u00e9s par cette premi\u00e8re vague de mises en accusation.<\/p>\n\n\n\n<p>Mame Fatou K\u00e9b\u00e9<\/p>\n","protected":false},"excerpt":{"rendered":"<p>L\u2019Assembl\u00e9e nationale s\u2019appr\u00eate \u00e0 enclencher la proc\u00e9dure de mise en accusation de deux anciens ministres \u00e9pingl\u00e9s dans la gestion controvers\u00e9e<\/p>\n","protected":false},"author":1,"featured_media":3971,"comment_status":"open","ping_status":"open","sticky":false,"template":"","format":"standard","meta":{"footnotes":""},"categories":[6],"tags":[],"class_list":["post-55375","post","type-post","status-publish","format-standard","has-post-thumbnail","hentry","category-politics"],"_links":{"self":[{"href":"https:\/\/dekkbi.com\/index.php?rest_route=\/wp\/v2\/posts\/55375","targetHints":{"allow":["GET"]}}],"collection":[{"href":"https:\/\/dekkbi.com\/index.php?rest_route=\/wp\/v2\/posts"}],"about":[{"href":"https:\/\/dekkbi.com\/index.php?rest_route=\/wp\/v2\/types\/post"}],"author":[{"embeddable":true,"href":"https:\/\/dekkbi.com\/index.php?rest_route=\/wp\/v2\/users\/1"}],"replies":[{"embeddable":true,"href":"https:\/\/dekkbi.com\/index.php?rest_route=%2Fwp%2Fv2%2Fcomments&post=55375"}],"version-history":[{"count":1,"href":"https:\/\/dekkbi.com\/index.php?rest_route=\/wp\/v2\/posts\/55375\/revisions"}],"predecessor-version":[{"id":55376,"href":"https:\/\/dekkbi.com\/index.php?rest_route=\/wp\/v2\/posts\/55375\/revisions\/55376"}],"wp:featuredmedia":[{"embeddable":true,"href":"https:\/\/dekkbi.com\/index.php?rest_route=\/wp\/v2\/media\/3971"}],"wp:attachment":[{"href":"https:\/\/dekkbi.com\/index.php?rest_route=%2Fwp%2Fv2%2Fmedia&parent=55375"}],"wp:term":[{"taxonomy":"category","embeddable":true,"href":"https:\/\/dekkbi.com\/index.php?rest_route=%2Fwp%2Fv2%2Fcategories&post=55375"},{"taxonomy":"post_tag","embeddable":true,"href":"https:\/\/dekkbi.com\/index.php?rest_route=%2Fwp%2Fv2%2Ftags&post=55375"}],"curies":[{"name":"wp","href":"https:\/\/api.w.org\/{rel}","templated":true}]}}