{"id":55372,"date":"2025-04-22T12:52:10","date_gmt":"2025-04-22T12:52:10","guid":{"rendered":"https:\/\/dekkbi.com\/?p=55372"},"modified":"2025-04-22T12:52:11","modified_gmt":"2025-04-22T12:52:11","slug":"le-vatican-diffuse-les-premieres-images-de-la-depouille-du-pape","status":"publish","type":"post","link":"https:\/\/dekkbi.com\/?p=55372","title":{"rendered":"Le Vatican diffuse les premi\u00e8res images de la d\u00e9pouille du pape"},"content":{"rendered":"\n<p>Le corps du pape Fran\u00e7ois a \u00e9t\u00e9 plac\u00e9 dans un cercueil, au sein de la R\u00e9sidence Sainte-Marthe o\u00f9 il r\u00e9sidait et o\u00f9 il est d\u00e9c\u00e9d\u00e9 ce lundi de P\u00e2ques.<\/p>\n\n\n\n<p><strong>K.D.&nbsp;<\/strong>22-04-25, 14:23&nbsp;<strong>Source:<\/strong>&nbsp;Belga, AFP<\/p>\n\n\n\n<p><strong>Les premi\u00e8res images de la d\u00e9pouille du pape<\/strong><\/p>\n\n\n\n<p>Le Vatican a diffus\u00e9 mardi matin les premi\u00e8res images du pape Fran\u00e7ois dans son cercueil ouvert, encadr\u00e9 de deux gardes suisses dans la chapelle de la R\u00e9sidence Sainte-Marthe o\u00f9 il vivait.<\/p>\n\n\n\n<h2 class=\"wp-block-heading\">Transf\u00e9r\u00e9 dans la basilique mercredi puis \u00e0 Saint-Marie-Majeure samedi<\/h2>\n\n\n\n<p>Sur cette photo et cette vid\u00e9o tourn\u00e9es lundi soir apr\u00e8s la mise en bi\u00e8re, le pape, d\u00e9c\u00e9d\u00e9 d\u2019un AVC \u00e0 88 ans, porte une mitre blanche et une chasuble rouge, et ses mains enserrent un chapelet.<\/p>\n\n\n\n<p>(la suite du texte apr\u00e8s les photos)<\/p>\n\n\n\n<figure class=\"wp-block-image\"><a class=\"slideshow-trigger__overlay\" href=\"https:\/\/www.7sur7.be\/monde\/le-vatican-diffuse-les-premieres-images-de-la-depouille-du-pape~a9383c1c\/256130785\/\"><img decoding=\"async\" src=\"https:\/\/images.7sur7.be\/ZWU3NDM0MDcwZTk2MGNjOTAxOGMvZGlvLzI1NjEzMDc4NS9maXQtd2lkdGgvNjk0\" alt=\"\"\/><\/a><figcaption class=\"wp-element-caption\">\u00a9 Brunopress<\/figcaption><\/figure>\n\n\n\n<figure class=\"wp-block-image\"><a class=\"slideshow-trigger__overlay\" href=\"https:\/\/www.7sur7.be\/monde\/le-vatican-diffuse-les-premieres-images-de-la-depouille-du-pape~a9383c1c\/256130790\/\"><img decoding=\"async\" src=\"https:\/\/images.7sur7.be\/ZTc4MjRlNDFiYTIyZjBhOWM4ZmIvZGlvLzI1NjEzMDc5MC9maXQtd2lkdGgvNjk0\" alt=\"\"\/><\/a><figcaption class=\"wp-element-caption\">\u00a9 Brunopress<\/figcaption><\/figure>\n\n\n\n<figure class=\"wp-block-image\"><a class=\"slideshow-trigger__overlay\" href=\"https:\/\/www.7sur7.be\/monde\/le-vatican-diffuse-les-premieres-images-de-la-depouille-du-pape~a9383c1c\/256130792\/\"><img decoding=\"async\" src=\"https:\/\/images.7sur7.be\/MmM1ZWYxNWIxYTkzOTNmNzUwNWEvZGlvLzI1NjEzMDc5Mi9maXQtd2lkdGgvNjk0\" alt=\"\"\/><\/a><figcaption class=\"wp-element-caption\">\u00a9 Brunopress<\/figcaption><\/figure>\n\n\n\n<p>Les fun\u00e9railles du chef de l\u2019\u00c9glise catholique auront lieu samedi \u00e0 10h00 place Saint-Pierre, devant la basilique du m\u00eame nom, a annonc\u00e9 le Vatican. Comme pour Jean-Paul II en 2005, des dizaines de chefs d\u2019\u00c9tat et de t\u00eates couronn\u00e9es assisteront \u00e0 cette c\u00e9r\u00e9monie solennelle, comme les pr\u00e9sidents am\u00e9ricain Donald Trump, fran\u00e7ais Emmanuel Macron et ukrainien Volodymyr Zelensky. Des centaines de milliers de fid\u00e8les sont \u00e9galement attendus.<\/p>\n\n\n\n<p>Le cercueil sera ensuite transf\u00e9r\u00e9 \u00e0 la basilique Sainte-Marie-Majeure dans le centre de Rome, o\u00f9 le pape sera enterr\u00e9, est-il pr\u00e9cis\u00e9 dans le communiqu\u00e9.<\/p>\n\n\n\n<p>Deux \u00e0 trois semaines apr\u00e8s les fun\u00e9railles, 135 cardinaux \u00e2g\u00e9s de moins de 80 ans (d\u00e9passant donc le seuil maximal de 120 \u00e9lecteurs fix\u00e9 par la Constitution apostolique) se r\u00e9uniront en conclave, \u00e0 huis clos, \u00e0 la Chapelle Sixtine pour \u00e9lire le nouveau pape de l\u2019\u00c9glise catholique, le 267e de l\u2019histoire. Parmi eux, figurent deux Belges. Jozef De Kesel, ancien archev\u00eaque de l\u2019archidioc\u00e8se de Malines-Bruxelles. Celui-ci est devenu cardinal en 2016. Le second Belge est Dominique Mathieu, qui a \u00e9t\u00e9 cr\u00e9\u00e9 cardinal en d\u00e9cembre 2024. Mgr Mathieu, n\u00e9 \u00e0 Arlon mais \u00e9lev\u00e9 \u00e0 Damme (Flandre occidentale), est l\u2019archev\u00eaque de T\u00e9h\u00e9ran-Ispahan depuis 2021.<\/p>\n\n\n\n<p>Le vote se d\u00e9roule \u00e0 bulletins secrets. Pour \u00eatre \u00e9lu, le nouveau pape doit recueillir une majorit\u00e9 des deux tiers sur son nom.<\/p>\n","protected":false},"excerpt":{"rendered":"<p>Le corps du pape Fran\u00e7ois a \u00e9t\u00e9 plac\u00e9 dans un cercueil, au sein de la R\u00e9sidence Sainte-Marthe o\u00f9 il r\u00e9sidait<\/p>\n","protected":false},"author":1,"featured_media":55373,"comment_status":"open","ping_status":"open","sticky":false,"template":"","format":"standard","meta":{"footnotes":""},"categories":[6],"tags":[],"class_list":["post-55372","post","type-post","status-publish","format-standard","has-post-thumbnail","hentry","category-politics"],"_links":{"self":[{"href":"https:\/\/dekkbi.com\/index.php?rest_route=\/wp\/v2\/posts\/55372","targetHints":{"allow":["GET"]}}],"collection":[{"href":"https:\/\/dekkbi.com\/index.php?rest_route=\/wp\/v2\/posts"}],"about":[{"href":"https:\/\/dekkbi.com\/index.php?rest_route=\/wp\/v2\/types\/post"}],"author":[{"embeddable":true,"href":"https:\/\/dekkbi.com\/index.php?rest_route=\/wp\/v2\/users\/1"}],"replies":[{"embeddable":true,"href":"https:\/\/dekkbi.com\/index.php?rest_route=%2Fwp%2Fv2%2Fcomments&post=55372"}],"version-history":[{"count":1,"href":"https:\/\/dekkbi.com\/index.php?rest_route=\/wp\/v2\/posts\/55372\/revisions"}],"predecessor-version":[{"id":55374,"href":"https:\/\/dekkbi.com\/index.php?rest_route=\/wp\/v2\/posts\/55372\/revisions\/55374"}],"wp:featuredmedia":[{"embeddable":true,"href":"https:\/\/dekkbi.com\/index.php?rest_route=\/wp\/v2\/media\/55373"}],"wp:attachment":[{"href":"https:\/\/dekkbi.com\/index.php?rest_route=%2Fwp%2Fv2%2Fmedia&parent=55372"}],"wp:term":[{"taxonomy":"category","embeddable":true,"href":"https:\/\/dekkbi.com\/index.php?rest_route=%2Fwp%2Fv2%2Fcategories&post=55372"},{"taxonomy":"post_tag","embeddable":true,"href":"https:\/\/dekkbi.com\/index.php?rest_route=%2Fwp%2Fv2%2Ftags&post=55372"}],"curies":[{"name":"wp","href":"https:\/\/api.w.org\/{rel}","templated":true}]}}