{"id":55370,"date":"2025-04-22T11:47:53","date_gmt":"2025-04-22T11:47:53","guid":{"rendered":"https:\/\/dekkbi.com\/?p=55370"},"modified":"2025-04-22T11:47:53","modified_gmt":"2025-04-22T11:47:53","slug":"marine-le-pen-conteste-en-justice-sa-demission-doffice-comme-conseillere-departementale","status":"publish","type":"post","link":"https:\/\/dekkbi.com\/?p=55370","title":{"rendered":"Marine Le Pen conteste en justice sa d\u00e9mission d&rsquo;office comme conseill\u00e8re d\u00e9partementale"},"content":{"rendered":"\n<p>La cheffe de file de l\u2019extr\u00eame-droite fran\u00e7aise a introduit un recours suspensif pour rester conseill\u00e8re d\u00e9partement du Pas-de-Calais, malgr\u00e9 sa condamnation par la justice pour d\u00e9tournement de fonds.<\/p>\n\n\n\n<p><strong>Source:\u00a0AFP &#8211;<\/strong> Marine Le Pen a saisi le tribunal administratif de Lille pour contester la perte de son mandat de conseill\u00e8re d\u00e9partementale du Pas-de-Calais, cons\u00e9cutive \u00e0 sa condamnation pour d\u00e9tournement de fonds, a annonc\u00e9 mardi Steeve Briois, \u00e9lu en bin\u00f4me avec Mme Le Pen.<\/p>\n\n\n\n<h2 class=\"wp-block-heading\">Une proc\u00e9dure gel\u00e9e<\/h2>\n\n\n\n<p>Marine Le Pen \u201cest toujours conseill\u00e8re d\u00e9partementale. Un recours suspensif a \u00e9t\u00e9 introduit devant le tribunal administratif\u201d, a \u00e9crit sur le r\u00e9seau X M. Briois, maire Rassemblement national d\u2019H\u00e9nin-Beaumont et conseiller d\u00e9partemental du Pas-de-Calais.<\/p>\n\n\n\n<p>La pr\u00e9fecture du Pas-de-Calais a notifi\u00e9 la semaine derni\u00e8re \u00e0 Marine Le Pen sa d\u00e9mission d\u2019office de son mandat de conseill\u00e8re d\u00e9partementale. Cela fait suite \u00e0 sa condamnation le 31 mars \u00e0 une in\u00e9ligibilit\u00e9 imm\u00e9diate de cinq ans dans le dossier des assistants d\u2019eurod\u00e9put\u00e9s du parti, qui lui a aussi valu quatre ans d\u2019emprisonnement, dont deux ferme.<\/p>\n\n\n\n<h2 class=\"wp-block-heading\">\u201cUne longue bataille proc\u00e9durale\u201d en vue<\/h2>\n\n\n\n<p>Le tribunal correctionnel de Paris a estim\u00e9 qu\u2019elle \u00e9tait au \u201cc\u0153ur\u201d d\u2019un syst\u00e8me de d\u00e9tournement de fonds publics mis en place pour payer des salari\u00e9s du parti avec l\u2019argent du Parlement europ\u00e9en, entre 2004 et 2016. Le montant total des d\u00e9tournements s\u2019\u00e9l\u00e8ve \u00e0 4,4 millions d\u2019euros.<\/p>\n\n\n\n<p>La peine d\u2019in\u00e9ligibilit\u00e9 avec ex\u00e9cution provisoire n\u2019entra\u00eene pas la fin de son mandat de d\u00e9put\u00e9, mais elle met fin aux mandats locaux, avec \u201cpour effet de rendre d\u00e9finitive une d\u00e9cision de premi\u00e8re instance\u201d, a d\u00e9plor\u00e9 M. Briois. Selon lui \u201cMarine Le Pen engage donc une longue bataille proc\u00e9durale pour garantir ses droits et son honneur apr\u00e8s une condamnation que nous trouvons aussi injuste qu\u2019infamante\u201d.<\/p>\n\n\n\n<p>Le tribunal administratif de Lille doit statuer dans les deux mois sur ce recours. \u201cDans l\u2019attente d\u2019une d\u00e9cision d\u00e9finitive par les juridictions administratives, elle reste conseill\u00e8re d\u00e9partementale\u201d, a indiqu\u00e9 M. Briois \u00e0 l\u2019AFP, entendant faire valoir \u201cla pr\u00e9somption d\u2019innocence\u201d.<\/p>\n","protected":false},"excerpt":{"rendered":"<p>La cheffe de file de l\u2019extr\u00eame-droite fran\u00e7aise a introduit un recours suspensif pour rester conseill\u00e8re d\u00e9partement du Pas-de-Calais, malgr\u00e9 sa<\/p>\n","protected":false},"author":1,"featured_media":47118,"comment_status":"open","ping_status":"open","sticky":false,"template":"","format":"standard","meta":{"footnotes":""},"categories":[51],"tags":[],"class_list":["post-55370","post","type-post","status-publish","format-standard","has-post-thumbnail","hentry","category-general"],"_links":{"self":[{"href":"https:\/\/dekkbi.com\/index.php?rest_route=\/wp\/v2\/posts\/55370","targetHints":{"allow":["GET"]}}],"collection":[{"href":"https:\/\/dekkbi.com\/index.php?rest_route=\/wp\/v2\/posts"}],"about":[{"href":"https:\/\/dekkbi.com\/index.php?rest_route=\/wp\/v2\/types\/post"}],"author":[{"embeddable":true,"href":"https:\/\/dekkbi.com\/index.php?rest_route=\/wp\/v2\/users\/1"}],"replies":[{"embeddable":true,"href":"https:\/\/dekkbi.com\/index.php?rest_route=%2Fwp%2Fv2%2Fcomments&post=55370"}],"version-history":[{"count":1,"href":"https:\/\/dekkbi.com\/index.php?rest_route=\/wp\/v2\/posts\/55370\/revisions"}],"predecessor-version":[{"id":55371,"href":"https:\/\/dekkbi.com\/index.php?rest_route=\/wp\/v2\/posts\/55370\/revisions\/55371"}],"wp:featuredmedia":[{"embeddable":true,"href":"https:\/\/dekkbi.com\/index.php?rest_route=\/wp\/v2\/media\/47118"}],"wp:attachment":[{"href":"https:\/\/dekkbi.com\/index.php?rest_route=%2Fwp%2Fv2%2Fmedia&parent=55370"}],"wp:term":[{"taxonomy":"category","embeddable":true,"href":"https:\/\/dekkbi.com\/index.php?rest_route=%2Fwp%2Fv2%2Fcategories&post=55370"},{"taxonomy":"post_tag","embeddable":true,"href":"https:\/\/dekkbi.com\/index.php?rest_route=%2Fwp%2Fv2%2Ftags&post=55370"}],"curies":[{"name":"wp","href":"https:\/\/api.w.org\/{rel}","templated":true}]}}