{"id":55342,"date":"2025-04-22T10:37:23","date_gmt":"2025-04-22T10:37:23","guid":{"rendered":"https:\/\/dekkbi.com\/?p=55342"},"modified":"2025-04-22T10:37:24","modified_gmt":"2025-04-22T10:37:24","slug":"ziarra-generale-2025-serigne-babacar-sy-mansour-appelle-a-proteger-lenfance-et-a-renforcer-la-cohesion-sociale","status":"publish","type":"post","link":"https:\/\/dekkbi.com\/?p=55342","title":{"rendered":"Ziarra g\u00e9n\u00e9rale 2025 : Serigne Babacar Sy Mansour appelle \u00e0 prot\u00e9ger l\u2019enfance et \u00e0 renforcer la coh\u00e9sion sociale"},"content":{"rendered":"\n<p><strong>Lors de la Ziarra g\u00e9n\u00e9rale 2025 \u00e0 Tivaouane, Serigne Papa Mactar K\u00e9b\u00e9, transmettant le message du Khalife g\u00e9n\u00e9ral des Tidianes Serigne Babacar Sy Mansour, a insist\u00e9 sur l\u2019importance cruciale de l\u2019\u00e9ducation des enfants et du vivre-ensemble. L\u2019\u00e9v\u00e9nement a r\u00e9uni d\u2019\u00e9minentes figures religieuses dont une d\u00e9l\u00e9gation mouride, soulignant l\u2019unit\u00e9 des confr\u00e9ries soufies.<\/strong><\/p>\n\n\n\n<p><strong>&nbsp;<\/strong>Portant la voix de Serigne Babacar Sy Mansour, Serigne Papa Mactar K\u00e9b\u00e9 a \u201cinvit\u00e9 les S\u00e9n\u00e9galais \u00e0 soigner profond\u00e9ment leurs attitudes en direction de la petite enfance\u201d. Il a ajout\u00e9 : \u201cCette cat\u00e9gorie de la population doit \u00eatre prise en charge pour b\u00e2tir un S\u00e9n\u00e9gal o\u00f9 la solidarit\u00e9 et la foi vont rythmer le d\u00e9veloppement de notre soci\u00e9t\u00e9\u201d. Le repr\u00e9sentant du Khalife a insist\u00e9 sur le respect mutuel comme fondement d\u2019une soci\u00e9t\u00e9 harmonieuse, affirmant que cela est n\u00e9cessaire pour garantir une \u201cvie normale\u201d et surtout la \u201ccoh\u00e9sion sociale\u201d.<\/p>\n\n\n\n<p>L\u2019\u00e9dition 2025 a \u00e9t\u00e9 marqu\u00e9e par la participation d\u2019une d\u00e9l\u00e9gation de Touba conduite par Serigne Abdou Lahat Mback\u00e9 Ga\u00efnd\u00e9 Fatma. Serigne Cheikhouna Mback\u00e9, s\u2019exprimant au nom de la d\u00e9l\u00e9gation mouride, a soulign\u00e9 : \u201cNous sommes dans notre propre famille. Ce cadre que repr\u00e9sente la Ziarra g\u00e9n\u00e9rale est une tribune pour perp\u00e9tuer les bonnes \u0153uvres de Khalifa Ababacar Sy qui est un rep\u00e8re dans l\u2019islam au S\u00e9n\u00e9gal, gr\u00e2ce \u00e0 son enseignement et son riche h\u00e9ritage\u201d. Serigne Papa Mactar K\u00e9b\u00e9 a exprim\u00e9 sa gratitude aux plus hautes autorit\u00e9s du pays, \u201csaluant leurs efforts pour assurer la qui\u00e9tude du S\u00e9n\u00e9gal, sans laquelle aucun d\u00e9veloppement n\u2019est possible\u201d.<\/p>\n\n\n\n<p>La Ziarra g\u00e9n\u00e9rale trouve son origine dans l\u2019initiative de l\u2019association religieuse \u201cDahiratoul Kiram\u201d, premi\u00e8re structure \u00e0 avoir re\u00e7u la b\u00e9n\u00e9diction du marabout pour organiser ce rassemblement en 1930. Tous les autres \u201cdahiras\u201d&nbsp;ont ensuite suivi cet exemple, faisant de la Ziarra un \u00e9v\u00e9nement incontournable dans le calendrier religieux de Tivaouane.<\/p>\n\n\n\n<p>SOURCE SUDQUOTIDIEN<\/p>\n","protected":false},"excerpt":{"rendered":"<p>Lors de la Ziarra g\u00e9n\u00e9rale 2025 \u00e0 Tivaouane, Serigne Papa Mactar K\u00e9b\u00e9, transmettant le message du Khalife g\u00e9n\u00e9ral des Tidianes<\/p>\n","protected":false},"author":1,"featured_media":55343,"comment_status":"open","ping_status":"open","sticky":false,"template":"","format":"standard","meta":{"footnotes":""},"categories":[26],"tags":[],"class_list":["post-55342","post","type-post","status-publish","format-standard","has-post-thumbnail","hentry","category-fait-divers"],"_links":{"self":[{"href":"https:\/\/dekkbi.com\/index.php?rest_route=\/wp\/v2\/posts\/55342","targetHints":{"allow":["GET"]}}],"collection":[{"href":"https:\/\/dekkbi.com\/index.php?rest_route=\/wp\/v2\/posts"}],"about":[{"href":"https:\/\/dekkbi.com\/index.php?rest_route=\/wp\/v2\/types\/post"}],"author":[{"embeddable":true,"href":"https:\/\/dekkbi.com\/index.php?rest_route=\/wp\/v2\/users\/1"}],"replies":[{"embeddable":true,"href":"https:\/\/dekkbi.com\/index.php?rest_route=%2Fwp%2Fv2%2Fcomments&post=55342"}],"version-history":[{"count":1,"href":"https:\/\/dekkbi.com\/index.php?rest_route=\/wp\/v2\/posts\/55342\/revisions"}],"predecessor-version":[{"id":55344,"href":"https:\/\/dekkbi.com\/index.php?rest_route=\/wp\/v2\/posts\/55342\/revisions\/55344"}],"wp:featuredmedia":[{"embeddable":true,"href":"https:\/\/dekkbi.com\/index.php?rest_route=\/wp\/v2\/media\/55343"}],"wp:attachment":[{"href":"https:\/\/dekkbi.com\/index.php?rest_route=%2Fwp%2Fv2%2Fmedia&parent=55342"}],"wp:term":[{"taxonomy":"category","embeddable":true,"href":"https:\/\/dekkbi.com\/index.php?rest_route=%2Fwp%2Fv2%2Fcategories&post=55342"},{"taxonomy":"post_tag","embeddable":true,"href":"https:\/\/dekkbi.com\/index.php?rest_route=%2Fwp%2Fv2%2Ftags&post=55342"}],"curies":[{"name":"wp","href":"https:\/\/api.w.org\/{rel}","templated":true}]}}