{"id":55331,"date":"2025-04-22T10:21:39","date_gmt":"2025-04-22T10:21:39","guid":{"rendered":"https:\/\/dekkbi.com\/?p=55331"},"modified":"2025-04-22T10:21:39","modified_gmt":"2025-04-22T10:21:39","slug":"succession-de-pape-francois-les-chances-des-pretendants-africains-au-trone-de-saint-pierre","status":"publish","type":"post","link":"https:\/\/dekkbi.com\/?p=55331","title":{"rendered":"Succession de Pape Fran\u00e7ois : Les chances des pr\u00e9tendants africains au tr\u00f4ne de Saint Pierre"},"content":{"rendered":"\n<p>Qui va succ\u00e9der au Pape Fran\u00e7ois, d\u00e9c\u00e9d\u00e9 hier, \u00e0 l\u2019\u00e2ge de 88 ans, d\u2019un Avc. Au terme de 12 ans d\u2019un pontificat marqu\u00e9 par sa popularit\u00e9 chez les fid\u00e8les, mais aussi une farouche opposition au sein m\u00eame de l\u2019Eglise catholique. Il y a une liste de 15 cardinaux en vue pour lui succ\u00e9der. Alors que depuis hier, les cardinaux du monde entier sont en train de rejoindre Rome pour les obs\u00e8ques du Pape Fran\u00e7ois, mort lundi, et participer aux congr\u00e9gations g\u00e9n\u00e9rales (r\u00e9unions pr\u00e9paratoires) avant le conclave. Parmi eux, 135 cardinaux \u00e9lecteurs, ceux \u00e2g\u00e9s de moins de 80 ans, prendront part au vote. Diplomates, hommes de terrain, th\u00e9ologiens ou m\u00e9diateurs : en voici quelques-uns dont la voix comptera au moment du vote.<\/p>\n\n\n\n<p>Si certains sont r\u00e9guli\u00e8rement pr\u00e9sent\u00e9s par les observateurs comme \u00abpapabili\u00bb, c\u2019est-\u00e0-dire favoris pour succ\u00e9der \u00e0 Fran\u00e7ois, l\u2019issue du conclave est toujours impr\u00e9visible, rendant tout pronostic tr\u00e8s hasardeux. Il y a le nom de Pietro Parolin (Italie), num\u00e9ro deux du Vatican, 70 ans, qui revient avec insistance. Il est secr\u00e9taire d\u2019Etat (num\u00e9ro deux du Vatican) pendant la quasi-totalit\u00e9 du pontificat de Fran\u00e7ois dont il a \u00e9t\u00e9 le bras droit. Membre du Conseil des cardinaux, parfait connaisseur des dossiers, il a eu un r\u00f4le cl\u00e9 dans la signature, en 2018, d\u2019un accord historique entre le Saint-Si\u00e8ge et la Chine sur les nominations d\u2019\u00e9v\u00eaques.<\/p>\n\n\n\n<p>En outre, Pierbattista Piz\u00adzaballa (Italie), patriarche latin de J\u00e9rusalem, 60 ans, parlant l\u2019h\u00e9breu et l\u2019anglais, arriv\u00e9 \u00e0 J\u00e9rusalem en 1990, est aussi cit\u00e9 parmi les \u00abpapabili\u00bb. C\u2019est en septembre 2023 qu\u2019il devient le Premier patriarche de J\u00e9\u00adrusalem -la plus haute autorit\u00e9 catholique d\u2019Orient- en exercice \u00e0 \u00eatre cr\u00e9\u00e9 cardinal. Un mois plus tard, \u00e9clate la guerre entre le Hamas et Isra\u00ebl, avec ses r\u00e9percussions dans la r\u00e9gion. Ses multiples appels \u00e0 la paix l\u2019ont plac\u00e9 sur le devant de la sc\u00e8ne.<\/p>\n\n\n\n<p>Cette ann\u00e9e, y aurait-il une r\u00e9volution&nbsp;avec le choix d\u2019un Pape noir&nbsp;? Peter Turkson (Ghana), 76 ans, un des cardinaux africains les plus influents, a souvent \u00e9t\u00e9 pr\u00e9sent\u00e9 parmi les favoris pour devenir le premier Pape noir de l\u2019Eglise. Il parle six langues et s\u2019est rendu \u00e0 plusieurs reprises au Forum \u00e9conomique mondial de Davos pour alerter les chefs d\u2019entreprise des d\u00e9rives de l\u2019\u00e9conomie lib\u00e9rale.<\/p>\n\n\n\n<p>Il y a aussi Fridolin Am\u00adbongo, originaire de la R\u00e9publique d\u00e9mocratique du Congo, \u00e2g\u00e9 de 65 ans. Voix puissante du Mouvement pour la paix en R\u00e9publique d\u00e9mocratique du Congo, un pays meurtri par des d\u00e9cennies de violences, Fridolin Ambongo pourrait rassembler des votes de cardinaux jug\u00e9s conservateurs. Il avait, en effet, joint sa voix aux protestations soulev\u00e9es par la publication, en d\u00e9cembre 2023, par le Vatican, du document \u00abFiducia supplicans\u00bb (\u00abLa confiance suppliante\u00bb) ouvrant la voie aux b\u00e9n\u00e9dictions de couples de m\u00eame sexe.<\/p>\n\n\n\n<p>Archev\u00eaque de Kinshasa depuis 2018 et Cardinal depuis 2019, il \u00e9tait aussi membre du \u00abC9\u00bb, le Conseil des neuf cardinaux charg\u00e9s de conseiller le Pape sur la r\u00e9forme de l\u2019Eglise.<\/p>\n\n\n\n<p>SOURCE LEQUOTIDIEN<\/p>\n","protected":false},"excerpt":{"rendered":"<p>Qui va succ\u00e9der au Pape Fran\u00e7ois, d\u00e9c\u00e9d\u00e9 hier, \u00e0 l\u2019\u00e2ge de 88 ans, d\u2019un Avc. Au terme de 12 ans<\/p>\n","protected":false},"author":1,"featured_media":55332,"comment_status":"open","ping_status":"open","sticky":false,"template":"","format":"standard","meta":{"footnotes":""},"categories":[51],"tags":[],"class_list":["post-55331","post","type-post","status-publish","format-standard","has-post-thumbnail","hentry","category-general"],"_links":{"self":[{"href":"https:\/\/dekkbi.com\/index.php?rest_route=\/wp\/v2\/posts\/55331","targetHints":{"allow":["GET"]}}],"collection":[{"href":"https:\/\/dekkbi.com\/index.php?rest_route=\/wp\/v2\/posts"}],"about":[{"href":"https:\/\/dekkbi.com\/index.php?rest_route=\/wp\/v2\/types\/post"}],"author":[{"embeddable":true,"href":"https:\/\/dekkbi.com\/index.php?rest_route=\/wp\/v2\/users\/1"}],"replies":[{"embeddable":true,"href":"https:\/\/dekkbi.com\/index.php?rest_route=%2Fwp%2Fv2%2Fcomments&post=55331"}],"version-history":[{"count":1,"href":"https:\/\/dekkbi.com\/index.php?rest_route=\/wp\/v2\/posts\/55331\/revisions"}],"predecessor-version":[{"id":55333,"href":"https:\/\/dekkbi.com\/index.php?rest_route=\/wp\/v2\/posts\/55331\/revisions\/55333"}],"wp:featuredmedia":[{"embeddable":true,"href":"https:\/\/dekkbi.com\/index.php?rest_route=\/wp\/v2\/media\/55332"}],"wp:attachment":[{"href":"https:\/\/dekkbi.com\/index.php?rest_route=%2Fwp%2Fv2%2Fmedia&parent=55331"}],"wp:term":[{"taxonomy":"category","embeddable":true,"href":"https:\/\/dekkbi.com\/index.php?rest_route=%2Fwp%2Fv2%2Fcategories&post=55331"},{"taxonomy":"post_tag","embeddable":true,"href":"https:\/\/dekkbi.com\/index.php?rest_route=%2Fwp%2Fv2%2Ftags&post=55331"}],"curies":[{"name":"wp","href":"https:\/\/api.w.org\/{rel}","templated":true}]}}