{"id":55325,"date":"2025-04-22T10:12:24","date_gmt":"2025-04-22T10:12:24","guid":{"rendered":"https:\/\/dekkbi.com\/?p=55325"},"modified":"2025-04-22T10:12:24","modified_gmt":"2025-04-22T10:12:24","slug":"la-mort-du-pape-francois-prend-de-court-des-catholiques-de-ziguinchor","status":"publish","type":"post","link":"https:\/\/dekkbi.com\/?p=55325","title":{"rendered":"La mort du pape Fran\u00e7ois prend de court des catholiques de Ziguinchor"},"content":{"rendered":"\n<p>Ziguinchor,  (APS) \u2013 Des membres de la communaut\u00e9 catholique de Ziguinchor (sud) disent avoir \u00e9t\u00e9 surpris par le d\u00e9c\u00e8s du pape Fran\u00e7ois survenu lundi 21 avril, m\u00eame s\u2019ils le savaient malade ou convalescent depuis plusieurs semaines.<\/p>\n\n\n\n<p>Le souverain pontife, hospitalis\u00e9 pendant plusieurs semaines \u00e0 cause d\u2019une maladie pulmonaire, \u00e9tait sorti de l\u2019h\u00f4pital fin mars. La mort du pape argentin, n\u00e9 Jorge Mario Bergoglio, a surpris plus d\u2019un \u00e0 Ziguinchor.&nbsp;<\/p>\n\n\n\n<p>Certains fid\u00e8les de l\u2019\u00c9glise catholique interrog\u00e9s par l\u2019APS rappellent qu\u2019il est apparu au balcon de la basilique Saint-Pierre, au Vatican, lors de la c\u00e9l\u00e9bration de P\u00e2ques, dimanche 20 avril.<\/p>\n\n\n\n<p>Bonaventure Coly regrette le \u2018\u2019r\u00e9veil brutal\u2019\u2019 de ce lundi 21 avril. \u2018\u2019Nous ne nous attendions pas \u00e0 une nouvelle pareille, apr\u00e8s la journ\u00e9e festive d\u2019hier, la c\u00e9l\u00e9bration de la r\u00e9surrection du Christ. \u00c0 l\u2019occasion de P\u00e2ques, nous avons vu le pape Fran\u00e7ois prendre un bain de foule, comme s\u2019il nous rassurait [\u2026] Nous ne savions pas qu\u2019il nous disait au revoir\u2019\u2019, a dit M. Coly, l\u2019un des fid\u00e8les de la cath\u00e9drale Saint-Antoine de Padoue de Ziguinchor.<\/p>\n\n\n\n<p>\u2018\u2019Son rappel \u00e0 Dieu nous a surpris. C\u2019est vraiment un coup dur pour les fid\u00e8les catholiques du monde, y compris ceux du dioc\u00e8se de Ziguinchor et de notre paroisse\u2019\u2019, ajoute-t-il.<\/p>\n\n\n\n<p>Bonaventure Coly dit garder de Fran\u00e7ois 1<sup>er<\/sup>&nbsp;le souvenir d\u2019un \u2018\u2019pape courageux\u2019\u2019, surtout quand il s\u2019agit des r\u00e9formes\u2019\u2019 \u00e0 mener par l\u2019\u00c9glise catholique.<\/p>\n\n\n\n<p>\u2018\u2019Nous nous rappelons le changement qu\u2019il a op\u00e9r\u00e9, concernant la constitution apostolique. C\u2019est quelqu\u2019un qui avait le courage de ses id\u00e9es, m\u00eame si tout le monde ne partageait pas sa pens\u00e9e et sa philosophie doctrinale\u2019\u2019, a t\u00e9moign\u00e9 M. Coly.<\/p>\n\n\n\n<p>\u2018\u2019C\u2019\u00e9tait un d\u00e9fenseur des d\u00e9munis, [un militant] des droits de l\u2019homme\u2019\u2019, poursuit-il.<\/p>\n\n\n\n<p><strong>\u2014 C\u2019est triste. C\u2019est une grosse perte \u2014&nbsp;<\/strong><\/p>\n\n\n\n<p>Honor\u00e9 Manga consid\u00e8re le \u2018\u2019bain de foule\u2019\u2019 du pape Fran\u00e7ois au balcon de la place Saint-Pierre comme \u2018\u2019un adieu qu\u2019il faisait aux fid\u00e8les\u2019\u2019. \u2018\u2019C\u2019est une grande tristesse\u2019\u2019, a ajout\u00e9 M. Manga, se souvenant d\u2019\u2018\u2019un homme de Dieu\u2019\u2019, \u2018\u2019toujours au service des couches vuln\u00e9rables\u2019\u2019.<\/p>\n\n\n\n<p>\u2018\u2019Il a toujours milit\u00e9 pour le dialogue des religions et des peuples. Sa mort est une grande perte pour l\u2019humanit\u00e9\u2019\u2019, regrette-t-il.<\/p>\n\n\n\n<p>Titi Tendeng, une habitante du quartier Til\u00e8ne de Ziguinchor, est attrist\u00e9e comme tant d\u2019autres fid\u00e8les par le d\u00e9c\u00e8s du souverain pontife. \u2018\u2019C\u2019est un guide d\u2019une grandeur exceptionnelle. C\u2019est une perte pour la communaut\u00e9 catholique et le monde en g\u00e9n\u00e9ral\u2019\u2019, s\u2019\u00e9meut-elle.<\/p>\n\n\n\n<p>\u2018\u2019C\u2019est une grande perte pour le monde entier\u2019\u2019, confirme Joseph Sagna, un habitant de Castor, un quartier ziguinchorois.<\/p>\n\n\n\n<p>Jean Coly d\u00e9plore \u2018\u2019une perte immense pour la communaut\u00e9 catholique et le monde entier\u2019\u2019. \u2018\u2019Le pape Fran\u00e7ois a marqu\u00e9 son \u00e9poque par son attachement ind\u00e9fectible \u00e0 la paix [\u2026] Il s\u2019est endormi pour l\u2019\u00e9ternit\u00e9. C\u2019est vraiment triste. Mais, Dieu merci\u2019\u2019, a-t-il dit.<\/p>\n\n\n\n<p>\u2018\u2019C\u2019est triste. C\u2019est une grosse perte\u2019\u2019, r\u00e9agit Zackaria San\u00e9, un enseignant.<\/p>\n\n\n\n<p>Bonaventure Coly esp\u00e8re que \u2018\u2019l\u2019\u00c9glise catholique saura, comme \u00e0 l\u2019accoutum\u00e9e, avec les pri\u00e8res et le Saint-Esprit, lui trouver un successeur fid\u00e8le, dans la continuit\u00e9 des \u0153uvres de Dieu\u2019\u2019. \u2018\u2019Nous savons que du P\u00e8re nous venons et qu\u2019au P\u00e8re nous retournerons un jour\u2019\u2019, se console-t-il.&nbsp;<\/p>\n\n\n\n<p>Fran\u00e7ois 1er dirigeait l\u2019\u00c9glise catholique romaine depuis la d\u00e9mission du pape allemand Beno\u00eet XVI en 2013. Il est d\u00e9c\u00e9d\u00e9 \u00e0 l\u2019\u00e2ge de 88 ans.&nbsp;<\/p>\n\n\n\n<p>MNF\/HK\/ESF<\/p>\n","protected":false},"excerpt":{"rendered":"<p>Ziguinchor, (APS) \u2013 Des membres de la communaut\u00e9 catholique de Ziguinchor (sud) disent avoir \u00e9t\u00e9 surpris par le d\u00e9c\u00e8s du<\/p>\n","protected":false},"author":1,"featured_media":55326,"comment_status":"open","ping_status":"open","sticky":false,"template":"","format":"standard","meta":{"footnotes":""},"categories":[26],"tags":[],"class_list":["post-55325","post","type-post","status-publish","format-standard","has-post-thumbnail","hentry","category-fait-divers"],"_links":{"self":[{"href":"https:\/\/dekkbi.com\/index.php?rest_route=\/wp\/v2\/posts\/55325","targetHints":{"allow":["GET"]}}],"collection":[{"href":"https:\/\/dekkbi.com\/index.php?rest_route=\/wp\/v2\/posts"}],"about":[{"href":"https:\/\/dekkbi.com\/index.php?rest_route=\/wp\/v2\/types\/post"}],"author":[{"embeddable":true,"href":"https:\/\/dekkbi.com\/index.php?rest_route=\/wp\/v2\/users\/1"}],"replies":[{"embeddable":true,"href":"https:\/\/dekkbi.com\/index.php?rest_route=%2Fwp%2Fv2%2Fcomments&post=55325"}],"version-history":[{"count":1,"href":"https:\/\/dekkbi.com\/index.php?rest_route=\/wp\/v2\/posts\/55325\/revisions"}],"predecessor-version":[{"id":55327,"href":"https:\/\/dekkbi.com\/index.php?rest_route=\/wp\/v2\/posts\/55325\/revisions\/55327"}],"wp:featuredmedia":[{"embeddable":true,"href":"https:\/\/dekkbi.com\/index.php?rest_route=\/wp\/v2\/media\/55326"}],"wp:attachment":[{"href":"https:\/\/dekkbi.com\/index.php?rest_route=%2Fwp%2Fv2%2Fmedia&parent=55325"}],"wp:term":[{"taxonomy":"category","embeddable":true,"href":"https:\/\/dekkbi.com\/index.php?rest_route=%2Fwp%2Fv2%2Fcategories&post=55325"},{"taxonomy":"post_tag","embeddable":true,"href":"https:\/\/dekkbi.com\/index.php?rest_route=%2Fwp%2Fv2%2Ftags&post=55325"}],"curies":[{"name":"wp","href":"https:\/\/api.w.org\/{rel}","templated":true}]}}