{"id":55322,"date":"2025-04-22T10:08:01","date_gmt":"2025-04-22T10:08:01","guid":{"rendered":"https:\/\/dekkbi.com\/?p=55322"},"modified":"2025-04-22T10:08:02","modified_gmt":"2025-04-22T10:08:02","slug":"retrait-de-laes-la-cedeao-en-session-extraordinaire-a-accra","status":"publish","type":"post","link":"https:\/\/dekkbi.com\/?p=55322","title":{"rendered":"Retrait de l\u2019AES : la CEDEAO en session extraordinaire \u00e0 Accra"},"content":{"rendered":"\n<p><a href=\"https:\/\/lesoleil.sn\/wp-content\/uploads\/2025\/04\/arton127889-be9d2.jpg\"><\/a><strong><em>La session extraordinaire de la C\u00e9d\u00e9ao convoqu\u00e9e les 22 et 23 avril co\u00efncide avec le lancement des c\u00e9l\u00e9brations du cinquantenaire de l\u2019organisation, marqu\u00e9 par une tentative de rapprochement entre les deux blocs.<\/em><\/strong><\/p>\n\n\n\n<p>Le Conseil des ministres de la Communaut\u00e9 \u00e9conomique des \u00c9tats de l\u2019Afrique de l\u2019Ouest (C\u00e9d\u00e9ao) se r\u00e9unit en session extraordinaire les 22 et 23 avril 2025 \u00e0 Accra, capitale du Ghana, pour examiner les cons\u00e9quences du retrait du Burkina Faso, du Mali et du Niger de l\u2019organisation r\u00e9gionale.<\/p>\n\n\n\n<p>Cette rencontre, convoqu\u00e9e pour discuter des modalit\u00e9s du d\u00e9sengagement et des implications pour les institutions et agences de la C\u00e9d\u00e9ao encore actives dans les trois pays membres de la Conf\u00e9d\u00e9ration des \u00c9tats du Sahel (AES), se tiendra le m\u00eame jour que le lancement officiel \u00e0 Accra des c\u00e9l\u00e9brations du cinquantenaire de l\u2019institution r\u00e9gionale.<\/p>\n\n\n\n<p>Le pr\u00e9sident ghan\u00e9en John Dramani Mahama, qui a r\u00e9cemment effectu\u00e9 une tourn\u00e9e diplomatique au Mali, au Burkina Faso et au Niger, a convi\u00e9 les dirigeants de ces pays \u00e0 participer \u00e0 l\u2019\u00e9v\u00e9nement. Une initiative qui vise \u00e0 favoriser un rapprochement entre les deux blocs, malgr\u00e9 les profondes divergences qui ont conduit les autorit\u00e9s sah\u00e9liennes \u00e0 prendre leurs distances avec l\u2019institution communautaire, qu\u2019elles accusent d\u2019\u00eatre instrumentalis\u00e9e par la France.<\/p>\n\n\n\n<p>Le Burkina, le Mali et le Niger ont annonc\u00e9 leur retrait de la C\u00e9d\u00e9ao en janvier 2024. Conform\u00e9ment aux textes de l\u2019Organisation, cette d\u00e9cision devient effective une ann\u00e9e apr\u00e8s sa notification, soit en janvier 2025. La session minist\u00e9rielle abordera \u00e9galement d\u2019autres questions d\u2019importance r\u00e9gionale, dans un contexte de d\u00e9fis s\u00e9curitaires et diplomatiques croissants en Afrique de l\u2019Ouest.<\/p>\n","protected":false},"excerpt":{"rendered":"<p>La session extraordinaire de la C\u00e9d\u00e9ao convoqu\u00e9e les 22 et 23 avril co\u00efncide avec le lancement des c\u00e9l\u00e9brations du cinquantenaire<\/p>\n","protected":false},"author":1,"featured_media":55323,"comment_status":"open","ping_status":"open","sticky":false,"template":"","format":"standard","meta":{"footnotes":""},"categories":[6],"tags":[],"class_list":["post-55322","post","type-post","status-publish","format-standard","has-post-thumbnail","hentry","category-politics"],"_links":{"self":[{"href":"https:\/\/dekkbi.com\/index.php?rest_route=\/wp\/v2\/posts\/55322","targetHints":{"allow":["GET"]}}],"collection":[{"href":"https:\/\/dekkbi.com\/index.php?rest_route=\/wp\/v2\/posts"}],"about":[{"href":"https:\/\/dekkbi.com\/index.php?rest_route=\/wp\/v2\/types\/post"}],"author":[{"embeddable":true,"href":"https:\/\/dekkbi.com\/index.php?rest_route=\/wp\/v2\/users\/1"}],"replies":[{"embeddable":true,"href":"https:\/\/dekkbi.com\/index.php?rest_route=%2Fwp%2Fv2%2Fcomments&post=55322"}],"version-history":[{"count":1,"href":"https:\/\/dekkbi.com\/index.php?rest_route=\/wp\/v2\/posts\/55322\/revisions"}],"predecessor-version":[{"id":55324,"href":"https:\/\/dekkbi.com\/index.php?rest_route=\/wp\/v2\/posts\/55322\/revisions\/55324"}],"wp:featuredmedia":[{"embeddable":true,"href":"https:\/\/dekkbi.com\/index.php?rest_route=\/wp\/v2\/media\/55323"}],"wp:attachment":[{"href":"https:\/\/dekkbi.com\/index.php?rest_route=%2Fwp%2Fv2%2Fmedia&parent=55322"}],"wp:term":[{"taxonomy":"category","embeddable":true,"href":"https:\/\/dekkbi.com\/index.php?rest_route=%2Fwp%2Fv2%2Fcategories&post=55322"},{"taxonomy":"post_tag","embeddable":true,"href":"https:\/\/dekkbi.com\/index.php?rest_route=%2Fwp%2Fv2%2Ftags&post=55322"}],"curies":[{"name":"wp","href":"https:\/\/api.w.org\/{rel}","templated":true}]}}