{"id":55316,"date":"2025-04-22T10:04:28","date_gmt":"2025-04-22T10:04:28","guid":{"rendered":"https:\/\/dekkbi.com\/?p=55316"},"modified":"2025-04-22T10:04:29","modified_gmt":"2025-04-22T10:04:29","slug":"fmi-senegal-vers-un-nouveau-programme-de-cooperation-economique","status":"publish","type":"post","link":"https:\/\/dekkbi.com\/?p=55316","title":{"rendered":"FMI \u2013 S\u00e9n\u00e9gal : vers un nouveau programme de coop\u00e9ration \u00e9conomique"},"content":{"rendered":"\n<p><strong>En marge des R\u00e9unions de Printemps du Fonds mon\u00e9taire international (FMI) et de la Banque mondiale, une importante rencontre s\u2019est tenue ce lundi 21 avril 2025 au si\u00e8ge du FMI \u00e0 Washington.<\/strong><\/p>\n\n\n\n<p>La Directrice g\u00e9n\u00e9rale de l\u2019institution, Kristalina Georgieva, a re\u00e7u une d\u00e9l\u00e9gation s\u00e9n\u00e9galaise de haut niveau, marquant une \u00e9tape cruciale dans le cadre des discussions pour l\u2019\u00e9laboration d\u2019un nouveau programme de partenariat \u00e9conomique entre le S\u00e9n\u00e9gal et le FMI.<\/p>\n\n\n\n<p>La d\u00e9l\u00e9gation s\u00e9n\u00e9galaise \u00e9tait compos\u00e9e de Cheikh Diba, Ministre des Finances et du Budget ; Abdourahmane Sarr, Ministre de l\u2019\u00c9conomie ; Ahmadou Al Aminou Lo, Ministre Directeur g\u00e9n\u00e9ral du Gouvernement ; Alle Nar Diop, Ministre conseiller \u00e9conomique ; et Fran\u00e7ois S\u00e8ne, Directeur national de la BCEAO pour le S\u00e9n\u00e9gal.<\/p>\n\n\n<div class=\"wp-block-image\">\n<figure class=\"alignleft is-resized\"><img decoding=\"async\" src=\"https:\/\/lesoleil.sn\/wp-content\/uploads\/2025\/04\/FMI-Senegal-900x600.jpeg\" alt=\"\" class=\"wp-image-39526\" style=\"width:653px;height:auto\"\/><\/figure>\n<\/div>\n\n\n<p>L\u2019objectif de cette rencontre : poser les bases d\u2019un cadre de coop\u00e9ration renouvel\u00e9 pour accompagner les ambitions \u00e9conomiques du pays dans un contexte marqu\u00e9 par des d\u00e9fis mondiaux persistants, mais aussi des opportunit\u00e9s de croissance.<\/p>\n\n\n\n<p>Abdourahmane Sarr a affirm\u00e9 \u00e0 l\u2019issue de la r\u00e9union que \u00ab le S\u00e9n\u00e9gal compte maintenir un cadre macro\u00e9conomique ad\u00e9quat, une dette soutenable, et continuer sur la voie de la transparence qu\u2019il a choisie \u00bb.<\/p>\n\n\n\n<p>Cette volont\u00e9 s\u2019inscrit dans une d\u00e9marche de cr\u00e9dibilit\u00e9 et de rigueur budg\u00e9taire, \u00e9l\u00e9ments essentiels pour rassurer les partenaires financiers internationaux. Le FMI, de son c\u00f4t\u00e9, a salu\u00e9 les r\u00e9formes entreprises et l\u2019engagement du pays \u00e0 poursuivre ses efforts en mati\u00e8re de bonne gouvernance et de viabilit\u00e9 des finances publiques.<\/p>\n\n\n\n<p>La suite des discussions devrait permettre d\u2019aboutir \u00e0 un nouvel accord qui soutiendra les priorit\u00e9s strat\u00e9giques du S\u00e9n\u00e9gal, notamment en mati\u00e8re d\u2019investissements publics, de soutien au secteur priv\u00e9 et de lutte contre les vuln\u00e9rabilit\u00e9s \u00e9conomiques et sociales.<\/p>\n\n\n\n<p><strong>Cheikh Gora DIOP<\/strong><\/p>\n\n\n\n<p>LESOLEIL<\/p>\n","protected":false},"excerpt":{"rendered":"<p>En marge des R\u00e9unions de Printemps du Fonds mon\u00e9taire international (FMI) et de la Banque mondiale, une importante rencontre s\u2019est<\/p>\n","protected":false},"author":1,"featured_media":55317,"comment_status":"open","ping_status":"open","sticky":false,"template":"","format":"standard","meta":{"footnotes":""},"categories":[6],"tags":[],"class_list":["post-55316","post","type-post","status-publish","format-standard","has-post-thumbnail","hentry","category-politics"],"_links":{"self":[{"href":"https:\/\/dekkbi.com\/index.php?rest_route=\/wp\/v2\/posts\/55316","targetHints":{"allow":["GET"]}}],"collection":[{"href":"https:\/\/dekkbi.com\/index.php?rest_route=\/wp\/v2\/posts"}],"about":[{"href":"https:\/\/dekkbi.com\/index.php?rest_route=\/wp\/v2\/types\/post"}],"author":[{"embeddable":true,"href":"https:\/\/dekkbi.com\/index.php?rest_route=\/wp\/v2\/users\/1"}],"replies":[{"embeddable":true,"href":"https:\/\/dekkbi.com\/index.php?rest_route=%2Fwp%2Fv2%2Fcomments&post=55316"}],"version-history":[{"count":1,"href":"https:\/\/dekkbi.com\/index.php?rest_route=\/wp\/v2\/posts\/55316\/revisions"}],"predecessor-version":[{"id":55318,"href":"https:\/\/dekkbi.com\/index.php?rest_route=\/wp\/v2\/posts\/55316\/revisions\/55318"}],"wp:featuredmedia":[{"embeddable":true,"href":"https:\/\/dekkbi.com\/index.php?rest_route=\/wp\/v2\/media\/55317"}],"wp:attachment":[{"href":"https:\/\/dekkbi.com\/index.php?rest_route=%2Fwp%2Fv2%2Fmedia&parent=55316"}],"wp:term":[{"taxonomy":"category","embeddable":true,"href":"https:\/\/dekkbi.com\/index.php?rest_route=%2Fwp%2Fv2%2Fcategories&post=55316"},{"taxonomy":"post_tag","embeddable":true,"href":"https:\/\/dekkbi.com\/index.php?rest_route=%2Fwp%2Fv2%2Ftags&post=55316"}],"curies":[{"name":"wp","href":"https:\/\/api.w.org\/{rel}","templated":true}]}}