{"id":55314,"date":"2025-04-22T10:01:45","date_gmt":"2025-04-22T10:01:45","guid":{"rendered":"https:\/\/dekkbi.com\/?p=55314"},"modified":"2025-04-22T10:01:46","modified_gmt":"2025-04-22T10:01:46","slug":"le-senegal-faisait-lobjet-de-beaucoup-dattention-chez-le-pape-francois","status":"publish","type":"post","link":"https:\/\/dekkbi.com\/?p=55314","title":{"rendered":"Le S\u00e9n\u00e9gal faisait l\u2019objet de beaucoup d\u2019attention chez le pape Fran\u00e7ois"},"content":{"rendered":"\n<p>Dakar, (APS) \u2013 Le pape Fran\u00e7ois, d\u00e9c\u00e9d\u00e9 lundi 21 avril \u00e0 l\u2019\u00e2ge de 88 ans, malgr\u00e9 l\u2019invitation faite \u00e0 lui par Macky Sall de visiter le S\u00e9n\u00e9gal, n\u2019aura pas foul\u00e9 le sol s\u00e9n\u00e9galais, au contraire de Jean-Paul II (1920-2005), h\u00f4te de marque du pays en f\u00e9vrier 1992.<\/p>\n\n\n\n<p>Le S\u00e9n\u00e9gal se contentera, donc, d\u2019un survol de son territoire par le guide de l\u2019\u00c9glise catholique romaine en 2018. \u2018\u2019Sa Saintet\u00e9 le pape Fran\u00e7ois a adress\u00e9 un message au pr\u00e9sident de la R\u00e9publique, Macky Sall, et aux S\u00e9n\u00e9galais, lors de son survol de notre espace a\u00e9rien \u00e0 bord de son avion AZA4000\u2019\u2019, avait \u00e9crit la pr\u00e9sidence du S\u00e9n\u00e9gal sur son compte Twitter, le r\u00e9seau social devenu X depuis 2023.<\/p>\n\n\n\n<p>Le souverain pontife \u00e9tait tout de m\u00eame pr\u00e9venant avec le S\u00e9n\u00e9gal, dont il avait re\u00e7u en audience le pr\u00e9sident, Macky Sall. La sanctuarisation du dialogue interreligieux, entre les fid\u00e8les du christianisme et ceux de l\u2019islam notamment, dans ce pays majoritairement musulman, y est pour quelque chose.<\/p>\n\n\n\n<p><strong>\u2014 Les condol\u00e9ances du pape Fran\u00e7ois apr\u00e8s l\u2019accident de Sikilo \u2014&nbsp;<\/strong><\/p>\n\n\n\n<p>L\u2019\u00e9v\u00eaque de Rome, tr\u00e8s sensible aux victimes des conflits et des catastrophes, avait \u00e9t\u00e9 \u00e9mu par le tragique accident de la route survenu en janvier 2023 \u00e0 Sikilo, dans la r\u00e9gion de Kaffrine (centre). Une quarantaine de personnes ont p\u00e9ri dans cette collision de bus de transport interurbain.<\/p>\n\n\n\n<p>Le pape avait dit s\u2019associer \u2018\u2019au deuil des familles et de la nation tout enti\u00e8re\u2019\u2019.&nbsp;Le guide argentin de la communaut\u00e9 catholique a tenu aussi \u00e0 \u2018\u2019manifester aux personnes bless\u00e9es sa proximit\u00e9 et sa sollicitude\u2019\u2019, selon un message de condol\u00e9ances adress\u00e9 au gouvernement du S\u00e9n\u00e9gal via un t\u00e9l\u00e9gramme du cardinal Pietro Parolin, le secr\u00e9taire d\u2019\u00c9tat du Saint-Si\u00e8ge.<\/p>\n\n\n\n<p><strong>\u2014 Un message de paix lors des violences politiques au S\u00e9n\u00e9gal entre 2021 et 2024 \u2014&nbsp;<\/strong><\/p>\n\n\n\n<p>Paladin de la paix dans le monde, le Saint-P\u00e8re s\u2019est pr\u00e9occup\u00e9 des violentes manifestations survenues au S\u00e9n\u00e9gal entre 2021 et 2024. En juin 2022, Fran\u00e7ois avait invit\u00e9 les S\u00e9n\u00e9galais \u00e0 la construction d\u2019un climat de concorde pour leur pays.<\/p>\n\n\n\n<p>\u2018\u2019Aujourd\u2019hui, face aux difficult\u00e9s que traversent de nombreux m\u00e9nages, en particulier \u00e0 cause de la crise \u00e9conomique g\u00e9n\u00e9r\u00e9e par la pand\u00e9mie et renforc\u00e9e par les conflits, le Saint-P\u00e8re demande \u00e0 la Vierge de venir au secours de ses enfants [\u2026]. Il invite [\u2026] les filles et fils s\u00e9n\u00e9galais \u00e0 \u0153uvrer dans la solidarit\u00e9, pour la construction d\u2019un climat de concorde dans le pays\u2019\u2019, avait-il \u00e9crit dans un message livr\u00e9 aux S\u00e9n\u00e9galais par le nonce apostolique, l\u2019ambassadeur du Vatican au S\u00e9n\u00e9gal, lors de la messe de la 134<sup>e&nbsp;<\/sup>\u00e9dition du p\u00e8lerinage marial de Popenguine (ouest), le 6 juin 2022.<\/p>\n\n\n\n<p><strong>\u2014 Quand Fran\u00e7ois priait pour le succ\u00e8s des&nbsp;<\/strong>Jeux olympiques de la jeunesse<strong>&nbsp;2026 pr\u00e9vus \u00e0 Dakar \u2014&nbsp;<\/strong><\/p>\n\n\n\n<p>Sa Saintet\u00e9 avait aussi d\u00e9roul\u00e9 le tapis rouge, en septembre 2023, \u00e0 Mamadou Diagna Ndiaye, le pr\u00e9sident du Comit\u00e9 national olympique et sportif s\u00e9n\u00e9galais, \u00e9galement membre du Comit\u00e9 international olympique.<\/p>\n\n\n\n<p>Le pape Fran\u00e7ois \u2018\u2019a pri\u00e9 pour le succ\u00e8s des Jeux olympiques de la jeunesse Dakar 2026, qu\u2019il consid\u00e8re comme tr\u00e8s importants pour la jeunesse africaine et la jeunesse du monde\u2019\u2019.<\/p>\n\n\n\n<p>Il avait aussi \u2018\u2019f\u00e9licit\u00e9 le S\u00e9n\u00e9gal pour sa victoire\u2019\u2019 historique \u00e0 la Coupe d\u2019Afrique des nations 2021, qu\u2019il a suivie \u2018\u2019avec int\u00e9r\u00eat\u2019\u2019, avait dit Mamadou Diagna Ndiaye apr\u00e8s avoir rencontr\u00e9 le guide religieux au Vatican.<\/p>\n\n\n\n<p>HK\/ESF<\/p>\n","protected":false},"excerpt":{"rendered":"<p>Dakar, (APS) \u2013 Le pape Fran\u00e7ois, d\u00e9c\u00e9d\u00e9 lundi 21 avril \u00e0 l\u2019\u00e2ge de 88 ans, malgr\u00e9 l\u2019invitation faite \u00e0 lui<\/p>\n","protected":false},"author":1,"featured_media":11231,"comment_status":"open","ping_status":"open","sticky":false,"template":"","format":"standard","meta":{"footnotes":""},"categories":[21],"tags":[],"class_list":["post-55314","post","type-post","status-publish","format-standard","has-post-thumbnail","hentry","category-societe"],"_links":{"self":[{"href":"https:\/\/dekkbi.com\/index.php?rest_route=\/wp\/v2\/posts\/55314","targetHints":{"allow":["GET"]}}],"collection":[{"href":"https:\/\/dekkbi.com\/index.php?rest_route=\/wp\/v2\/posts"}],"about":[{"href":"https:\/\/dekkbi.com\/index.php?rest_route=\/wp\/v2\/types\/post"}],"author":[{"embeddable":true,"href":"https:\/\/dekkbi.com\/index.php?rest_route=\/wp\/v2\/users\/1"}],"replies":[{"embeddable":true,"href":"https:\/\/dekkbi.com\/index.php?rest_route=%2Fwp%2Fv2%2Fcomments&post=55314"}],"version-history":[{"count":1,"href":"https:\/\/dekkbi.com\/index.php?rest_route=\/wp\/v2\/posts\/55314\/revisions"}],"predecessor-version":[{"id":55315,"href":"https:\/\/dekkbi.com\/index.php?rest_route=\/wp\/v2\/posts\/55314\/revisions\/55315"}],"wp:featuredmedia":[{"embeddable":true,"href":"https:\/\/dekkbi.com\/index.php?rest_route=\/wp\/v2\/media\/11231"}],"wp:attachment":[{"href":"https:\/\/dekkbi.com\/index.php?rest_route=%2Fwp%2Fv2%2Fmedia&parent=55314"}],"wp:term":[{"taxonomy":"category","embeddable":true,"href":"https:\/\/dekkbi.com\/index.php?rest_route=%2Fwp%2Fv2%2Fcategories&post=55314"},{"taxonomy":"post_tag","embeddable":true,"href":"https:\/\/dekkbi.com\/index.php?rest_route=%2Fwp%2Fv2%2Ftags&post=55314"}],"curies":[{"name":"wp","href":"https:\/\/api.w.org\/{rel}","templated":true}]}}