{"id":55309,"date":"2025-04-18T15:34:38","date_gmt":"2025-04-18T15:34:38","guid":{"rendered":"https:\/\/dekkbi.com\/?p=55309"},"modified":"2025-04-18T16:51:51","modified_gmt":"2025-04-18T16:51:51","slug":"cooperation-bilaterale-bassirou-diomaye-faye-adresse-une-lettre-au-prince-heritier-darabie-saoudite","status":"publish","type":"post","link":"https:\/\/dekkbi.com\/?p=55309","title":{"rendered":"Coop\u00e9ration bilat\u00e9rale: Bassirou Diomaye Faye adresse une lettre au prince h\u00e9ritier d\u2019Arabie Saoudite"},"content":{"rendered":"\n<p>Le pr\u00e9sident s\u00e9n\u00e9galais Bassirou Diomaye Faye a adress\u00e9 au prince h\u00e9ritier d\u2019Arabie Saoudite, Mohammed bin Salman bin Abdulaziz Al Saud, une lettre portant sur les relations bilat\u00e9rales, a-t-on appris de l\u2019Agence saoudienne de presse (SPA).<\/p>\n\n\n\n<p>La lettre a \u00e9t\u00e9 remise jeudi au vice-ministre saoudien des Affaires \u00e9trang\u00e8res, Waleed ElKhereiji, par l\u2019ambassadeur du S\u00e9n\u00e9gal en Arabie Saoudite, Biram Mbagnick Diagne, a indiqu\u00e9 l\u2019agence officielle d\u2019information du Royaume saoudien.<\/p>\n\n\n\n<p>Le vice ministre saoudien des Affaires \u00e9trang\u00e8res et l\u2019ambassadeur s\u00e9n\u00e9galais ont pass\u00e9 en revue les relations bilat\u00e9rales et les moyens de les renforcer dans divers domaines, a soulign\u00e9 la m\u00eame source.<\/p>\n\n\n\n<p>Elle assure qu\u2019ils ont \u00e9galement discut\u00e9 de questions d\u2019int\u00e9r\u00eat commun.<\/p>\n\n\n\n<p><strong>APS<\/strong><\/p>\n","protected":false},"excerpt":{"rendered":"<p>Le pr\u00e9sident s\u00e9n\u00e9galais Bassirou Diomaye Faye a adress\u00e9 au prince h\u00e9ritier d\u2019Arabie Saoudite, Mohammed bin Salman bin Abdulaziz Al Saud,<\/p>\n","protected":false},"author":1,"featured_media":55310,"comment_status":"open","ping_status":"open","sticky":false,"template":"","format":"standard","meta":{"footnotes":""},"categories":[6],"tags":[],"class_list":["post-55309","post","type-post","status-publish","format-standard","has-post-thumbnail","hentry","category-politics"],"_links":{"self":[{"href":"https:\/\/dekkbi.com\/index.php?rest_route=\/wp\/v2\/posts\/55309","targetHints":{"allow":["GET"]}}],"collection":[{"href":"https:\/\/dekkbi.com\/index.php?rest_route=\/wp\/v2\/posts"}],"about":[{"href":"https:\/\/dekkbi.com\/index.php?rest_route=\/wp\/v2\/types\/post"}],"author":[{"embeddable":true,"href":"https:\/\/dekkbi.com\/index.php?rest_route=\/wp\/v2\/users\/1"}],"replies":[{"embeddable":true,"href":"https:\/\/dekkbi.com\/index.php?rest_route=%2Fwp%2Fv2%2Fcomments&post=55309"}],"version-history":[{"count":2,"href":"https:\/\/dekkbi.com\/index.php?rest_route=\/wp\/v2\/posts\/55309\/revisions"}],"predecessor-version":[{"id":55313,"href":"https:\/\/dekkbi.com\/index.php?rest_route=\/wp\/v2\/posts\/55309\/revisions\/55313"}],"wp:featuredmedia":[{"embeddable":true,"href":"https:\/\/dekkbi.com\/index.php?rest_route=\/wp\/v2\/media\/55310"}],"wp:attachment":[{"href":"https:\/\/dekkbi.com\/index.php?rest_route=%2Fwp%2Fv2%2Fmedia&parent=55309"}],"wp:term":[{"taxonomy":"category","embeddable":true,"href":"https:\/\/dekkbi.com\/index.php?rest_route=%2Fwp%2Fv2%2Fcategories&post=55309"},{"taxonomy":"post_tag","embeddable":true,"href":"https:\/\/dekkbi.com\/index.php?rest_route=%2Fwp%2Fv2%2Ftags&post=55309"}],"curies":[{"name":"wp","href":"https:\/\/api.w.org\/{rel}","templated":true}]}}