{"id":55300,"date":"2025-04-18T10:49:36","date_gmt":"2025-04-18T10:49:36","guid":{"rendered":"https:\/\/dekkbi.com\/?p=55300"},"modified":"2025-04-18T10:49:49","modified_gmt":"2025-04-18T10:49:49","slug":"sonko-restaure-lautorite-de-letat","status":"publish","type":"post","link":"https:\/\/dekkbi.com\/?p=55300","title":{"rendered":"Sonko restaure l\u2019autorit\u00e9 de l\u2019\u00c9tat"},"content":{"rendered":"\n<p>Ayant pris la pleine mesure de la r\u00e9alit\u00e9, Ousmane SONKO a, tout simplement, remis les pendules \u00e0 l\u2019heure. \u00c0 travers un discours, une fois encore, m\u00e9thodique et p\u00e9dagogique, le Chef du Gouvernement a saisi l\u2019occasion pour rappeler la quintessence de l\u2019Autorit\u00e9 r\u00e9publicaine. Cela est d\u2019autant plus remarquable que tout le monde sait qu\u2019une Autorit\u00e9 faible entra\u00eene indubitablement un laisser-aller et, par cons\u00e9quent, ouvre la voie \u00e0 toutes les d\u00e9rives. Partant, les populations ont besoin d\u2019un \u00c9tat fort pour maintenir les \u00e9quilibres sociaux, garantir l\u2019unit\u00e9 nationale, cr\u00e9er un environnement propice \u00e0 l\u2019investissement et d\u00e9velopper le pays. De ce fait, l\u2019intervention du Premier Ministre, qui conduit la politique d\u00e9finie par Son Excellence Bassirou Diomaye Diakhar FAYE, rappelle le sentiment fort que le G\u00e9n\u00e9ral De Gaulle aimait partager :&nbsp;\u00ab&nbsp;il est n\u00e9cessaire que l&rsquo;\u00c9tat ait une t\u00eate, c&rsquo;est-\u00e0-dire un Chef, en qui la Nation puisse voir, au-dessus des fluctuations, l&rsquo;homme en charge de l&rsquo;essentiel et le garant de ses destin\u00e9es&nbsp;\u00bb.<\/p>\n\n\n\n<p>En clair, Ousmane SONKO a pris ses responsabilit\u00e9s et, d\u00e9sormais, il va les assumer, nolens volens. Sous ce rapport, l\u2019on peut affirmer que rien ne sera plus comme avant et que tout sera fait pour imposer le respect du Pouvoir \u00e0 toutes et \u00e0 tous, condition sine qua non de la paix et de la stabilit\u00e9. Entendons-nous bien, cela n\u2019affectera en rien les libert\u00e9s individuelles et collectives auxquelles l\u2019\u00c9tat attache un prix. Il est permis \u00e0 chacun et \u00e0 chacune d\u2019exercer ses droits conform\u00e9ment \u00e0 la Loi fondamentale. Par contre, il ne peut \u00eatre attribu\u00e9 des licences de sabotage et de d\u00e9stabilisation. Non plus, l\u2019on ne peut continuer \u00e0 souffrir du fait de quelques saltimbanques qui, \u00e0 longueur de journ\u00e9e, agressent les vertus publiques. \u00c0 ce titre, qu\u2019il nous soit permis d\u2019exprimer toute notre fiert\u00e9 de voir la d\u00e9mocratie s\u00e9n\u00e9galaise respirer au sein de l\u2019Assembl\u00e9e nationale.<\/p>\n\n\n\n<p>En effet, plus d\u2019un citoyen se r\u00e9jouit de la qualit\u00e9 des questions de nos honorables D\u00e9put\u00e9s mais \u00e9galement des r\u00e9ponses nettes, pr\u00e9cises et argument\u00e9es de Son Excellence Monsieur Ousmane SONKO. C\u2019est dire que l\u2019absence des d\u00e9faillants, qui ont trahi le peuple \u00e0 travers une attitude pu\u00e9rile et anachronique, n\u2019aura finalement pas impact\u00e9 le cours normal des d\u00e9bats. Partant, l\u2019on se demande s\u2019ils ont conscience de la lourde d\u00e9faite qu\u2019ils viennent d\u2019essuyer devant l\u2019histoire. En prenant la poudre d\u2019escampette, ils ont, ipso facto, vendang\u00e9 le peu de cr\u00e9dit qui leur restait et perdu toute l\u00e9gitimit\u00e9 aux yeux des \u00e9lecteurs qui les ont mandat\u00e9s. Bref, personne ne regrette leur d\u00e9fection. Tant mieux, serait-on tent\u00e9 d\u2019ajouter car cela nous a \u00e9pargn\u00e9 des bavardages et autres \u00e9lucubrations. En tout cas, si les fuyards s\u2019attendent \u00e0 une compassion ou \u00e0 une mobilisation pour leur retour, c\u2019est peine perdue, ils peuvent poursuivre leur exil parlementaire ad vitam aeternam car Ousmane SONKO continuera de venir \u00e0 l\u2019Assembl\u00e9e nationale, au moins une fois par mois, comme le stipule le R\u00e8glement int\u00e9rieur de l\u2019Institution. Quoi qu\u2019il en soit, personne ne versera des larmes pour des irr\u00e9guliers politiques, adeptes de l\u2019\u00e9cole buissonni\u00e8re. Grosso modo, il ressort des r\u00e9ponses du Premier Ministre une constante, \u00e0 savoir, l\u2019engagement du Gouvernement \u00e0 respecter et \u00e0 faire respecter les Lois et R\u00e8glements du pays. Alors, termin\u00e9 le bric-\u00e0-brac qui n\u2019a que trop dur\u00e9.<\/p>\n\n\n\n<p><em><strong>(Par Mohamed GASSAMA)<\/strong><\/em><\/p>\n\n\n\n<p>SOURCE ENQUETEPLUS<\/p>\n","protected":false},"excerpt":{"rendered":"<p>Ayant pris la pleine mesure de la r\u00e9alit\u00e9, Ousmane SONKO a, tout simplement, remis les pendules \u00e0 l\u2019heure. \u00c0 travers<\/p>\n","protected":false},"author":1,"featured_media":43645,"comment_status":"open","ping_status":"open","sticky":false,"template":"","format":"standard","meta":{"footnotes":""},"categories":[6],"tags":[],"class_list":["post-55300","post","type-post","status-publish","format-standard","has-post-thumbnail","hentry","category-politics"],"_links":{"self":[{"href":"https:\/\/dekkbi.com\/index.php?rest_route=\/wp\/v2\/posts\/55300","targetHints":{"allow":["GET"]}}],"collection":[{"href":"https:\/\/dekkbi.com\/index.php?rest_route=\/wp\/v2\/posts"}],"about":[{"href":"https:\/\/dekkbi.com\/index.php?rest_route=\/wp\/v2\/types\/post"}],"author":[{"embeddable":true,"href":"https:\/\/dekkbi.com\/index.php?rest_route=\/wp\/v2\/users\/1"}],"replies":[{"embeddable":true,"href":"https:\/\/dekkbi.com\/index.php?rest_route=%2Fwp%2Fv2%2Fcomments&post=55300"}],"version-history":[{"count":1,"href":"https:\/\/dekkbi.com\/index.php?rest_route=\/wp\/v2\/posts\/55300\/revisions"}],"predecessor-version":[{"id":55301,"href":"https:\/\/dekkbi.com\/index.php?rest_route=\/wp\/v2\/posts\/55300\/revisions\/55301"}],"wp:featuredmedia":[{"embeddable":true,"href":"https:\/\/dekkbi.com\/index.php?rest_route=\/wp\/v2\/media\/43645"}],"wp:attachment":[{"href":"https:\/\/dekkbi.com\/index.php?rest_route=%2Fwp%2Fv2%2Fmedia&parent=55300"}],"wp:term":[{"taxonomy":"category","embeddable":true,"href":"https:\/\/dekkbi.com\/index.php?rest_route=%2Fwp%2Fv2%2Fcategories&post=55300"},{"taxonomy":"post_tag","embeddable":true,"href":"https:\/\/dekkbi.com\/index.php?rest_route=%2Fwp%2Fv2%2Ftags&post=55300"}],"curies":[{"name":"wp","href":"https:\/\/api.w.org\/{rel}","templated":true}]}}