{"id":55289,"date":"2025-04-18T10:42:57","date_gmt":"2025-04-18T10:42:57","guid":{"rendered":"https:\/\/dekkbi.com\/?p=55289"},"modified":"2025-04-18T10:42:57","modified_gmt":"2025-04-18T10:42:57","slug":"affaire-fonds-covid-19-gris-bordeaux-et-saer-seck-se-dedouanent-et-accusent-lancien-dage-du-ministere-des-sports","status":"publish","type":"post","link":"https:\/\/dekkbi.com\/?p=55289","title":{"rendered":"Affaire Fonds Covid-19 : Gris Bordeaux et Saer Seck se d\u00e9douanent et accusent l\u2019ancien Dage du minist\u00e8re des sports"},"content":{"rendered":"\n<p><a href=\"https:\/\/www.facebook.com\/sharer.php?u=https%3A%2F%2Fwiwsport.com%2F2025%2F04%2F17%2Faffaire-fonds-covid-19-gris-bordeaux-et-saer-seck-se-dedouanent-et-accusent-lancien-dage-du-ministere-des-sports%2F\"><\/a><a href=\"https:\/\/twitter.com\/intent\/tweet?text=Affaire%20Fonds%20Covid-19%20%3A%20Gris%20Bordeaux%20et%20Saer%20Seck%20se%20d%C3%A9douanent%20et%20accusent%20l%E2%80%99ancien%20Dage%20du%20minist%C3%A8re%20des%20sports%20via%20%40wiwsport&amp;url=https%3A%2F%2Fwiwsport.com%2F2025%2F04%2F17%2Faffaire-fonds-covid-19-gris-bordeaux-et-saer-seck-se-dedouanent-et-accusent-lancien-dage-du-ministere-des-sports%2F\"><\/a><a href=\"https:\/\/api.whatsapp.com\/send?text=Affaire%20Fonds%20Covid-19%20%3A%20Gris%20Bordeaux%20et%20Saer%20Seck%20se%20d%C3%A9douanent%20et%20accusent%20l%E2%80%99ancien%20Dage%20du%20minist%C3%A8re%20des%20sports%0Ahttps%3A%2F%2Fwiwsport.com%2F2025%2F04%2F17%2Faffaire-fonds-covid-19-gris-bordeaux-et-saer-seck-se-dedouanent-et-accusent-lancien-dage-du-ministere-des-sports%2F\"><\/a><a href=\"https:\/\/wiwsport.com\/2025\/04\/17\/affaire-fonds-covid-19-gris-bordeaux-et-saer-seck-se-dedouanent-et-accusent-lancien-dage-du-ministere-des-sports\/#\"><\/a>Auditionn\u00e9s dans le dossier de la gestion des Fonds Covid 19, Gris Bordeaux et Saer Seck se sont lav\u00e9s \u00e0 grande eau accusant l\u2019ancien Directeur de l\u2019Administration g\u00e9n\u00e9rale et de l\u2019\u00c9quipement (DAGE) du minist\u00e8re des sports d\u2019avoir falsifi\u00e9 leur signature.<\/p>\n\n\n\n<p>L\u2019affaire Fonds Force Covid suit son cours. Et comme dans tous les secteurs, le sport est aussi concern\u00e9 par cette affaire qui fait la Une des journaux depuis quelques jours.<\/p>\n\n\n\n<p>Pr\u00e9sident de l\u2019association des lutteurs en activit\u00e9, le lutteur Ibrahima Dione dit Gris Bordeaux a \u00e9t\u00e9 auditionn\u00e9 concernant le montant exact qu\u2019il aurait re\u00e7u de la part de l\u2019ex Dage du minist\u00e8re des sports Mamadou Ngom Niang. Devant les enqu\u00eateurs, le troisi\u00e8me tigre de Fass a r\u00e9v\u00e9l\u00e9 avoir re\u00e7u la somme de 10 millions FCFA contre une d\u00e9charge et non 15 millions de FCFA comme le pr\u00e9tend le sieur Ngom Niang.<\/p>\n\n\n\n<p>Ainsi selon Lib\u00e9ration qui a vendu la m\u00e8che, Gris Bordeaux aurait confi\u00e9 que sa signature a \u00e9t\u00e9 falsifi\u00e9 avant de pr\u00e9ciser que le num\u00e9ro d\u2019identification sur la d\u00e9charge qui sert de justificatif pour l\u2019ex Dage, n\u2019est pas le sien.<\/p>\n\n\n\n<p><strong>Saer Seck affirme n\u2019avoir pas sign\u00e9 une d\u00e9charge\u2026<\/strong><\/p>\n\n\n\n<p>L\u2019ancien Pr\u00e9sident de la Ligue s\u00e9n\u00e9galaise de football professionnel (Lsfp) Saer Seck \u00e9tait aussi de passage \u00e0 la DIC pour audition sur les fonds re\u00e7us de la part du minist\u00e8re des sports. Monsieur Seck a r\u00e9v\u00e9l\u00e9 avoir re\u00e7u en esp\u00e8ce la somme de 100 millions FCFA des mains du Mamadou Ngom Niang pr\u00e9cisant que la somme a \u00e9t\u00e9 d\u00e9pos\u00e9 dans le compte bancaire de la Lsfp. Ce qu\u2019il a justifi\u00e9 en pr\u00e9sentant aux enqu\u00eateurs un extrait de r\u00e9v\u00e9l\u00e9 bancaire.<\/p>\n\n\n\n<p>Toutefois, le fondateur de l\u2019acad\u00e9mie Diambars &nbsp;a soulign\u00e9 qu\u2019aucune d\u00e9charge n\u2019a \u00e9t\u00e9 produite lorsqu\u2019on lui a remis ladite somme. C\u2019est pourquoi il conteste la signature appos\u00e9e sur la d\u00e9charge que l\u2019ancien Dage a transmis \u00e0 la Cour des comptes.<\/p>\n\n\n\n<p>Wiwsport.com<\/p>\n","protected":false},"excerpt":{"rendered":"<p>Auditionn\u00e9s dans le dossier de la gestion des Fonds Covid 19, Gris Bordeaux et Saer Seck se sont lav\u00e9s \u00e0<\/p>\n","protected":false},"author":1,"featured_media":14053,"comment_status":"open","ping_status":"open","sticky":false,"template":"","format":"standard","meta":{"footnotes":""},"categories":[9],"tags":[],"class_list":["post-55289","post","type-post","status-publish","format-standard","has-post-thumbnail","hentry","category-sports"],"_links":{"self":[{"href":"https:\/\/dekkbi.com\/index.php?rest_route=\/wp\/v2\/posts\/55289","targetHints":{"allow":["GET"]}}],"collection":[{"href":"https:\/\/dekkbi.com\/index.php?rest_route=\/wp\/v2\/posts"}],"about":[{"href":"https:\/\/dekkbi.com\/index.php?rest_route=\/wp\/v2\/types\/post"}],"author":[{"embeddable":true,"href":"https:\/\/dekkbi.com\/index.php?rest_route=\/wp\/v2\/users\/1"}],"replies":[{"embeddable":true,"href":"https:\/\/dekkbi.com\/index.php?rest_route=%2Fwp%2Fv2%2Fcomments&post=55289"}],"version-history":[{"count":1,"href":"https:\/\/dekkbi.com\/index.php?rest_route=\/wp\/v2\/posts\/55289\/revisions"}],"predecessor-version":[{"id":55290,"href":"https:\/\/dekkbi.com\/index.php?rest_route=\/wp\/v2\/posts\/55289\/revisions\/55290"}],"wp:featuredmedia":[{"embeddable":true,"href":"https:\/\/dekkbi.com\/index.php?rest_route=\/wp\/v2\/media\/14053"}],"wp:attachment":[{"href":"https:\/\/dekkbi.com\/index.php?rest_route=%2Fwp%2Fv2%2Fmedia&parent=55289"}],"wp:term":[{"taxonomy":"category","embeddable":true,"href":"https:\/\/dekkbi.com\/index.php?rest_route=%2Fwp%2Fv2%2Fcategories&post=55289"},{"taxonomy":"post_tag","embeddable":true,"href":"https:\/\/dekkbi.com\/index.php?rest_route=%2Fwp%2Fv2%2Ftags&post=55289"}],"curies":[{"name":"wp","href":"https:\/\/api.w.org\/{rel}","templated":true}]}}