{"id":55276,"date":"2025-04-18T10:24:13","date_gmt":"2025-04-18T10:24:13","guid":{"rendered":"https:\/\/dekkbi.com\/?p=55276"},"modified":"2025-04-18T10:24:34","modified_gmt":"2025-04-18T10:24:34","slug":"rufisque-apres-le-depart-des-militaires-francais-un-poumon-vert-a-preserver-par-boubacar-kambel-dieng","status":"publish","type":"post","link":"https:\/\/dekkbi.com\/?p=55276","title":{"rendered":"Rufisque: apr\u00e8s le d\u00e9part des militaires fran\u00e7ais, un poumon vert \u00e0 pr\u00e9server"},"content":{"rendered":"\n<p>Lors que les \u00c9l\u00e9ments Fran\u00e7ais au S\u00e9n\u00e9gal s\u2019appr\u00eatent \u00e0 quitter d\u00e9finitivement le camp de la marine fran\u00e7aise, situ\u00e9 \u00e0 la lisi\u00e8re de Rufisque, se pose une question cruciale : que faire de cet espace verdoyant devenu un v\u00e9ritable \u00e9cosyst\u00e8me ? L\u2019occasion est historique de transformer ce site en un parc naturel urbain, au b\u00e9n\u00e9fice des populations et de l\u2019environnement.<\/p>\n\n\n\n<p>D\u2019ici septembre, les \u00c9l\u00e9ments Fran\u00e7ais au S\u00e9n\u00e9gal (EFS) quitteront d\u00e9finitivement notre pays, apr\u00e8s plusieurs d\u00e9cennies de pr\u00e9sence \u00e0 Dakar.<\/p>\n\n\n\n<p>Parmi les sites concern\u00e9s figure le camp de la marine fran\u00e7aise, situ\u00e9 entre Kounoune, Jaxaay, Keur Massar et Almadies 2, \u00e0 la lisi\u00e8re de Rufisque.<\/p>\n\n\n\n<p>Cet espace d\u2019environ un kilom\u00e8tre carr\u00e9 repr\u00e9sente une r\u00e9elle opportunit\u00e9 pour repenser l\u2019am\u00e9nagement urbain dans une logique durable.<\/p>\n\n\n\n<p>Il ne faudrait surtout pas c\u00e9der \u00e0 la facilit\u00e9 en morcelant ce terrain pour y construire des logements ou des infrastructures publiques.<\/p>\n\n\n\n<p>Les besoins existent, certes, mais ils ne doivent pas primer sur la n\u00e9cessit\u00e9 de pr\u00e9server la nature et d\u2019assurer le bien-\u00eatre des g\u00e9n\u00e9rations futures.<\/p>\n\n\n\n<p>Ce site, riche en arbres et en verdure, joue d\u00e9j\u00e0 un r\u00f4le important dans l\u2019\u00e9quilibre environnemental. Il est aussi pr\u00e9cieux pour les populations voisines.<\/p>\n\n\n\n<p>Il y a deux ans, de grands bassins de r\u00e9tention ont \u00e9t\u00e9 construits \u00e0 l\u2019int\u00e9rieur du camp pour recueillir les eaux de pluie. Ces ouvrages ont permis de soulager les quartiers environnants, r\u00e9guli\u00e8rement touch\u00e9s par les inondations.<\/p>\n\n\n\n<p>Depuis, le lieu a commenc\u00e9 \u00e0 se transformer en un v\u00e9ritable \u00e9cosyst\u00e8me : les oiseaux reviennent, la v\u00e9g\u00e9tation s\u2019installe naturellement, et certains agriculteurs pr\u00e9sents sur le site militaire utilisent l\u2019eau pour arroser leurs cultures.<\/p>\n\n\n\n<p>Ce potentiel exceptionnel m\u00e9rite d\u2019\u00eatre prot\u00e9g\u00e9.<\/p>\n\n\n\n<p>Plut\u00f4t que de construire, l\u2019\u00c9tat et les collectivit\u00e9s locales gagneraient \u00e0 faire de ce site un projet \u00e9cologique pilote : un grand parc naturel urbain, un v\u00e9ritable poumon vert pour toute la zone.<\/p>\n\n\n\n<p>On pourrait y am\u00e9nager de nouveaux bassins de grande capacit\u00e9, des sentiers \u00e9cologiques, des espaces bois\u00e9s, et m\u00eame un centre \u00e9ducatif pour sensibiliser \u00e0 la protection de l\u2019environnement.<\/p>\n\n\n\n<p>Dans un monde de plus en plus urbanis\u00e9 et confront\u00e9 aux effets du changement climatique, pr\u00e9server cet espace vert serait un acte de vision et de sagesse.<\/p>\n\n\n\n<p><strong>Par Boubacar Kambel Dieng<\/strong>&nbsp;<\/p>\n","protected":false},"excerpt":{"rendered":"<p>Lors que les \u00c9l\u00e9ments Fran\u00e7ais au S\u00e9n\u00e9gal s\u2019appr\u00eatent \u00e0 quitter d\u00e9finitivement le camp de la marine fran\u00e7aise, situ\u00e9 \u00e0 la<\/p>\n","protected":false},"author":1,"featured_media":55277,"comment_status":"open","ping_status":"open","sticky":false,"template":"","format":"standard","meta":{"footnotes":""},"categories":[26],"tags":[],"class_list":["post-55276","post","type-post","status-publish","format-standard","has-post-thumbnail","hentry","category-fait-divers"],"_links":{"self":[{"href":"https:\/\/dekkbi.com\/index.php?rest_route=\/wp\/v2\/posts\/55276","targetHints":{"allow":["GET"]}}],"collection":[{"href":"https:\/\/dekkbi.com\/index.php?rest_route=\/wp\/v2\/posts"}],"about":[{"href":"https:\/\/dekkbi.com\/index.php?rest_route=\/wp\/v2\/types\/post"}],"author":[{"embeddable":true,"href":"https:\/\/dekkbi.com\/index.php?rest_route=\/wp\/v2\/users\/1"}],"replies":[{"embeddable":true,"href":"https:\/\/dekkbi.com\/index.php?rest_route=%2Fwp%2Fv2%2Fcomments&post=55276"}],"version-history":[{"count":2,"href":"https:\/\/dekkbi.com\/index.php?rest_route=\/wp\/v2\/posts\/55276\/revisions"}],"predecessor-version":[{"id":55279,"href":"https:\/\/dekkbi.com\/index.php?rest_route=\/wp\/v2\/posts\/55276\/revisions\/55279"}],"wp:featuredmedia":[{"embeddable":true,"href":"https:\/\/dekkbi.com\/index.php?rest_route=\/wp\/v2\/media\/55277"}],"wp:attachment":[{"href":"https:\/\/dekkbi.com\/index.php?rest_route=%2Fwp%2Fv2%2Fmedia&parent=55276"}],"wp:term":[{"taxonomy":"category","embeddable":true,"href":"https:\/\/dekkbi.com\/index.php?rest_route=%2Fwp%2Fv2%2Fcategories&post=55276"},{"taxonomy":"post_tag","embeddable":true,"href":"https:\/\/dekkbi.com\/index.php?rest_route=%2Fwp%2Fv2%2Ftags&post=55276"}],"curies":[{"name":"wp","href":"https:\/\/api.w.org\/{rel}","templated":true}]}}