{"id":5526,"date":"2022-12-30T09:23:23","date_gmt":"2022-12-30T09:23:23","guid":{"rendered":"https:\/\/dekkbi.com\/?p=5526"},"modified":"2022-12-30T09:23:25","modified_gmt":"2022-12-30T09:23:25","slug":"mort-de-pele-trois-jours-de-deuil-national-au-bresil","status":"publish","type":"post","link":"https:\/\/dekkbi.com\/?p=5526","title":{"rendered":"Mort de Pel\u00e9 : trois jours de deuil national au Br\u00e9sil"},"content":{"rendered":"\n<h2 class=\"wp-block-heading\">Le footballeur br\u00e9silien est d\u00e9c\u00e9d\u00e9 jeudi 29 d\u00e9cembre \u00e0 82 ans. De son vivant, Edson Arantes do Nascimento, dit Pel\u00e9, a \u00e9t\u00e9 l\u2019unique vainqueur de trois Coupes du monde. V\u00e9ritable l\u00e9gende de son sport, Pel\u00e9 est celui qui a donn\u00e9 au \u00ab\u00a0futebol\u00a0\u00bb ses heures de gloire et lettres de noblesse.<\/h2>\n\n\n\n<p><a href=\"https:\/\/www.addthis.com\/bookmark.php?v=300\"><\/a><a href=\"https:\/\/www.addthis.com\/bookmark.php?v=300\"><\/a><a href=\"https:\/\/www.addthis.com\/bookmark.php?v=300\" rel=\"noreferrer noopener\" target=\"_blank\"><\/a><a href=\"https:\/\/www.addthis.com\/bookmark.php?v=300\" rel=\"noreferrer noopener\" target=\"_blank\"><\/a><\/p>\n\n\n\n<p><strong>Pel\u00e9 en dates cl\u00e9s&nbsp;<\/strong><\/p>\n\n\n\n<p><strong>&#8211;&nbsp;23 octobre 1940&nbsp; :&nbsp;<\/strong>naissance&nbsp;dans une famille pauvre \u00e0 Tres Cora\u00e7oes, petite ville du Minas Gerais (sud-est) entour\u00e9e de plantations de caf\u00e9.&nbsp;<\/p>\n\n\n\n<p><strong>&#8211; 1950 :&nbsp;<\/strong>date fatidique du \u00ab\u00a0Maracanazo\u00a0\u00bb, la d\u00e9faite du Br\u00e9sil&nbsp;face \u00e0 l&rsquo;Uruguay privant le pays du \u00ab\u00a0futebol\u00a0\u00bb de son premier titre mondial. Pel\u00e9 promet \u00e0 son p\u00e8re qu&rsquo;il remportera ce titre.&nbsp;<\/p>\n\n\n\n<p><strong>&#8211;&nbsp;1958 :<\/strong>&nbsp;\u00c0 17 ans, il \u00e9clabousse&nbsp;la Coupe du monde organis\u00e9e en Su\u00e8de. La Sele\u00e7ao remporte une \u00e9toile. D\u00e9but de la gloire pour le \u00ab\u00a0Roi\u00a0\u00bb.&nbsp;<\/p>\n\n\n\n<p><strong>&#8211; 1970 :<\/strong>&nbsp;tout premier Mondial de football retransmis \u00e0 la t\u00e9l\u00e9vision. Pel\u00e9 devient une star internationale.&nbsp;<\/p>\n\n\n\n<p><strong>&#8211; 1995-1998 :<\/strong>&nbsp;il devient ministre des Sports, une premi\u00e8re pour une personne de couleur au Br\u00e9sil.&nbsp;<br><strong>&#8211;&nbsp;1999 :&nbsp;<\/strong>Elu Athl\u00e8te du si\u00e8cle par le Comit\u00e9 international olympique. Un an plus tard, la Fifa le d\u00e9signe joueur du XXe si\u00e8cle.<\/p>\n\n\n\n<p><strong>&#8211; 2014 :<\/strong>&nbsp;la Fifa lui remet un Ballon d&rsquo;Or d&rsquo;honneur, et le \u00ab\u00a0Roi\u00a0\u00bb \u00e9crase une larme. Jusqu&rsquo;en 1995, la distinction individuelle supr\u00eame remise par le magazine France Football ne concernait que les joueurs europ\u00e9ens.<\/p>\n\n\n\n<p><strong>08h56 TU. Comment la star br\u00e9silienne du football a marqu\u00e9 l&rsquo;Histoire du Nigeria.<\/strong><br><br>De son vivant, Pel\u00e9 a pris part \u00e0 de&nbsp;longues tourn\u00e9es avec son club de Santos tout autour du globe. Il y a eu de&nbsp;nombreux voyages organis\u00e9s par ses sponsors, qui ont permis \u00e0 la star de parcourir le globe, et notamment l&rsquo;Afrique. Trois de ses passages dans les ann\u00e9es 60 et 70 \u00e0 Lagos, alors capitale du Nigeria, ont donn\u00e9 lieu \u00e0 des \u00e9pisodes rocambolesques.&nbsp;<\/p>\n\n\n\n<ul class=\"wp-block-list\">\n<li><strong>(Re) lire :<a href=\"https:\/\/information.tv5monde.com\/afrique\/mort-de-pele-comment-la-star-bresilienne-du-football-marque-l-histoire-du-nigeria-483446\">&nbsp;Mort de Pel\u00e9 : comment la star br\u00e9silienne du football a marqu\u00e9 l&rsquo;Histoire du Nigeria<\/a><\/strong><\/li>\n<\/ul>\n\n\n\n<p><img loading=\"lazy\" decoding=\"async\" src=\"https:\/\/information.tv5monde.com\/sites\/info.tv5monde.com\/files\/styles\/large\/public\/assets\/images\/AP050116024949.jpg?itok=11GnD0XM\" width=\"770\" height=\"567\" alt=\"Pel\u00e9, l\u00e9gende du football, envoie des baisers \u00e0 des supporters install\u00e9s dans les tribunes du stade Bernabeu de Madrid (Espagne). 16 janvier 2005.&amp;lt;br \/&amp;gt;\n&nbsp;\"><\/p>\n\n\n\n<p>Pel\u00e9, l\u00e9gende du football, envoie des baisers \u00e0 des supporters install\u00e9s dans les tribunes du stade Bernabeu de Madrid (Espagne). 16 janvier 2005.<\/p>\n\n\n\n<p>AP\/Jasper Juinen<\/p>\n\n\n\n<p><strong>07h26 TU. R\u00e9actions sur le continent africain suite au d\u00e9c\u00e8s du \u00ab\u00a0Roi\u00a0\u00bb.<\/strong><br><br>Durant sa carri\u00e8re, la star br\u00e9silienne a rencontr\u00e9 \u00e0 plusieurs reprises des \u00e9quipes africaines dans des rencontres amicales. Sa tourn\u00e9e sur le continent en 1967 a marqu\u00e9 les esprits. \u00e9coutons quelques r\u00e9actions recueillies par nos correspondants \u00e0 Abidjan, Bamako et Ouagadougou suite au d\u00e9c\u00e8s du Roi Pel\u00e9, jeudi 29 d\u00e9cembre 2022.<video preload=\"auto\" src=\"https:\/\/vodinfo.tv5monde.com\/upload\/2022\/12\/TV5_Monde_2022-12-30_08h09_46.mp4\"><\/video>Lire la vid\u00e9o<\/p>\n\n\n\n<p><strong>05h00 TU. Semaine de deuil \u00e0 Santos.&nbsp;<\/strong><\/p>\n\n\n\n<p>Devant l&rsquo;h\u00f4pital pauliste o\u00f9 le triple champion du monde est d\u00e9c\u00e9d\u00e9, des fans ont brandi une banderole o\u00f9 l&rsquo;on pouvait lire : \u00ab\u00a0<em>Roi Pel\u00e9 \u00e9ternel<\/em>\u00ab\u00a0. \u00c0 Rio de Janeiro, le Christ R\u00e9dempteur du Corcovado, monument embl\u00e9matique qui domine la baie, a \u00e9t\u00e9 illumin\u00e9 en hommage \u00e0 Pel\u00e9, tout comme le mythique stade Maracana. Santos, ville portuaire \u00e0 80 km de Sao Paulo, a d\u00e9cr\u00e9t\u00e9 un deuil de sept jours.<\/p>\n\n\n\n<p><strong>04h00 TU. Le programme des obs\u00e8ques de Pel\u00e9 au Br\u00e9sil.&nbsp;<\/strong><\/p>\n\n\n\n<p>Pel\u00e9, de son vrai nom Edson Arantes do Nascimento, est mort \u00e0 82 ans des suites \u00ab\u00a0de d\u00e9faillances multiples d&rsquo;organes\u00a0\u00bb, a annonc\u00e9 l&rsquo;h\u00f4pital Albert Einstein de Sao Paulo. La l\u00e9gende du football, atteint d&rsquo;un cancer du colon, avait \u00e9t\u00e9 admis il y a exactement un mois dans cet \u00e9tablissement<\/p>\n\n\n\n<p>Une veill\u00e9e fun\u00e8bre, ouverte au public, aura lieu lundi et durera 24 heures, au stade du Santos FC, club o\u00f9 l&rsquo;\u00e9ternel num\u00e9ro 10 a brill\u00e9 de 1956 \u00e0 1974. Un deuil officiel de trois jours a \u00e9t\u00e9 d\u00e9cr\u00e9t\u00e9 au Br\u00e9sil, o\u00f9 le triple champion du monde auteur de 1.281 buts en 1.363 matches \u00e9tait un v\u00e9ritable monument national.<\/p>\n\n\n\n<p>L&rsquo;enterrement, mardi, se d\u00e9roulera en revanche dans l&rsquo;intimit\u00e9 familiale, apr\u00e8s un cort\u00e8ge suivant le cercueil dans les rues de Santos, ville portuaire \u00e0 80 km de Sao Paulo qui a d\u00e9cr\u00e9t\u00e9 un deuil de sept jours.<\/p>\n\n\n\n<p><strong>03h00 TU. Hommages et d\u00e9clarations des pr\u00e9sidents internationaux.&nbsp;<\/strong><\/p>\n\n\n\n<p>Luiz Inacio Lula da Silva (pr\u00e9sident-\u00e9lu du Br\u00e9sil, qui prendra ses fonctions dimanche, sur Twitter): \u00ab\u00a0<em>Jamais il n&rsquo;y a eu un num\u00e9ro 10 comme lui. Peu de Br\u00e9siliens ont port\u00e9 le nom de notre pays aussi loin que lui.<\/em>\u00ab\u00a0<\/p>\n\n\n\n<p>Macky Sall (pr\u00e9sident du S\u00e9n\u00e9gal, sur Twitter): \u00ab\u00a0<em>Le monde du football vient de perdre son embl\u00e8me et sa plus grande r\u00e9f\u00e9rence. Par sa virtuosit\u00e9, son g\u00e9nie et son humanisme, le Roi Pel\u00e9 a marqu\u00e9 \u00e0 jamais l&rsquo;histoire du football.<\/em>\u201d<\/p>\n\n\n\n<p>Joe Biden (pr\u00e9sident des Etats-Unis, sur Twitter): \u00ab\u00a0<em>Pour un sport qui rapproche les peuples comme aucun autre, le parcours de Pel\u00e9, de ses d\u00e9buts modestes \u00e0 son statut de l\u00e9gende du football, est une histoire de qui est possible.<\/em>\u00ab\u00a0<\/p>\n\n\n\n<p><img loading=\"lazy\" decoding=\"async\" src=\"https:\/\/information.tv5monde.com\/sites\/info.tv5monde.com\/files\/styles\/large_article\/public\/assets\/images\/AP080626020798.jpg?itok=NBReUwFi\" width=\"670\" height=\"606\" alt=\"Le pr\u00e9sident br\u00e9silien Lula et la l\u00e9gende br\u00e9silienne du football, Pel\u00e9, c\u00e9l\u00e8brent les 50 ans de la coupe du monde remport\u00e9 par leur pays en 1958. Brasilia, 26 juin 2008.\"><\/p>\n\n\n\n<p>Le pr\u00e9sident br\u00e9silien Lula et la l\u00e9gende br\u00e9silienne du football, Pel\u00e9, c\u00e9l\u00e8brent les 50 ans de la coupe du monde remport\u00e9 par leur pays en 1958. Brasilia, 26 juin 2008.<\/p>\n\n\n\n<p>AP\/Eraldo Peres<\/p>\n\n\n\n<p><strong>02h00 TU. Star incontest\u00e9e du ballon rond, (m\u00eame en Argentine).<\/strong><\/p>\n\n\n\n<p>En Argentine, pays de Diego Maradona et Lionel Messi, qui postulent eux aussi au titre officieux de meilleur joueur de tous les temps, Clarin voit en Pel\u00e9 \u00ab\u00a0la premi\u00e8re grande star du football\u00a0\u00bb, un \u00ab\u00a0grand parmi les grands\u00a0\u00bb selon Luis Vinker.<\/p>\n\n\n\n<p>\u00ab\u00a0<em>Le ballon pleure: Pel\u00e9 est mort<\/em>\u00ab\u00a0, titre Ol\u00e9. Et le quotidien sportif argentin se montre beau joueur: \u00ab\u00a0<em>Au-del\u00e0 de la rivalit\u00e9 qui existe entre l&rsquo;Argentine et le Br\u00e9sil, personne ne peut douter que Pel\u00e9 \u00e9tait l&rsquo;un des plus grands footballeurs de l&rsquo;histoire, pour beaucoup le meilleur au-del\u00e0 de Diego Maradona et Lionel Messi. Ce qui est certain, c&rsquo;est qu&rsquo;il a marqu\u00e9 une \u00e9poque depuis ses d\u00e9buts adolescent, \u00e0 la fois avec Santos et l&rsquo;\u00e9quipe nationale du Br\u00e9sil<\/em>\u00ab\u00a0.<\/p>\n\n\n\n<p>Toujours en Am\u00e9rique latine, la presse mexicaine privil\u00e9gie l&rsquo;image du<em>&nbsp;\u00ab\u00a0Rei\u00a0\u00bb&nbsp;<\/em>f\u00eatant son 3e titre mondial en 1970, au stade Azteca de Mexico, port\u00e9 par ses co\u00e9quipiers, torse nu et coiff\u00e9 d&rsquo;un sombrero.&nbsp;<em>\u00ab\u00a0Le football est en deuil\u00a0\u00bb<\/em>, titre El Universal.<\/p>\n\n\n\n<p>En Equateur, El Universo de Guayaquil dit&nbsp;<em>\u00ab\u00a0adieu \u00e0 Pel\u00e9, le footballeur surnaturel\u00a0\u00bb.<\/em><\/p>\n\n\n\n<p><em>Non, ce n&rsquo;est pas vrai que Pel\u00e9 est mort. Celui qui est mort, c&rsquo;est Edson<\/em><br><strong>Juca Kfouri, journaliste br\u00e9silien&nbsp;<\/strong><\/p>\n\n\n\n<p><strong>01h30 TU. \u201cSaudade\u201d&nbsp;<\/strong><br>C&rsquo;est aussi ce talent hors du commun que magnifie Vincent Duluc dans L&rsquo;Equipe (22 pages sp\u00e9ciales Pel\u00e9): \u00ab\u00a0<em>Derri\u00e8re la tristesse se cache le bonheur de l&rsquo;avoir vu jouer, de l&rsquo;avoir vu danser, m\u00eame sur des images anciennes, et de l&rsquo;avoir vu donner un autre sens au jeu le plus universel de la plan\u00e8te<\/em>\u00ab\u00a0.&nbsp;<\/p>\n\n\n\n<p>L&rsquo;\u00e9ditorialiste du quotidien sportif fran\u00e7ais ach\u00e8ve sa colonne dans un soupir de&nbsp;<em>\u00ab\u00a0saudade\u00a0\u00bb&nbsp;<\/em>en pensant au N.10 br\u00e9silien et \u00e0 la Coupe du monde 1<em>970, \u00ab\u00a0il \u00e9tait le plus grand, et elle \u00e9tait la plus belle\u00a0\u00bb.<\/em><\/p>\n\n\n\n<p><strong>01h00 TU. Le Br\u00e9sil rend hommage \u00e0 son Roi.<\/strong><\/p>\n\n\n\n<p>Les images du \u00ab\u00a0Roi\u00a0\u00bb et les commentaires tournent en boucle sur les t\u00e9l\u00e9visions de la plan\u00e8te, inondent les r\u00e9seaux sociaux et phagocytent la Une des sites internet des journaux, avant leur parution.\u00a0\u00bb<em>Pel\u00e9 est mort, le footbal perd son roi\u00a0\u00bb<\/em>, titre O Estado de S. Paulo, un homme qui selon la Folha de Sao Paulo&nbsp;<em>\u00ab\u00a0a montr\u00e9 la puissance du sport et a repouss\u00e9 les limites de la c\u00e9l\u00e9brit\u00e9\u00a0\u00bb.<\/em><\/p>\n\n\n\n<p><em>\u00ab\u00a0Deuil<\/em>\u00a0\u00bb pour le&nbsp;<em>\u00ab\u00a0roi immortel du football\u00a0\u00bb<\/em>, titre le quotidien br\u00e9silien O Globo sur son site, avec des images du joueur sous le maillot national, notamment celle, iconique, o\u00f9 tout sourire, il l\u00e8ve le bras droit, port\u00e9 par son co\u00e9quipier Jairzinho vu de dos avec son num\u00e9ro 7.<\/p>\n\n\n\n<p><img loading=\"lazy\" decoding=\"async\" src=\"https:\/\/information.tv5monde.com\/sites\/info.tv5monde.com\/files\/styles\/large_article\/public\/assets\/images\/FlLs8iQXEAAmYsR.jpg?itok=NPI-_wbB\" width=\"670\" height=\"670\" alt=\"\"><\/p>\n\n\n\n<p>O Globo<\/p>\n\n\n\n<p><strong>00h30 TU. \u201cLe football et le monde pleurent le roi Pel\u00e9\u201d, d\u00e9clare la Fifa.<\/strong><\/p>\n\n\n\n<p>&nbsp;La F\u00e9d\u00e9ration internationale de football (Fifa, sur son site internet): \u00ab\u00a0L&rsquo;immortel, \u00e0 jamais avec nous. Le football et le monde pleurent le roi Pel\u00e9. On le surnomme le Roi et son visage est sans doute l&rsquo;un des plus c\u00e9l\u00e8bres de la plan\u00e8te football. Nomm\u00e9 en son temps plus grand joueur du 20e si\u00e8cle par la FIFA, Pel\u00e9 s&rsquo;est taill\u00e9 une place \u00e0 la mesure de son immense talent dans la l\u00e9gende du football mondial.\u00a0\u00bb<\/p>\n\n\n\n<p>Gianni Infantino (pr\u00e9sident de la F\u00e9d\u00e9ration internationale de football): \u00ab\u00a0<em>Pel\u00e9 avait une pr\u00e9sence magn\u00e9tique (&#8230;) Aujourd&rsquo;hui nous pleurons la perte de sa pr\u00e9sence physique, mais Pel\u00e9 avait atteint depuis longtemps l&rsquo;immortalit\u00e9 et donc il restera parmi nous pour l&rsquo;\u00e9ternit\u00e9<\/em>\u00ab\u00a0.<\/p>\n\n\n\n<p><img loading=\"lazy\" decoding=\"async\" src=\"https:\/\/information.tv5monde.com\/sites\/info.tv5monde.com\/files\/styles\/large_article\/public\/assets\/images\/AP17168623247360.jpg?itok=yWwY7_7x\" width=\"670\" height=\"453\" alt=\"Le pr\u00e9sident russe Vladimir Poutine, \u00e0 la tribune, pour un discours en amont de la coupe des conf\u00e9d\u00e9rations. \u00c0 ses c\u00f4t\u00e9s, le pr\u00e9sident de la FIFA Gianni Infantino et le Roi Pel\u00e9. Russie, 17 juin 2017.&nbsp;\"><\/p>\n\n\n\n<p>Le pr\u00e9sident russe Vladimir Poutine, \u00e0 la tribune, pour un discours en amont de la coupe des conf\u00e9d\u00e9rations. \u00c0 ses c\u00f4t\u00e9s, le pr\u00e9sident de la FIFA Gianni Infantino et le Roi Pel\u00e9. Russie, 17 juin 2017.&nbsp;<\/p>\n\n\n\n<p>AP\/Alexei Druzhinin<\/p>\n\n\n\n<p><em>Ce n&rsquo;est pas difficile de marquer mille buts comme Pel\u00e9: ce qui est difficile, c&rsquo;est de marquer un but comme Pel\u00e9<\/em><br><strong>Carlos Drummond de Andrade, \u00e9crivain (1902-1987).<\/strong><\/p>\n\n\n\n<p><strong>00h00 TU. Pel\u00e9 l\u2019Am\u00e9ricain.&nbsp;<\/strong><\/p>\n\n\n\n<p>Aux \u00c9tats-Unis, pays bien moins port\u00e9 sur le sport roi, le New York Times \u00e9voque la disparition du<em>&nbsp;\u00ab\u00a0visage mondial du soccer\u00a0\u00bb<\/em>, qui&nbsp;<em>\u00ab\u00a0a aid\u00e9 \u00e0 populariser ce sport aux \u00c9tats-Unis\u00a0\u00bb<\/em>, lors de son passage au Cosmos New York (1975-1977).<\/p>\n\n\n\n<p><em>\u00ab\u00a0Le Br\u00e9sil et le monde en deuil: il n&rsquo;y avait qu&rsquo;un Pel\u00e9\u00a0\u00bb<\/em>, reconna\u00eet le Washington Post, sur le site duquel la journaliste sportive Liz Clarke \u00e9crit:&nbsp;<em>\u00ab\u00a0On l&rsquo;a surnomm\u00e9 le roi du football, mais c&rsquo;est l&rsquo;autre surnom de Pel\u00e9 &#8211; la +P\u00e9rola Negra+, ou Perle noire &#8211; qui \u00e9voque le mieux l&rsquo;intelligence rare qu&rsquo;il renfermait dans son petit gabarit\u00a0\u00bb<\/em>.<\/p>\n\n\n\n<p>Pour le journal fran\u00e7ais Le Monde, Pel\u00e9 \u00e9tait tout simplement le &nbsp;\u00ab\u00a0<em>monarque absolu du ballon rond<\/em>\u00ab\u00a0. \u00ab\u00a0<em>O Rei. Le roi, tout simplement. Avec l&rsquo;ensemble de ses attributs. Sa couronne, jamais contest\u00e9e, pas m\u00eame par Cruyff, Platini, Maradona, Zidane, Messi ou Cristiano Ronaldo<\/em>\u00ab\u00a0, avance Bruno Lesprit.<\/p>\n\n\n\n<p><strong>00h00 TU. \u00ab\u00a0\u00c0 jamais le premier\u00a0\u00bb<\/strong><\/p>\n\n\n\n<p>En France, le quotidien Lib\u00e9ration, toujours guett\u00e9 pour sa Une lors des d\u00e9c\u00e8s de personnalit\u00e9s, y propose une photo surprenante. On voit Pel\u00e9 sur un terrain, en short et torse nu, mais un long manteau pos\u00e9 sur les \u00e9paules, et regardant en arri\u00e8re (photo prise \u00e0 Liverpool en 1966 apr\u00e8s un Br\u00e9sil-Portugal).<\/p>\n\n\n\n<p><img loading=\"lazy\" decoding=\"async\" src=\"https:\/\/information.tv5monde.com\/sites\/info.tv5monde.com\/files\/styles\/large_article\/public\/assets\/images\/liberation.750_1.jpg?itok=pcpP7zT6\" width=\"670\" height=\"838\" alt=\"\"><\/p>\n\n\n\n<p>Lib\u00e9ration<\/p>\n\n\n\n<p>Le titre&nbsp;<em>\u00ab\u00a0Seleciao\u00a0\u00bb<\/em>&nbsp;m\u00e9nage un jeu de mots (<em>\u00ab\u00a0Sele\u00e7ao\u00a0\u00bb et tchao<\/em>) et l&rsquo;\u00e9dito de Paul Quinio, titr\u00e9 \u00ab\u00a0<em>A jamais le premier\u00a0\u00bb<\/em>, se pla\u00eet \u00e0 imaginer Pel\u00e9 parachever une \u00ab\u00a0<em>bande des quatre fantastiques<\/em>\u00a0\u00bb avec Diego Maradona, Johan Cruyff et George Best: \u00ab\u00a0<em>Ils sont si diff\u00e9rents, ne se seraient sans doute pas entendus ici bas, dans un vestiaire, mais l&rsquo;all\u00e9gresse, le feu, la tactique, l&rsquo;alcool, se m\u00e9langent l\u00e0 o\u00f9 ils sont d\u00e9sormais dans une harmonie extraterrestre, presque enfantine<\/em>\u00ab\u00a0.<\/p>\n\n\n\n<p>TV5MONDE<\/p>\n\n\n\n<p>Lauriane Nembrot<\/p>\n\n\n\n<p>avec AFP<\/p>\n","protected":false},"excerpt":{"rendered":"<p>Le footballeur br\u00e9silien est d\u00e9c\u00e9d\u00e9 jeudi 29 d\u00e9cembre \u00e0 82 ans. De son vivant, Edson Arantes do Nascimento, dit Pel\u00e9,<\/p>\n","protected":false},"author":1,"featured_media":5527,"comment_status":"open","ping_status":"open","sticky":false,"template":"","format":"standard","meta":{"footnotes":""},"categories":[6],"tags":[],"class_list":["post-5526","post","type-post","status-publish","format-standard","has-post-thumbnail","hentry","category-politics"],"_links":{"self":[{"href":"https:\/\/dekkbi.com\/index.php?rest_route=\/wp\/v2\/posts\/5526","targetHints":{"allow":["GET"]}}],"collection":[{"href":"https:\/\/dekkbi.com\/index.php?rest_route=\/wp\/v2\/posts"}],"about":[{"href":"https:\/\/dekkbi.com\/index.php?rest_route=\/wp\/v2\/types\/post"}],"author":[{"embeddable":true,"href":"https:\/\/dekkbi.com\/index.php?rest_route=\/wp\/v2\/users\/1"}],"replies":[{"embeddable":true,"href":"https:\/\/dekkbi.com\/index.php?rest_route=%2Fwp%2Fv2%2Fcomments&post=5526"}],"version-history":[{"count":1,"href":"https:\/\/dekkbi.com\/index.php?rest_route=\/wp\/v2\/posts\/5526\/revisions"}],"predecessor-version":[{"id":5528,"href":"https:\/\/dekkbi.com\/index.php?rest_route=\/wp\/v2\/posts\/5526\/revisions\/5528"}],"wp:featuredmedia":[{"embeddable":true,"href":"https:\/\/dekkbi.com\/index.php?rest_route=\/wp\/v2\/media\/5527"}],"wp:attachment":[{"href":"https:\/\/dekkbi.com\/index.php?rest_route=%2Fwp%2Fv2%2Fmedia&parent=5526"}],"wp:term":[{"taxonomy":"category","embeddable":true,"href":"https:\/\/dekkbi.com\/index.php?rest_route=%2Fwp%2Fv2%2Fcategories&post=5526"},{"taxonomy":"post_tag","embeddable":true,"href":"https:\/\/dekkbi.com\/index.php?rest_route=%2Fwp%2Fv2%2Ftags&post=5526"}],"curies":[{"name":"wp","href":"https:\/\/api.w.org\/{rel}","templated":true}]}}