{"id":55257,"date":"2025-04-18T09:53:47","date_gmt":"2025-04-18T09:53:47","guid":{"rendered":"https:\/\/dekkbi.com\/?p=55257"},"modified":"2025-04-18T09:53:47","modified_gmt":"2025-04-18T09:53:47","slug":"maison-darret-de-rebeuss-ladministration-penitentiaire-a-arrete-les-visites-de-farba-a-cause-du-flux-incessant","status":"publish","type":"post","link":"https:\/\/dekkbi.com\/?p=55257","title":{"rendered":"Maison d\u2019arr\u00eat de Rebeuss : L\u2019administration p\u00e9nitentiaire a arr\u00eat\u00e9 les visites de Farba \u00e0 cause du flux incessant"},"content":{"rendered":"\n<p>Comme tous les jeudis Farba Ngom continue de recevoir des visites de proches, amis, militants et sympathisants. Hier encore, le maire des Agnam a battu les records de visite \u00e0 Rebeuss. Cette semaine encore, beaucoup d&rsquo;amis,&nbsp; sympathisants, simples curieux et surtout de notables se sont d\u00e9plac\u00e9s jusqu&rsquo;\u00e0 la Maison d&rsquo;arr\u00eat de Rebeuss pour encourager&nbsp;Farba Ngom et lui exprimer leurs solidarit\u00e9 et soutien en cette p\u00e9riode difficile.&nbsp;<\/p>\n\n\n\n<p>C&rsquo;est le cas de Serigne Moustapha Lakram Mback\u00e9 la semaine pass\u00e9e, venu apporter ses pri\u00e8res et sa compassion \u00e0 l&rsquo;honorable d\u00e9put\u00e9-maire des Agnam encore d\u00e9tenu \u00e0 Rebeuss.<\/p>\n\n\n\n<p>Le guide religieux proche de Serigne Mountakha Mback\u00e9, khalife g\u00e9n\u00e9ral des Mourides, a certainement voulu par ce geste, raffermir&nbsp;ses tr\u00e8s solides relations d&rsquo;amiti\u00e9 avec Farba et lui apporter son soutien en ces moments difficiles.&nbsp;<\/p>\n\n\n\n<p>Face \u00e0 cette forte pr\u00e9sence&nbsp;&nbsp;aux alentours de la maison d\u2019arr\u00eat, les autorit\u00e9s de l&rsquo;administration p\u00e9nitentiaire ont \u00e9t\u00e9 oblig\u00e9es d&rsquo;arr\u00eater les visites. Les centaines de militants et parents venus du Fouta n&rsquo;ont pu acc\u00e9der \u00e0 l&rsquo;int\u00e9rieur du fait de l&rsquo;affluence monstre tout autour de la prison. \u00c0 ce rythme, on comprend alors la popularit\u00e9 de Farba qui ne cesse de cro\u00eetre au sein de l&rsquo;opinion et m\u00eame au niveau de l&rsquo;h\u00e9micycle avec le r\u00e9cent t\u00e9moignage de l&rsquo;honorable d\u00e9put\u00e9 Tahirou Sarr qui voit dans l&rsquo;affaire Farba \u00ab&nbsp;une vengeance et un acharnement politique&nbsp;\u00bb.<\/p>\n\n\n\n<p>SOURCE DAKARACTU<\/p>\n","protected":false},"excerpt":{"rendered":"<p>Comme tous les jeudis Farba Ngom continue de recevoir des visites de proches, amis, militants et sympathisants. Hier encore, le<\/p>\n","protected":false},"author":1,"featured_media":52830,"comment_status":"open","ping_status":"open","sticky":false,"template":"","format":"standard","meta":{"footnotes":""},"categories":[26],"tags":[],"class_list":["post-55257","post","type-post","status-publish","format-standard","has-post-thumbnail","hentry","category-fait-divers"],"_links":{"self":[{"href":"https:\/\/dekkbi.com\/index.php?rest_route=\/wp\/v2\/posts\/55257","targetHints":{"allow":["GET"]}}],"collection":[{"href":"https:\/\/dekkbi.com\/index.php?rest_route=\/wp\/v2\/posts"}],"about":[{"href":"https:\/\/dekkbi.com\/index.php?rest_route=\/wp\/v2\/types\/post"}],"author":[{"embeddable":true,"href":"https:\/\/dekkbi.com\/index.php?rest_route=\/wp\/v2\/users\/1"}],"replies":[{"embeddable":true,"href":"https:\/\/dekkbi.com\/index.php?rest_route=%2Fwp%2Fv2%2Fcomments&post=55257"}],"version-history":[{"count":1,"href":"https:\/\/dekkbi.com\/index.php?rest_route=\/wp\/v2\/posts\/55257\/revisions"}],"predecessor-version":[{"id":55258,"href":"https:\/\/dekkbi.com\/index.php?rest_route=\/wp\/v2\/posts\/55257\/revisions\/55258"}],"wp:featuredmedia":[{"embeddable":true,"href":"https:\/\/dekkbi.com\/index.php?rest_route=\/wp\/v2\/media\/52830"}],"wp:attachment":[{"href":"https:\/\/dekkbi.com\/index.php?rest_route=%2Fwp%2Fv2%2Fmedia&parent=55257"}],"wp:term":[{"taxonomy":"category","embeddable":true,"href":"https:\/\/dekkbi.com\/index.php?rest_route=%2Fwp%2Fv2%2Fcategories&post=55257"},{"taxonomy":"post_tag","embeddable":true,"href":"https:\/\/dekkbi.com\/index.php?rest_route=%2Fwp%2Fv2%2Ftags&post=55257"}],"curies":[{"name":"wp","href":"https:\/\/api.w.org\/{rel}","templated":true}]}}