{"id":55249,"date":"2025-04-18T09:47:26","date_gmt":"2025-04-18T09:47:26","guid":{"rendered":"https:\/\/dekkbi.com\/?p=55249"},"modified":"2025-04-18T09:47:26","modified_gmt":"2025-04-18T09:47:26","slug":"financement-des-infrastructures-structurantes-en-afrique-1560-milliards-de-francs-cfa-mobilises-en-2024-dont-380-milliards-injectes-au-senegal","status":"publish","type":"post","link":"https:\/\/dekkbi.com\/?p=55249","title":{"rendered":"Financement des infrastructures structurantes en Afrique : 1560 milliards de francs CFA mobilis\u00e9s en 2024, dont 380 milliards inject\u00e9s au S\u00e9n\u00e9gal"},"content":{"rendered":"\n<p><strong>R\u00e9unis \u00e0 Dakar \u00e0 l\u2019occasion de la 32\u1d49 session ordinaire de leur conseil d\u2019administration, les responsables du Fonds de solidarit\u00e9 africain (FSA) ont pr\u00e9sent\u00e9 les r\u00e9sultats financiers et op\u00e9rationnels de l\u2019institution pour l\u2019ann\u00e9e 2024. Il en ressort que 1 560 milliards de francs CFA ont \u00e9t\u00e9 mobilis\u00e9s au profit des \u00c9tats membres pour le financement de projets structurants, confirmant le r\u00f4le central du FSA dans l\u2019appui au d\u00e9veloppement du continent.<\/strong><\/p>\n\n\n\n<p>Parmi les b\u00e9n\u00e9ficiaires majeurs de ces interventions, le S\u00e9n\u00e9gal s\u2019est vu accorder 380 milliards de francs CFA, soit 10,97 % du volume total des op\u00e9rations de garantie du Fonds. Ce soutien a permis de financer 71 projets, repr\u00e9sentant un volume global de 602 milliards de francs CFA mobilis\u00e9s. Cette session, qui se tient les 17 et 18 avril 2025 \u00e0 Dakar, est consacr\u00e9e \u00e0 plusieurs axes prioritaires, notamment le financement des infrastructures, l\u2019industrialisation, le soutien aux petites et moyennes entreprises, ainsi que la mise en \u0153uvre de l\u2019Agenda 2063 de l\u2019Union africaine. Dans son allocution d\u2019ouverture, le directeur g\u00e9n\u00e9ral du FSA, M. Abdourahmane Diallo, a salu\u00e9 la dynamique actuelle : \u00ab La mise en \u0153uvre des projets en 2024 a permis de mobiliser 1 560 milliards de francs CFA dans nos \u00c9tats membres \u00bb, a-t-il d\u00e9clar\u00e9, soulignant la port\u00e9e structurante de ces financements.<\/p>\n\n\n\n<p><strong>Des performances financi\u00e8res en nette progression<\/strong><\/p>\n\n\n\n<p>Le FSA est aujourd\u2019hui actif dans 17 des 23 pays membres de l\u2019organisation. En 2024, l\u2019institution a enregistr\u00e9 des r\u00e9sultats financiers remarquables, traduisant une gestion rigoureuse et efficace. Le r\u00e9sultat net a progress\u00e9 de plus de 45 %, avec un coefficient d\u2019exploitation maintenu \u00e0 0,49 % au 31 ao\u00fbt 2024. \u00ab Cette performance t\u00e9moigne de notre engagement \u00e0 garantir la solidit\u00e9 financi\u00e8re du Fonds tout en consolidant notre tr\u00e9sorerie \u00bb, a affirm\u00e9 M. Diallo. Parmi les signaux encourageants \u00e9voqu\u00e9s figurent : la note financi\u00e8re attribu\u00e9e par Moody\u2019s ; la notation r\u00e9gionale triple A d\u00e9cern\u00e9e par GCR ; et la note A d\u00e9livr\u00e9e par l\u2019Association des institutions africaines de financement du d\u00e9veloppement.<\/p>\n\n\n\n<p><strong>Le S\u00e9n\u00e9gal, partenaire privil\u00e9gi\u00e9 du FSA<\/strong><\/p>\n\n\n\n<p>Le ministre s\u00e9n\u00e9galais des Finances et du Budget, M. Cheikh Diba, non moins pr\u00e9sident du Conseil d\u2019Administration du FSA S\u00e9n\u00e9gal a salu\u00e9, dans son mot d\u2019ouverture des travaux, l\u2019importance des appuis du FSA en faveur du S\u00e9n\u00e9gal, rappelant que les 71 projets soutenus couvrent des secteurs strat\u00e9giques pour le d\u00e9veloppement \u00e9conomique du pays.<\/p>\n\n\n\n<p>\u00ab L\u2019\u00e9conomie africaine est en pleine mutation et se positionne comme un acteur majeur de la croissance mondiale. Pour accompagner cette dynamique, nos \u00c9tats doivent pouvoir compter sur des instruments solides, \u00e0 la hauteur de leurs ambitions en mati\u00e8re de souverainet\u00e9, de transformation et de d\u00e9veloppement durable \u00bb, a-t-il d\u00e9clar\u00e9.<\/p>\n\n\n\n<p><strong>Une solidarit\u00e9 panafricaine r\u00e9affirm\u00e9e<\/strong><\/p>\n\n\n\n<p>Pr\u00e9sidant les travaux, Jean-Jacques Essono Ngu\u00e9ma, pr\u00e9sident du conseil d\u2019administration du FSA, a r\u00e9affirm\u00e9 l\u2019engagement de l\u2019institution \u00e0 poursuivre son id\u00e9al de solidarit\u00e9 au service du d\u00e9veloppement africain. \u00ab Ensemble, nous continuerons \u00e0 \u0153uvrer pour une croissance inclusive, \u00e0 travers la cr\u00e9ation d\u2019emplois durables, la distribution \u00e9quitable des revenus, le renforcement de la base productive, et l\u2019\u00e9largissement de l\u2019assiette fiscale des \u00c9tats membres. \u00bb Il a \u00e9galement soulign\u00e9 l\u2019enjeu de cette session, qui vise \u00e0 identifier les d\u00e9fis actuels de l\u2019institution et \u00e0 adopter les orientations strat\u00e9giques n\u00e9cessaires \u00e0 son avenir. Cr\u00e9\u00e9 en 1979, le Fonds de solidarit\u00e9 africain \u0153uvre depuis plus de quatre d\u00e9cennies au d\u00e9veloppement \u00e9conomique et social du continent, en offrant des garanties financi\u00e8res, des interventions directes et un accompagnement structurant \u00e0 ses \u00c9tats membres.<\/p>\n\n\n\n<p><strong>JEAN PIERRE MALOU<\/strong><br>SUDQUOTIDIEN<\/p>\n","protected":false},"excerpt":{"rendered":"<p>R\u00e9unis \u00e0 Dakar \u00e0 l\u2019occasion de la 32\u1d49 session ordinaire de leur conseil d\u2019administration, les responsables du Fonds de solidarit\u00e9<\/p>\n","protected":false},"author":1,"featured_media":55250,"comment_status":"open","ping_status":"open","sticky":false,"template":"","format":"standard","meta":{"footnotes":""},"categories":[3],"tags":[],"class_list":["post-55249","post","type-post","status-publish","format-standard","has-post-thumbnail","hentry","category-event-more-news"],"_links":{"self":[{"href":"https:\/\/dekkbi.com\/index.php?rest_route=\/wp\/v2\/posts\/55249","targetHints":{"allow":["GET"]}}],"collection":[{"href":"https:\/\/dekkbi.com\/index.php?rest_route=\/wp\/v2\/posts"}],"about":[{"href":"https:\/\/dekkbi.com\/index.php?rest_route=\/wp\/v2\/types\/post"}],"author":[{"embeddable":true,"href":"https:\/\/dekkbi.com\/index.php?rest_route=\/wp\/v2\/users\/1"}],"replies":[{"embeddable":true,"href":"https:\/\/dekkbi.com\/index.php?rest_route=%2Fwp%2Fv2%2Fcomments&post=55249"}],"version-history":[{"count":1,"href":"https:\/\/dekkbi.com\/index.php?rest_route=\/wp\/v2\/posts\/55249\/revisions"}],"predecessor-version":[{"id":55251,"href":"https:\/\/dekkbi.com\/index.php?rest_route=\/wp\/v2\/posts\/55249\/revisions\/55251"}],"wp:featuredmedia":[{"embeddable":true,"href":"https:\/\/dekkbi.com\/index.php?rest_route=\/wp\/v2\/media\/55250"}],"wp:attachment":[{"href":"https:\/\/dekkbi.com\/index.php?rest_route=%2Fwp%2Fv2%2Fmedia&parent=55249"}],"wp:term":[{"taxonomy":"category","embeddable":true,"href":"https:\/\/dekkbi.com\/index.php?rest_route=%2Fwp%2Fv2%2Fcategories&post=55249"},{"taxonomy":"post_tag","embeddable":true,"href":"https:\/\/dekkbi.com\/index.php?rest_route=%2Fwp%2Fv2%2Ftags&post=55249"}],"curies":[{"name":"wp","href":"https:\/\/api.w.org\/{rel}","templated":true}]}}