{"id":55246,"date":"2025-04-18T09:44:00","date_gmt":"2025-04-18T09:44:00","guid":{"rendered":"https:\/\/dekkbi.com\/?p=55246"},"modified":"2025-04-18T09:44:25","modified_gmt":"2025-04-18T09:44:25","slug":"interdiction-de-sortie-du-territoire-la-notification-exacerbe-la-colere-de-mansour-faye","status":"publish","type":"post","link":"https:\/\/dekkbi.com\/?p=55246","title":{"rendered":"Interdiction de sortie du territoire\u00a0: La notification exacerbe la col\u00e8re de Mansour Faye\u00a0"},"content":{"rendered":"\n<p><strong>L\u2019ancien ministre\u00a0du D\u00e9veloppement communautaire, de l\u2019\u00e9quit\u00e9 sociale et territoriale,\u00a0Mansour Faye, continue de ruer dans les brancards sur son interdiction de sortie du territoire dont la notification a \u00e9t\u00e9 sign\u00e9e par le ministre de l\u2019Int\u00e9rieur, Jean-Baptiste Tine, le 15 avril 2025. Officiellement saisi de la notification qui lui a \u00e9t\u00e9 remise hier par les\u00a0agents de la Division des investigations criminelles (Dic),\u00a0le maire de Saint-Louis dit n\u2019avoir rien \u00e0 se reprocher. Au moment o\u00f9 sont d\u00e9clench\u00e9es les enqu\u00eates sur la gestion du fonds Covid-19, avec l\u2019arrestation d\u2019anciens hauts fonctionnaires de l\u2019Etat.<\/strong><\/p>\n\n\n\n<p>Le bras de fer entre le r\u00e9gime actuel et l\u2019ancien ministre Mansour Faye se poursuit. Un bras de fer provoqu\u00e9 par l\u2019interdiction de sortie du territoire du maire de Saint-Louis jusqu\u2019\u00e0 nouvel ordre dat\u00e9e du 15 avril 2025\u00a0et sign\u00e9e par Jean-Baptiste Tine, le ministre de l\u2019Int\u00e9rieur. Le document paraph\u00e9 par ce\u00a0dernier fait\u00a0\u00a0suite \u00e0 une correspondance du Pro\u00adcureur g\u00e9n\u00e9ral pr\u00e8s la Cour d\u2019appel de Dakar dat\u00e9e du 10 avril 2025, sollicitant une telle mesure.<\/p>\n\n\n\n<p>D\u00e9sormais, ce document officiel pr\u00e9cise que le Directeur g\u00e9n\u00e9ral de la Police nationale ainsi que le Haut-commandant de la Gendarmerie nationale sont charg\u00e9s de son ex\u00e9cution.<\/p>\n\n\n\n<p>R\u00e9agissant avec virulence \u00e0 cette mesure qui le frappe, l\u2019ancien ministre Mansour Faye continue de contester vigoureusement cette d\u00e9cision administrative. Plaidant ainsi\u00a0son innocence dans le cadre de la reddition des comptes, le maire de Saint-Louis admet qu\u2019il\u00a0n\u2019a \u00e9t\u00e9 \u00e9pingl\u00e9 par aucun rapport des corps de contr\u00f4le. Une r\u00e9action faite apr\u00e8s la publication de la notification par lui-m\u00eame sur sa page Facebook.\u00a0\u00abTout \u00e7a pour \u00e7a ! J\u2019en rigole\u2026 Aux professionnels du Droit, aux facult\u00e9s de Droit et autres hommes, femmes de Droit\u2026 vos commentaires, Svp ! Je rappelle ceci : je suis un ancien ministre qui, par l\u2019article 101 de la Constitution, dans l\u2019exercice de ses fonctions, b\u00e9n\u00e9ficie du privil\u00e8ge de juridiction. <\/p>\n\n\n\n<p>Encore une fois, il n\u2019y a aucun rapport des corps de contr\u00f4le de l\u2019Etat qui a demand\u00e9 l\u2019ouverture d\u2019une information judiciaire sur mon humble personne\u00bb, a \u00e9crit, hier, le beau-fr\u00e8re de l\u2019ancien Pr\u00e9sident Macky Sall sur sa page Facebook.\u00a0Et de poursuivre : \u00abAlors, je prie M. le ministre de l\u2019Int\u00e9rieur du gouvernement de Sas \u00abdemi-dieu\u00bb, G\u00e9n\u00e9ral de corps d\u2019Arm\u00e9e, ancien Haut-commandant de la gendarmerie et directeur de la Justice militaire, de me dire et de dire aux S\u00e9n\u00e9galais, quel est le texte en vigueur au S\u00e9n\u00e9gal qui lui donne le droit de me notifier, par arr\u00eat\u00e9, une telle scandaleuse d\u00e9cision, sans aucune forme d\u2019explication ou de justification ?\u00bb Mansour Faye dit \u00eatre victime d\u2019acharnement de la part du r\u00e9gime actuel. \u00abDois-je comprendre que le S\u00e9n\u00e9gal n\u2019est plus un Etat de Droit ? Que nous ne sommes plus en R\u00e9publique ? Ou simplement, l\u2019acharnement que je subis, cache maladroitement une intention malsaine \u00e0 la limite de l\u2019agression cibl\u00e9e ? Les S\u00e9n\u00e9galais voient\u2026 et l\u2019histoire retiendra !\u00bb<\/p>\n\n\n\n<p>L\u2019affaire remonte au 10 mars 2025, lorsque Mansour Faye avait \u00e9t\u00e9 emp\u00each\u00e9 d\u2019embarquer \u00e0 l\u2019A\u00e9roport international Blaise Diagne alors qu\u2019il devait se rendre \u00e0 Djeddah, via la France, au chevet de sa m\u00e8re malade. Cela avait d\u00e9clench\u00e9 la col\u00e8re de sa s\u0153ur, Mar\u00e8me Faye Sall, l\u2019ancienne Premi\u00e8re Dame, qui s\u2019en \u00e9tait offusqu\u00e9e. Quelques jours plus tard, son fr\u00e8re subissait une nouvelle interdiction, cette fois alors qu\u2019il tentait de rejoindre Abidjan par la compagnie Air Ivoire.<br>Le Juge des r\u00e9f\u00e9r\u00e9s libert\u00e9 avait ordonn\u00e9 la lev\u00e9e de l\u2019interdiction de voyage impos\u00e9e \u00e0 Mansour Faye. La notification d\u2019interdiction de sortie lui a \u00e9t\u00e9 officiellement remise\u00a0\u00a0au moment o\u00f9 des enqu\u00eates sont men\u00e9es autour de la gestion du fonds Covid-19, avec l\u2019arrestation d\u2019anciens hauts fonctionnaires de l\u2019Etat.<\/p>\n\n\n\n<p><strong>Par Amadou MBODJI \u2013\u00a0<\/strong> <strong>ambodji@lequotidien.sn\u00a0<\/strong><\/p>\n","protected":false},"excerpt":{"rendered":"<p>L\u2019ancien ministre\u00a0du D\u00e9veloppement communautaire, de l\u2019\u00e9quit\u00e9 sociale et territoriale,\u00a0Mansour Faye, continue de ruer dans les brancards sur son interdiction de<\/p>\n","protected":false},"author":1,"featured_media":54789,"comment_status":"open","ping_status":"open","sticky":false,"template":"","format":"standard","meta":{"footnotes":""},"categories":[21],"tags":[],"class_list":["post-55246","post","type-post","status-publish","format-standard","has-post-thumbnail","hentry","category-societe"],"_links":{"self":[{"href":"https:\/\/dekkbi.com\/index.php?rest_route=\/wp\/v2\/posts\/55246","targetHints":{"allow":["GET"]}}],"collection":[{"href":"https:\/\/dekkbi.com\/index.php?rest_route=\/wp\/v2\/posts"}],"about":[{"href":"https:\/\/dekkbi.com\/index.php?rest_route=\/wp\/v2\/types\/post"}],"author":[{"embeddable":true,"href":"https:\/\/dekkbi.com\/index.php?rest_route=\/wp\/v2\/users\/1"}],"replies":[{"embeddable":true,"href":"https:\/\/dekkbi.com\/index.php?rest_route=%2Fwp%2Fv2%2Fcomments&post=55246"}],"version-history":[{"count":2,"href":"https:\/\/dekkbi.com\/index.php?rest_route=\/wp\/v2\/posts\/55246\/revisions"}],"predecessor-version":[{"id":55248,"href":"https:\/\/dekkbi.com\/index.php?rest_route=\/wp\/v2\/posts\/55246\/revisions\/55248"}],"wp:featuredmedia":[{"embeddable":true,"href":"https:\/\/dekkbi.com\/index.php?rest_route=\/wp\/v2\/media\/54789"}],"wp:attachment":[{"href":"https:\/\/dekkbi.com\/index.php?rest_route=%2Fwp%2Fv2%2Fmedia&parent=55246"}],"wp:term":[{"taxonomy":"category","embeddable":true,"href":"https:\/\/dekkbi.com\/index.php?rest_route=%2Fwp%2Fv2%2Fcategories&post=55246"},{"taxonomy":"post_tag","embeddable":true,"href":"https:\/\/dekkbi.com\/index.php?rest_route=%2Fwp%2Fv2%2Ftags&post=55246"}],"curies":[{"name":"wp","href":"https:\/\/api.w.org\/{rel}","templated":true}]}}