{"id":5521,"date":"2022-12-29T16:23:19","date_gmt":"2022-12-29T16:23:19","guid":{"rendered":"https:\/\/dekkbi.com\/?p=5521"},"modified":"2022-12-29T16:23:20","modified_gmt":"2022-12-29T16:23:20","slug":"linquietude-grandit-dans-le-monde-face-a-la-vague-de-covid-en-chine","status":"publish","type":"post","link":"https:\/\/dekkbi.com\/?p=5521","title":{"rendered":"L&rsquo;inqui\u00e9tude grandit dans le monde face \u00e0 la vague de Covid en Chine"},"content":{"rendered":"\n<p>Trois ans apr\u00e8s l&rsquo;apparition des tout premiers cas de coronavirus \u00e0 Wuhan (centre), la Chine a mis fin sans pr\u00e9avis le 7 d\u00e9cembre \u00e0 sa politique draconienne dite du \u00ab\u00a0z\u00e9ro Covid\u00a0\u00bb.<\/p>\n\n\n\n<p>Elle a permis depuis 2020 \u00e0 la population d&rsquo;\u00eatre largement prot\u00e9g\u00e9e du Covid, gr\u00e2ce \u00e0 des tests de d\u00e9pistage g\u00e9n\u00e9ralis\u00e9s, un suivi strict des d\u00e9placements mais \u00e9galement des confinements et quarantaines obligatoires d\u00e8s la d\u00e9couverte de cas.<\/p>\n\n\n\n<p><a><\/a><a href=\"https:\/\/information.tv5monde.com\/info\/l-inquietude-grandit-dans-le-monde-face-la-vague-de-covid-en-chine-483356#photo1\"><\/a><a href=\"https:\/\/information.tv5monde.com\/video\/jpg\/2441200a-c0fc-40e7-ac65-16462dd68772.jpg\"><\/a><a href=\"https:\/\/information.tv5monde.com\/video\/qt-hi\/2441200a-c0fc-40e7-ac65-16462dd68772.640x360.mp4\"><\/a>Ces mesures draconiennes, qui tenaient le pays largement isol\u00e9 du reste de la plan\u00e8te, ont port\u00e9 un rude coup \u00e0 la deuxi\u00e8me \u00e9conomie mondiale et provoqu\u00e9 en novembre des manifestations de m\u00e9contentement inhabituelles.<\/p>\n\n\n\n<p>Depuis la lev\u00e9e des restrictions, les h\u00f4pitaux chinois sont submerg\u00e9s par une d\u00e9ferlante de malades pour la plupart \u00e2g\u00e9s, et vuln\u00e9rables car peu ou pas vaccin\u00e9s.<\/p>\n\n\n\n<p>En d\u00e9pit du rebond \u00e9pid\u00e9mique, les autorit\u00e9s vont cesser le 8 janvier les quarantaines obligatoires \u00e0 l&rsquo;arriv\u00e9e en Chine, et autoriser les Chinois \u00e0 de nouveau voyager \u00e0 l&rsquo;\u00e9tranger, apr\u00e8s trois ans de frustrations.<\/p>\n\n\n\n<p>Par pr\u00e9caution, les Etats-Unis et plusieurs pays ont annonc\u00e9 qu&rsquo;ils exigeraient des tests PCR n\u00e9gatifs des passagers en provenance de Chine.<\/p>\n\n\n\n<p>Le Japon prendra une mesure similaire d\u00e8s vendredi. En Europe, l&rsquo;Italie, durement frapp\u00e9e par le Covid-19 en 2020, a \u00e9galement annonc\u00e9 des tests obligatoires.<\/p>\n\n\n\n<p>Sans nomm\u00e9 explicitement de pays, P\u00e9kin a appel\u00e9 jeudi \u00e0 privil\u00e9gier des mesures \u00ab\u00a0scientifiques\u00a0\u00bb qui n&rsquo;entravent pas les \u00e9changes humains.<\/p>\n\n\n\n<p>&#8211; \u00ab\u00a0Faits pour salir\u00a0\u00bb &#8211;<\/p>\n\n\n\n<p>La Chine maintient ses fronti\u00e8res largement ferm\u00e9es aux ressortissants \u00e9trangers depuis 2020.<\/p>\n\n\n\n<p>Le pays ne d\u00e9livre plus de visas touristiques depuis bient\u00f4t trois ans et impose une quarantaine obligatoire \u00e0 l&rsquo;arriv\u00e9e. Cette mesure d&rsquo;isolement sera lev\u00e9e le 8 janvier mais un test de d\u00e9pistage de moins de 48H sera toujours exig\u00e9.<\/p>\n\n\n\n<p>En France, le pr\u00e9sident Emmanuel Macron a \u00ab\u00a0demand\u00e9 des mesures adapt\u00e9es de protection\u00a0\u00bb des Fran\u00e7ais au gouvernement.<\/p>\n\n\n\n<p>A Bruxelles, la Commission europ\u00e9enne se r\u00e9unira jeudi pour \u00ab\u00a0discuter (&#8230;) de possibles mesures pour une approche coordonn\u00e9e\u00a0\u00bb des Etats de l&rsquo;UE.<\/p>\n\n\n\n<p>Un porte-parole de la diplomatie chinoise, Wang Wenbin, a fustig\u00e9 jeudi \u00ab\u00a0certains commentaires [&#8230;] faits pour salir (la Chine) et qui ne correspondent pas \u00e0 la r\u00e9alit\u00e9.\u00a0\u00bb<\/p>\n\n\n\n<p>Le porte-parole r\u00e9agissait \u00e0 une question sur la couverture de \u00ab\u00a0certains m\u00e9dias occidentaux\u00a0\u00bb.<\/p>\n\n\n\n<p>A l&rsquo;a\u00e9roport international de P\u00e9kin-Capitale, la plupart des Chinois interrog\u00e9s jeudi par l&rsquo;AFP se montraient compr\u00e9hensifs des mesures prises \u00e0 l&rsquo;\u00e9gard de la Chine.<\/p>\n\n\n\n<p>\u00ab\u00a0Chaque nation a ses propres inqui\u00e9tudes et sa mani\u00e8re de se prot\u00e9ger\u00a0\u00bb, estime Huang Hongxu, 21 ans, soulignant que la propagation possible de nouveaux variants \u00e9tait une source de pr\u00e9occupation.<\/p>\n\n\n\n<p>\u00ab\u00a0Ces mesures ciblant les passagers en provenance de Chine sont temporaires\u00a0\u00bb et justifi\u00e9es par \u00ab\u00a0l&rsquo;inqui\u00e9tude\u00a0\u00bb autour de la r\u00e9ouverture de la Chine, remarque Wu Jing, une P\u00e9kinoise.<\/p>\n\n\n\n<p>&#8211; \u00ab\u00a0Discriminatoire\u00a0\u00bb &#8211;<\/p>\n\n\n\n<p>Un voyageur a pour sa part qualifi\u00e9 ces mesures d'\u00a0\u00bbinutiles\u00a0\u00bb aupr\u00e8s de l&rsquo;AFP.<\/p>\n\n\n\n<p>\u00ab\u00a0C&rsquo;est un peu discriminatoire\u00a0\u00bb, souligne Hu, qui n&rsquo;a pas souhait\u00e9 donner son nom complet.<\/p>\n\n\n\n<p>En Chine, \u00ab\u00a0notre politique Covid pour les arriv\u00e9es internationales est appliqu\u00e9e (de la m\u00eame fa\u00e7on pour tous)\u00a0\u00bb, fait remarquer le jeune homme de 22 ans.<\/p>\n\n\n\n<p>\u00ab\u00a0Pourquoi les autres pays doivent accorder un traitement sp\u00e9cial aux arriv\u00e9es de Chine?\u00a0\u00bb, s&rsquo;interroge-t-il.<\/p>\n\n\n\n<p>Sur le front \u00e9pid\u00e9mique en Chine, les h\u00f4pitaux luttent contre une recrudescence des cas qui touche le plus durement les personnes \u00e2g\u00e9es.<\/p>\n\n\n\n<p>A Shanghai, des journalistes de l&rsquo;AFP ont vu jeudi des patients masqu\u00e9s \u00eatre achemin\u00e9s sur des civi\u00e8res vers un grand h\u00f4pital de la ville. Dans l&rsquo;\u00e9tablissement, un malade s&rsquo;est plaint d&rsquo;avoir attendu quatre heures pour obtenir des m\u00e9dicaments.<\/p>\n\n\n\n<p>A Tianjin (nord), pr\u00e8s de P\u00e9kin, l&rsquo;AFP a vu deux h\u00f4pitaux submerg\u00e9s de patients atteints du Covid. Les m\u00e9decins doivent travailler sans rel\u00e2che m\u00eame s&rsquo;ils sont contamin\u00e9s, a indiqu\u00e9 l&rsquo;un d&rsquo;eux.<\/p>\n\n\n\n<p>En d\u00e9pit du contexte, seuls 5.000 nouveaux cas et un d\u00e9c\u00e8s ont \u00e9t\u00e9 annonc\u00e9s jeudi par le Centre chinois pour le contr\u00f4le et la pr\u00e9vention des maladies (CDC).<\/p>\n\n\n\n<p>Des chiffres qui ne semblent plus refl\u00e9ter la r\u00e9alit\u00e9, les d\u00e9pistages g\u00e9n\u00e9ralis\u00e9s n&rsquo;\u00e9tant d\u00e9sormais plus obligatoires.<video preload=\"auto\" src=\"https:\/\/information.tv5monde.com\/sites\/info.tv5monde.com\/files\/jwplayerfield\/2441200a-c0fc-40e7-ac65-16462dd68772.640x360.mp4\"><\/video>Lire la vid\u00e9o<\/p>\n\n\n\n<p>Par Matthew WALSH et Laurie CHEN, avec Vivian LIN \u00e0 Shanghai<\/p>\n\n\n\n<p><a href=\"https:\/\/information.tv5monde.com\/auteur\/afp\">A<\/a><\/p>\n","protected":false},"excerpt":{"rendered":"<p>Trois ans apr\u00e8s l&rsquo;apparition des tout premiers cas de coronavirus \u00e0 Wuhan (centre), la Chine a mis fin sans pr\u00e9avis<\/p>\n","protected":false},"author":1,"featured_media":2433,"comment_status":"open","ping_status":"open","sticky":false,"template":"","format":"standard","meta":{"footnotes":""},"categories":[51],"tags":[],"class_list":["post-5521","post","type-post","status-publish","format-standard","has-post-thumbnail","hentry","category-general"],"_links":{"self":[{"href":"https:\/\/dekkbi.com\/index.php?rest_route=\/wp\/v2\/posts\/5521","targetHints":{"allow":["GET"]}}],"collection":[{"href":"https:\/\/dekkbi.com\/index.php?rest_route=\/wp\/v2\/posts"}],"about":[{"href":"https:\/\/dekkbi.com\/index.php?rest_route=\/wp\/v2\/types\/post"}],"author":[{"embeddable":true,"href":"https:\/\/dekkbi.com\/index.php?rest_route=\/wp\/v2\/users\/1"}],"replies":[{"embeddable":true,"href":"https:\/\/dekkbi.com\/index.php?rest_route=%2Fwp%2Fv2%2Fcomments&post=5521"}],"version-history":[{"count":1,"href":"https:\/\/dekkbi.com\/index.php?rest_route=\/wp\/v2\/posts\/5521\/revisions"}],"predecessor-version":[{"id":5522,"href":"https:\/\/dekkbi.com\/index.php?rest_route=\/wp\/v2\/posts\/5521\/revisions\/5522"}],"wp:featuredmedia":[{"embeddable":true,"href":"https:\/\/dekkbi.com\/index.php?rest_route=\/wp\/v2\/media\/2433"}],"wp:attachment":[{"href":"https:\/\/dekkbi.com\/index.php?rest_route=%2Fwp%2Fv2%2Fmedia&parent=5521"}],"wp:term":[{"taxonomy":"category","embeddable":true,"href":"https:\/\/dekkbi.com\/index.php?rest_route=%2Fwp%2Fv2%2Fcategories&post=5521"},{"taxonomy":"post_tag","embeddable":true,"href":"https:\/\/dekkbi.com\/index.php?rest_route=%2Fwp%2Fv2%2Ftags&post=5521"}],"curies":[{"name":"wp","href":"https:\/\/api.w.org\/{rel}","templated":true}]}}