{"id":55204,"date":"2025-04-17T11:41:06","date_gmt":"2025-04-17T11:41:06","guid":{"rendered":"https:\/\/dekkbi.com\/?p=55204"},"modified":"2025-04-17T11:41:06","modified_gmt":"2025-04-17T11:41:06","slug":"le-cauchemar-continue-de-nouveau-blesse-neymar-quitte-le-terrain-en-larmes","status":"publish","type":"post","link":"https:\/\/dekkbi.com\/?p=55204","title":{"rendered":"Le cauchemar continue: de nouveau bless\u00e9, Neymar quitte le terrain en larmes"},"content":{"rendered":"\n<p>La fin de carri\u00e8re de Neymar s\u2019apparente \u00e0 un v\u00e9ritable cauchemar. L\u2019attaquant br\u00e9silien s\u2019est \u00e0 nouveau bless\u00e9 \u00e0 la cuisse gauche et a quitt\u00e9 le terrain en larmes mercredi lors d\u2019un match de la quatri\u00e8me journ\u00e9e du championnat du Br\u00e9sil contre l\u2019Atl\u00e9tico Mineiro.<\/p>\n\n\n\n<p>L\u2019ancien joueur du FC Barcelone et du PSG avait d\u00e9j\u00e0 \u00e9t\u00e9 titulaire dans le championnat r\u00e9gional de l\u2019\u00c9tat de Sao Paulo, mais pas encore en Serie A br\u00e9silienne. Il \u00e9tait dans le onze de d\u00e9part pour la premi\u00e8re fois face \u00e0 l\u2019Atl\u00e9tico Mineiro, mais n\u2019a pass\u00e9 que 34 minutes sur le terrain avant de devoir sortir en raison d\u2019une blessure.<\/p>\n\n\n\n<p>Les cam\u00e9ras de t\u00e9l\u00e9vision ont film\u00e9 les rictus de souffrance du joueur apr\u00e8s l\u2019ouverture du score de Santos \u00e0 la 24e minute. L\u2019international br\u00e9silien de 33 ans a re\u00e7u des soins et a d\u2019abord \u00e9t\u00e9 autoris\u00e9 \u00e0 rester sur le terrain, mais il a \u00e9t\u00e9 ensuite remplac\u00e9 par l\u2019Argentin Benjamin Rollheiser dix minutes plus tard. En larmes, Neymar a \u00e9t\u00e9 bruyamment applaudi par ses fans lorsqu\u2019il a quitt\u00e9 ses co\u00e9quipiers.<\/p>\n\n\n\n<p>Neymar a d\u00e9j\u00e0 \u00e9t\u00e9 touch\u00e9 \u00e0 la cuisse gauche le 2 mars dernier lors du quart de finale du championnat de l\u2019\u00c9tat de Sao Paulo contre Bragantino. En raison de cette blessure, l\u2019attaquant a manqu\u00e9 les demi-finales et a \u00e9t\u00e9 retir\u00e9 du groupe de la Sele\u00e7ao pour les matchs de qualification \u00e0 la Coupe du monde 2026 contre la Colombie et l\u2019Argentine.<\/p>\n","protected":false},"excerpt":{"rendered":"<p>La fin de carri\u00e8re de Neymar s\u2019apparente \u00e0 un v\u00e9ritable cauchemar. L\u2019attaquant br\u00e9silien s\u2019est \u00e0 nouveau bless\u00e9 \u00e0 la cuisse<\/p>\n","protected":false},"author":1,"featured_media":55205,"comment_status":"open","ping_status":"open","sticky":false,"template":"","format":"standard","meta":{"footnotes":""},"categories":[9],"tags":[],"class_list":["post-55204","post","type-post","status-publish","format-standard","has-post-thumbnail","hentry","category-sports"],"_links":{"self":[{"href":"https:\/\/dekkbi.com\/index.php?rest_route=\/wp\/v2\/posts\/55204","targetHints":{"allow":["GET"]}}],"collection":[{"href":"https:\/\/dekkbi.com\/index.php?rest_route=\/wp\/v2\/posts"}],"about":[{"href":"https:\/\/dekkbi.com\/index.php?rest_route=\/wp\/v2\/types\/post"}],"author":[{"embeddable":true,"href":"https:\/\/dekkbi.com\/index.php?rest_route=\/wp\/v2\/users\/1"}],"replies":[{"embeddable":true,"href":"https:\/\/dekkbi.com\/index.php?rest_route=%2Fwp%2Fv2%2Fcomments&post=55204"}],"version-history":[{"count":1,"href":"https:\/\/dekkbi.com\/index.php?rest_route=\/wp\/v2\/posts\/55204\/revisions"}],"predecessor-version":[{"id":55206,"href":"https:\/\/dekkbi.com\/index.php?rest_route=\/wp\/v2\/posts\/55204\/revisions\/55206"}],"wp:featuredmedia":[{"embeddable":true,"href":"https:\/\/dekkbi.com\/index.php?rest_route=\/wp\/v2\/media\/55205"}],"wp:attachment":[{"href":"https:\/\/dekkbi.com\/index.php?rest_route=%2Fwp%2Fv2%2Fmedia&parent=55204"}],"wp:term":[{"taxonomy":"category","embeddable":true,"href":"https:\/\/dekkbi.com\/index.php?rest_route=%2Fwp%2Fv2%2Fcategories&post=55204"},{"taxonomy":"post_tag","embeddable":true,"href":"https:\/\/dekkbi.com\/index.php?rest_route=%2Fwp%2Fv2%2Ftags&post=55204"}],"curies":[{"name":"wp","href":"https:\/\/api.w.org\/{rel}","templated":true}]}}