{"id":55183,"date":"2025-04-17T10:45:56","date_gmt":"2025-04-17T10:45:56","guid":{"rendered":"https:\/\/dekkbi.com\/?p=55183"},"modified":"2025-04-17T10:47:49","modified_gmt":"2025-04-17T10:47:49","slug":"apres-lannonce-de-guy-marius-sagna-takku-wallu-monte-au-creneau-et-previent","status":"publish","type":"post","link":"https:\/\/dekkbi.com\/?p=55183","title":{"rendered":"APR\u00c8S L\u2019ANNONCE DE GUY MARIUS SAGNA &#8211; Takku Wallu monte au cr\u00e9neau et pr\u00e9vient"},"content":{"rendered":"\n<p>Apr\u00e8s l\u2019annonce du d\u00e9put\u00e9 Guy Marius Sagna, hier, qui veut le vote d\u2019un projet de mise en accusation du pr\u00e9sident Macky Sall devant la Haute cour de justice, le groupe parlementaire Takku Wallu S\u00e9n\u00e9gal a publi\u00e9 un communiqu\u00e9 pour lui r\u00e9pondre.<\/p>\n\n\n\n<p>Ainsi, il \u2018\u2019s\u2019insurge devant ce \u00e9ni\u00e8me fait d\u2019affirmations gratuites formul\u00e9es par un d\u00e9put\u00e9 de la majorit\u00e9. Il tient \u00e0 attirer l\u2019attention de l\u2019opinion publique nationale comme internationale sur cette grave forfaiture qui avilit et rabaisse la d\u00e9mocratie s\u00e9n\u00e9galaise\u2019\u2019, \u00e9crit la pr\u00e9sidente du groupe parlementaire Takku Wallu Aissata Tall Sall.<\/p>\n\n\n\n<p>Elle souligne que \u2018\u2019c\u2019est bien la premi\u00e8re fois dans l\u2019histoire politique de notre pays, jalonn\u00e9e d\u2019alternances paisibles qu\u2019un nouveau pouvoir cherche, par une violence inou\u00efe et surtout par la manipulation des esprits et des consciences, \u00e0 atteindre un ancien chef d\u2019\u00c9tat, dont tous savent qu\u2019il ne peut \u00eatre poursuivi que pour haute trahison et jamais pour des faits de gestion dont il n\u2019est aucunement responsable\u2019\u2019.<\/p>\n\n\n\n<p>Aissata Tall Sall et ses camarades consid\u00e8rent que \u2018\u2019cette basse man\u0153uvre, destin\u00e9e \u00e0 salir l\u2019image et la r\u00e9putation internationale d\u2019un grand Africain dont le leadership est salu\u00e9 partout dans le monde, sera assur\u00e9ment vou\u00e9e \u00e0 l\u2019\u00e9chec\u2019\u2019.<\/p>\n\n\n\n<p>Car \u2018\u2019le groupe parlementaire Takku Wallu S\u00e9n\u00e9gal engagera tous les moyens n\u00e9cessaires pour faire \u00e9chec \u00e0 cette tentative destructrice de notre mod\u00e8le d\u00e9mocratique et appelle tous les citoyens \u00e9pris de paix \u00e0 se dresser face \u00e0 cette justice de vainqueurs qui est en train de saper gravement notre coh\u00e9sion nationale\u2019\u2019.<\/p>\n\n\n\n<p>SOURCE DAKARACTU<\/p>\n","protected":false},"excerpt":{"rendered":"<p>Apr\u00e8s l\u2019annonce du d\u00e9put\u00e9 Guy Marius Sagna, hier, qui veut le vote d\u2019un projet de mise en accusation du pr\u00e9sident<\/p>\n","protected":false},"author":1,"featured_media":54992,"comment_status":"open","ping_status":"open","sticky":false,"template":"","format":"standard","meta":{"footnotes":""},"categories":[6],"tags":[],"class_list":["post-55183","post","type-post","status-publish","format-standard","has-post-thumbnail","hentry","category-politics"],"_links":{"self":[{"href":"https:\/\/dekkbi.com\/index.php?rest_route=\/wp\/v2\/posts\/55183","targetHints":{"allow":["GET"]}}],"collection":[{"href":"https:\/\/dekkbi.com\/index.php?rest_route=\/wp\/v2\/posts"}],"about":[{"href":"https:\/\/dekkbi.com\/index.php?rest_route=\/wp\/v2\/types\/post"}],"author":[{"embeddable":true,"href":"https:\/\/dekkbi.com\/index.php?rest_route=\/wp\/v2\/users\/1"}],"replies":[{"embeddable":true,"href":"https:\/\/dekkbi.com\/index.php?rest_route=%2Fwp%2Fv2%2Fcomments&post=55183"}],"version-history":[{"count":1,"href":"https:\/\/dekkbi.com\/index.php?rest_route=\/wp\/v2\/posts\/55183\/revisions"}],"predecessor-version":[{"id":55184,"href":"https:\/\/dekkbi.com\/index.php?rest_route=\/wp\/v2\/posts\/55183\/revisions\/55184"}],"wp:featuredmedia":[{"embeddable":true,"href":"https:\/\/dekkbi.com\/index.php?rest_route=\/wp\/v2\/media\/54992"}],"wp:attachment":[{"href":"https:\/\/dekkbi.com\/index.php?rest_route=%2Fwp%2Fv2%2Fmedia&parent=55183"}],"wp:term":[{"taxonomy":"category","embeddable":true,"href":"https:\/\/dekkbi.com\/index.php?rest_route=%2Fwp%2Fv2%2Fcategories&post=55183"},{"taxonomy":"post_tag","embeddable":true,"href":"https:\/\/dekkbi.com\/index.php?rest_route=%2Fwp%2Fv2%2Ftags&post=55183"}],"curies":[{"name":"wp","href":"https:\/\/api.w.org\/{rel}","templated":true}]}}